{"id":4415,"date":"2013-07-28T14:35:37","date_gmt":"2013-07-28T12:35:37","guid":{"rendered":"https:\/\/sv-oberperfuss.at\/rad\/?p=4415"},"modified":"2013-07-28T14:35:37","modified_gmt":"2013-07-28T12:35:37","slug":"einladung-zur-3-bike-ausfahrt-2013","status":"publish","type":"post","link":"https:\/\/sv-oberperfuss.at\/rad\/einladung-zur-3-bike-ausfahrt-2013\/","title":{"rendered":"Einladung zur 3. Bike-Ausfahrt 2013"},"content":{"rendered":"<p>Kommenden Samstag, den 03.08.2013, findet die 3. Ausfahrt der Biker in dieser Saison statt . Es geht ins Obere Gericht, genau gesagt nach Nauders.<\/p>\n<p>Dort wird bei der Talstation des Bergkastlliftes (liegt auf ca. 1.500m) geparkt. Von hier f\u00fchrt die Strecke Richtung S\u00fcden, \u00fcber einen Forstweg zur Mittelstation Bergkastl (ca. 700Hm). Weiter geht es hinunter nach Graun und dem Ufer des Reschensees entlang bis zur Staumauer. Bevor \u00fcber diese auf die andere Talseite gefahren wird, w\u00e4re eine Kaffeepause geplant. Gest\u00e4rkt k\u00f6nnnen dann die ca. 600 vor uns liegenden H\u00f6henmeter \u00fcber eine Asphaltstra\u00dfe in Angriff genommen werden. Es geht hinauf auf ca. 2.100m, dem h\u00f6chsten Punkt dieser Tour. \u00dcber die Reschenalm, bei der eine Mittagspause eingeplant w\u00e4re, gehts dann zur\u00fcck zum Ausgangspunkt.<\/p>\n<p>Insgesamt sind es ca. 45Km und 1.700Hm.<\/p>\n<p>Treffpunkt ist um 07:00 Uhr beim M\u2011Preis Oberperfuss \u2014 bitte im Vorfeld bereits Fahrgemeinschaften bilden! Die R\u00fcckkehr ist um 18:00 Uhr geplant.\u2026.damit man no es Dorffest derpackt!&nbsp;<em><img style=\"margin: 4px 2px 0px;vertical-align: bottom\" title alt src=\"https:\/\/cdn.gmxpro.net\/static\/0\/cdn\/img\/h\/smileys\/default\/s_02-f0b01327.gif\"><\/em><\/p>\n<p>Manni w\u00fcrde sich sehr freuen wenn sich ihm am Samstag viele anschlie\u00dfen w\u00fcrden.\u2026<\/p>\n","protected":false},"excerpt":{"rendered":"<p>Kommenden Samstag, den 03.08.2013, findet die 3. Ausfahrt der Biker in dieser Saison statt . Es geht ins Obere Gericht, genau gesagt nach Nauders. Dort wird bei der Talstation des Bergkastlliftes (liegt auf ca. 1.500m) geparkt. Von hier f\u00fchrt die Strecke Richtung S\u00fcden, \u00fcber einen Forstweg zur Mittelstation Bergkastl (ca. 700Hm). Weiter geht es hinunter&nbsp;[\u2026]<\/p>\n","protected":false},"author":13,"featured_media":0,"comment_status":"open","ping_status":"closed","sticky":false,"template":"","format":"standard","meta":{"wp_typography_post_enhancements_disabled":false},"categories":[1],"tags":[],"_links":{"self":[{"href":"https:\/\/sv-oberperfuss.at\/rad\/wp-json\/wp\/v2\/posts\/4415"}],"collection":[{"href":"https:\/\/sv-oberperfuss.at\/rad\/wp-json\/wp\/v2\/posts"}],"about":[{"href":"https:\/\/sv-oberperfuss.at\/rad\/wp-json\/wp\/v2\/types\/post"}],"author":[{"embeddable":true,"href":"https:\/\/sv-oberperfuss.at\/rad\/wp-json\/wp\/v2\/users\/13"}],"replies":[{"embeddable":true,"href":"https:\/\/sv-oberperfuss.at\/rad\/wp-json\/wp\/v2\/comments?post=4415"}],"version-history":[{"count":2,"href":"https:\/\/sv-oberperfuss.at\/rad\/wp-json\/wp\/v2\/posts\/4415\/revisions"}],"predecessor-version":[{"id":4417,"href":"https:\/\/sv-oberperfuss.at\/rad\/wp-json\/wp\/v2\/posts\/4415\/revisions\/4417"}],"wp:attachment":[{"href":"https:\/\/sv-oberperfuss.at\/rad\/wp-json\/wp\/v2\/media?parent=4415"}],"wp:term":[{"taxonomy":"category","embeddable":true,"href":"https:\/\/sv-oberperfuss.at\/rad\/wp-json\/wp\/v2\/categories?post=4415"},{"taxonomy":"post_tag","embeddable":true,"href":"https:\/\/sv-oberperfuss.at\/rad\/wp-json\/wp\/v2\/tags?post=4415"}],"curies":[{"name":"wp","href":"https:\/\/api.w.org\/{rel}","templated":true}]}}