{"id":4261,"date":"2013-07-11T08:58:05","date_gmt":"2013-07-11T06:58:05","guid":{"rendered":"https:\/\/sv-oberperfuss.at\/rad\/?p=4261"},"modified":"2013-07-14T23:04:55","modified_gmt":"2013-07-14T21:04:55","slug":"24h-radmarathon-grieskirchen-m-kuen-auf-rang-10","status":"publish","type":"post","link":"https:\/\/sv-oberperfuss.at\/rad\/24h-radmarathon-grieskirchen-m-kuen-auf-rang-10\/","title":{"rendered":"24h Radmarathon Grieskirchen \u2014 M.Kuen auf Rang&nbsp;10!!!"},"content":{"rendered":"<p>Was f\u00fcr ein Radevent: Der 24-Stunden-Radmarathon in Grieskirchen ist jedes Jahr ein Veranstaltungshighlight der Extraklasse. Der 12. Radmarathon stand unter dem Zeichen von wechselhaften Wetterbedingungen &nbsp;und einer perfekten Vorstellung unseres&nbsp; Langstreckenspezialist Manfrd Kuen \u2013wohl seine Beste Vorstellung bei seinen vielen Teilnahmen an dieser Veranstaltung.<\/p>\n<p>Weit \u00fcber hundert Einzelstarter &nbsp;(in Summe knapp &nbsp;1300 Athleten\/in allen Wertungen ) fanden sich am 6.+7. Juli in Ober\u00f6sterreich ein.<\/p>\n<p>Die Strecke f\u00fchrt in einem Rundkurs \u00fcber 21,5 km von Grieskirchen \u00fcber Pollham, Richtung St. Marienkirchen und Bad Schallerbach wieder zur\u00fcck auf den Stadtplatz in Grieskirchen.<br>\n173 H\u00f6henmeter werden in einer Runde bew\u00e4ltigt.<\/p>\n<p>Jener Rennfahrer der nach exakt 24 Stunden die meisten Runden und somit Kilometer \u201eam Konto\u201c hat ist der Sieger!<\/p>\n<p>Manfred erreichte am Sonntag um Punkt 12:00 Uhr unglaubliche 34 Runde \u2013 das ergibt 731km und 5880 H\u00f6henmeter und somit den gewaltigen RANG 10 im Gesamtklassement!<\/p>\n<p>Spitze Manfred und Gratulation f\u00fcr diesen Husarenritt!!<\/p>\n<p>Ein beinahe unglaublichen Rekord ist auch gefallen. Erstmals knackte ein Einzelfahren innerhalb des 24 Stunden Zeitfensters&nbsp; 40 Runden und bew\u00e4ltigte damit 860 Kilometer. Christian Gammer vom RC Grieskirchen gelang diese Glanzleistung.<\/p>\n<p>Hier die Ergebnisliste + Homepage:<\/p>\n<p><a href=\"http:\/\/www.rc-grieskirchen.at\/rmg\/\" target=\"_blank\">http:\/\/www.rc-grieskirchen.at\/rmg\/<\/a><\/p>\n<p><a href=\"http:\/\/my2.raceresult.com\/details\/results.php?lang=de&amp;page=6&amp;eventid=17396&amp;contest=1&amp;name=Results|24h%20Endergebnis&amp;format=view\" target=\"_blank\">http:\/\/my2.raceresult.com\/details\/results.php?lang=de&amp;page=6&amp;eventid=17396&amp;contest=1&amp;name=Results|24h%20Endergebnis&amp;format=view<\/a><\/p>\n<p><a href=\"https:\/\/sv-oberperfuss.at\/rad\/files\/2013\/07\/Strecke.jpg\"><img loading=\"lazy\" class=\"alignleft size-full wp-image-4263\" alt=\"Strecke\" src=\"https:\/\/sv-oberperfuss.at\/rad\/files\/2013\/07\/Strecke.jpg\" width=\"752\" height=\"550\" srcset=\"https:\/\/sv-oberperfuss.at\/rad\/files\/2013\/07\/Strecke.jpg 752w, https:\/\/sv-oberperfuss.at\/rad\/files\/2013\/07\/Strecke-300x219.jpg 300w\" sizes=\"(max-width: 752px) 100vw, 752px\"><\/a> <a href=\"https:\/\/sv-oberperfuss.at\/rad\/files\/2013\/07\/241.jpg\"><img loading=\"lazy\" class=\"alignleft size-full wp-image-4265\" alt=\"241\" src=\"https:\/\/sv-oberperfuss.at\/rad\/files\/2013\/07\/241.jpg\" width=\"2048\" height=\"1536\" srcset=\"https:\/\/sv-oberperfuss.at\/rad\/files\/2013\/07\/241.jpg 2048w, https:\/\/sv-oberperfuss.at\/rad\/files\/2013\/07\/241-300x225.jpg 300w, https:\/\/sv-oberperfuss.at\/rad\/files\/2013\/07\/241-1024x768.jpg 1024w\" sizes=\"(max-width: 2048px) 100vw, 2048px\"><\/a> <a href=\"https:\/\/sv-oberperfuss.at\/rad\/files\/2013\/07\/242.jpg\"><img loading=\"lazy\" class=\"alignleft size-full wp-image-4266\" alt=\"242\" src=\"https:\/\/sv-oberperfuss.at\/rad\/files\/2013\/07\/242.jpg\" width=\"2048\" height=\"1536\" srcset=\"https:\/\/sv-oberperfuss.at\/rad\/files\/2013\/07\/242.jpg 2048w, https:\/\/sv-oberperfuss.at\/rad\/files\/2013\/07\/242-300x225.jpg 300w, https:\/\/sv-oberperfuss.at\/rad\/files\/2013\/07\/242-1024x768.jpg 1024w\" sizes=\"(max-width: 2048px) 100vw, 2048px\"><\/a><\/p>\n<p>&nbsp;<\/p>\n","protected":false},"excerpt":{"rendered":"<p>Was f\u00fcr ein Radevent: Der 24-Stunden-Radmarathon in Grieskirchen ist jedes Jahr ein Veranstaltungshighlight der Extraklasse. Der 12. Radmarathon stand unter dem Zeichen von wechselhaften Wetterbedingungen &nbsp;und einer perfekten Vorstellung unseres&nbsp; Langstreckenspezialist Manfrd Kuen \u2013wohl seine Beste Vorstellung bei seinen vielen Teilnahmen an dieser Veranstaltung. Weit \u00fcber hundert Einzelstarter &nbsp;(in Summe knapp &nbsp;1300 Athleten\/in allen Wertungen&nbsp;[\u2026]<\/p>\n","protected":false},"author":30,"featured_media":0,"comment_status":"open","ping_status":"closed","sticky":false,"template":"","format":"standard","meta":{"wp_typography_post_enhancements_disabled":false},"categories":[1],"tags":[],"_links":{"self":[{"href":"https:\/\/sv-oberperfuss.at\/rad\/wp-json\/wp\/v2\/posts\/4261"}],"collection":[{"href":"https:\/\/sv-oberperfuss.at\/rad\/wp-json\/wp\/v2\/posts"}],"about":[{"href":"https:\/\/sv-oberperfuss.at\/rad\/wp-json\/wp\/v2\/types\/post"}],"author":[{"embeddable":true,"href":"https:\/\/sv-oberperfuss.at\/rad\/wp-json\/wp\/v2\/users\/30"}],"replies":[{"embeddable":true,"href":"https:\/\/sv-oberperfuss.at\/rad\/wp-json\/wp\/v2\/comments?post=4261"}],"version-history":[{"count":6,"href":"https:\/\/sv-oberperfuss.at\/rad\/wp-json\/wp\/v2\/posts\/4261\/revisions"}],"predecessor-version":[{"id":4264,"href":"https:\/\/sv-oberperfuss.at\/rad\/wp-json\/wp\/v2\/posts\/4261\/revisions\/4264"}],"wp:attachment":[{"href":"https:\/\/sv-oberperfuss.at\/rad\/wp-json\/wp\/v2\/media?parent=4261"}],"wp:term":[{"taxonomy":"category","embeddable":true,"href":"https:\/\/sv-oberperfuss.at\/rad\/wp-json\/wp\/v2\/categories?post=4261"},{"taxonomy":"post_tag","embeddable":true,"href":"https:\/\/sv-oberperfuss.at\/rad\/wp-json\/wp\/v2\/tags?post=4261"}],"curies":[{"name":"wp","href":"https:\/\/api.w.org\/{rel}","templated":true}]}}