{"id":3389,"date":"2013-01-03T11:26:32","date_gmt":"2013-01-03T09:26:32","guid":{"rendered":"https:\/\/sv-oberperfuss.at\/rad\/?p=3389"},"modified":"2013-01-06T11:31:29","modified_gmt":"2013-01-06T09:31:29","slug":"top-skitourenwettkampf-im-sudtirolerischen-vals-durch-rco-athlet-herburger-mario","status":"publish","type":"post","link":"https:\/\/sv-oberperfuss.at\/rad\/top-skitourenwettkampf-im-sudtirolerischen-vals-durch-rco-athlet-herburger-mario\/","title":{"rendered":"Top Skitourenwettkampf im s\u00fcdtirolerischen Vals durch RCO Athlet Herburger Mario"},"content":{"rendered":"<p>Unsere RCO Rennasse&nbsp; lassen nat\u00fcrlich auch den Winter nicht tatenlos vor\u00fcbergehen \u2013 st\u00e4ndig \u201eim Training bleiben\u201c hei\u00dft die Devise \u2013 was eignet sich neben \u201eder Rolle\u201c gleicherma\u00dfen gut? Nat\u00fcrlich Skitourenwettk\u00e4mpfe!<\/p>\n<p>Sehr stark besetzt war der Skitourenwettkampf in Vals\/Jochberg (ITA), der als erstes Rennen im Rahmen des \u201eEisacktal Cups\u201c (in Summe &nbsp;5 Rennen) am 29.12.2012 ausgetragen wurde.<\/p>\n<p>Nat\u00fcrlich hat auch ein RCO Athlet daran teilgenommen \u2013 <strong>Herburger Mario<\/strong> verzeichnete wohl einen sehr gelungenen Saisonstart, erreichte auf den 3200 Pistenmeter bzw. 632 H\u00f6henmetern eine hervorragende &nbsp;Zeit von 29min30sec und belegte in seiner Klasse den 2. Rang \u2013 eine Topplatzierung.<\/p>\n<p>Herzliche Gratulation von Seiten des&nbsp;RCO<\/p>\n<p>Ergebnisliste Klassen: <a href=\"http:\/\/www.sv-gossensass.org\/wp-content\/uploads\/2012\/12\/Skiup12mK.pdf\">http:\/\/www.sv-gossensass.org\/wp-content\/uploads\/2012\/12\/Skiup12mK.pdf<\/a><\/p>\n<p>PS: Man darf schon auf die Leistungen beim Heimrennen, dem 1. RCO Nightrace auf die Rosskogelh\u00fctte, gespannt sein. Da ist einiges zu erwarten, nicht nur von&nbsp;Mario\u2026.<\/p>\n<p>&nbsp;<\/p>\n","protected":false},"excerpt":{"rendered":"<p>Unsere RCO Rennasse&nbsp; lassen nat\u00fcrlich auch den Winter nicht tatenlos vor\u00fcbergehen \u2013 st\u00e4ndig \u201eim Training bleiben\u201c hei\u00dft die Devise \u2013 was eignet sich neben \u201eder Rolle\u201c gleicherma\u00dfen gut? Nat\u00fcrlich Skitourenwettk\u00e4mpfe! Sehr stark besetzt war der Skitourenwettkampf in Vals\/Jochberg (ITA), der als erstes Rennen im Rahmen des \u201eEisacktal Cups\u201c (in Summe &nbsp;5 Rennen) am 29.12.2012 ausgetragen&nbsp;[\u2026]<\/p>\n","protected":false},"author":30,"featured_media":0,"comment_status":"open","ping_status":"closed","sticky":false,"template":"","format":"standard","meta":{"wp_typography_post_enhancements_disabled":false},"categories":[1],"tags":[],"_links":{"self":[{"href":"https:\/\/sv-oberperfuss.at\/rad\/wp-json\/wp\/v2\/posts\/3389"}],"collection":[{"href":"https:\/\/sv-oberperfuss.at\/rad\/wp-json\/wp\/v2\/posts"}],"about":[{"href":"https:\/\/sv-oberperfuss.at\/rad\/wp-json\/wp\/v2\/types\/post"}],"author":[{"embeddable":true,"href":"https:\/\/sv-oberperfuss.at\/rad\/wp-json\/wp\/v2\/users\/30"}],"replies":[{"embeddable":true,"href":"https:\/\/sv-oberperfuss.at\/rad\/wp-json\/wp\/v2\/comments?post=3389"}],"version-history":[{"count":4,"href":"https:\/\/sv-oberperfuss.at\/rad\/wp-json\/wp\/v2\/posts\/3389\/revisions"}],"predecessor-version":[{"id":3392,"href":"https:\/\/sv-oberperfuss.at\/rad\/wp-json\/wp\/v2\/posts\/3389\/revisions\/3392"}],"wp:attachment":[{"href":"https:\/\/sv-oberperfuss.at\/rad\/wp-json\/wp\/v2\/media?parent=3389"}],"wp:term":[{"taxonomy":"category","embeddable":true,"href":"https:\/\/sv-oberperfuss.at\/rad\/wp-json\/wp\/v2\/categories?post=3389"},{"taxonomy":"post_tag","embeddable":true,"href":"https:\/\/sv-oberperfuss.at\/rad\/wp-json\/wp\/v2\/tags?post=3389"}],"curies":[{"name":"wp","href":"https:\/\/api.w.org\/{rel}","templated":true}]}}