{"id":3373,"date":"2013-01-04T20:20:55","date_gmt":"2013-01-04T18:20:55","guid":{"rendered":"https:\/\/sv-oberperfuss.at\/rad\/?p=3373"},"modified":"2013-01-22T13:42:26","modified_gmt":"2013-01-22T11:42:26","slug":"1-rangger-kopfl-trophy-skitouren-night-race-am-25-01-2013","status":"publish","type":"post","link":"https:\/\/sv-oberperfuss.at\/rad\/1-rangger-kopfl-trophy-skitouren-night-race-am-25-01-2013\/","title":{"rendered":"1. Rangger K\u00f6pfl-Trophy \u2014 Skitouren Night Race am 25.01.2013"},"content":{"rendered":"<p>Die Rangger K\u00f6pfl-Trophy ist ein reines Aufstiegsrennen und findet heuer zum ersten Mal statt. Bisher wurde die Stiglreith-Trophy veranstaltet, bei der es zwei Aufstiege und eine Abfahrt zu meistern galt.<\/p>\n<p>Das Wichtigste zur Rangger K\u00f6pfl-Trophy kann der <strong><a href=\"https:\/\/sv-oberperfuss.at\/rad\/files\/2012\/12\/Plakat-2013-rangger-k\u00f6pfl-trophy.png\" target=\"_blank\">AUSSCHREIBUNG<\/a><\/strong> entnommen werden.<\/p>\n<p>&nbsp;<\/p>\n<p><strong>Streckenbeschreibung:<\/strong><\/p>\n<p>Die Strecke folgt in ihrem gesamten Verlauf der pr\u00e4parierten Schipiste.<\/p>\n<p>Nach dem Start steigt die Strecke \u00fcber die sogenannten Kreithwiesen (ca. 300 Hm) sehr steil an. Danach flacht die Strecke bis Stiglreith (1360 m) etwas ab. Zwischen Stiglreith und dem Restaurant Sulzstich(1540 m) folgt ein Flachst\u00fcck, bei dem ca. 200 Hm zu \u00fcberwinden sind. Ab Sulzstich sind dann noch die letzten 300 Hm steil ansteigend bis zum Ziel bei der Rosskogelh\u00fctte in einer Seeh\u00f6he von 1778 m zu \u00fcberwinden.<\/p>\n<p>&nbsp;<\/p>\n<p><a href=\"https:\/\/sv-oberperfuss.at\/rad\/files\/2012\/12\/Streckenplan-Night-Race.jpg\"><img loading=\"lazy\" src=\"https:\/\/sv-oberperfuss.at\/rad\/files\/2012\/12\/Streckenplan-Night-Race.jpg\" alt width=\"909\" height=\"679\"><\/a><\/p>\n<div>&nbsp;<\/div>\n<div>&nbsp;<\/div>\n<div>&nbsp;<\/div>\n<div>Alles weitere Wissenswerte \u00fcber die Rangger K\u00f6pfl-Trophy sind bitte den <a href=\"https:\/\/sv-oberperfuss.at\/rad\/files\/2013\/01\/Programm-2013-2.pdf\" target=\"_blank\">INFORMATIONEN ZUR VERANSTALTUNG<\/a> zu entnehmen.<\/div>\n<p>&nbsp;<\/p>\n<p>!!! NEU !!! NEU !!! NEU !!! <strong>2 Disziplinen 1 Wertung<\/strong> !!! NEU !!! NEU !!!&nbsp;NEU&nbsp;!!!<\/p>\n<p>Ab heuer gibt es eine Kombinationswertung aus einem Radrennen und einem Schitourenrennen. Die Zeiten aus beiden Rennen werden addiert \u2014 die schnellste Zeit gewinnt! Das Radrennen, die Stiglreith-Trophy fand bereits am 18.08.2012 statt. <strong>All jene, die sich im Zuge der Anmeldung f\u00fcr das Radrennen schon f\u00fcr die Gesamtwertung angemeldet haben, sind beim Schitourenrennen automatisch auf der Startliste!!!<\/strong><\/p>\n<p>&nbsp;<\/p>\n<p>Wer also Lust hat den Oberperfer Hausberg unter Konkurrenz zu bezwingen, kann sich sofort hier anmelden.<\/p>\n<p><strong>Anmeldeformular:<\/strong><\/p>\n<div role=\"form\" class=\"wpcf7\" id=\"wpcf7-f2686-o1\" dir=\"ltr\">\n<div class=\"screen-reader-response\"><p role=\"status\" aria-live=\"polite\" aria-atomic=\"true\"><\/p> <ul><\/ul><\/div>\n<form action=\"\/rad\/wp-json\/wp\/v2\/posts\/3373#wpcf7-f2686-o1\" method=\"post\" class=\"wpcf7-form init\" novalidate=\"novalidate\" data-status=\"init\">\n<div style=\"display: none;\">\n<input type=\"hidden\" name=\"_wpcf7\" value=\"2686\">\n<input type=\"hidden\" name=\"_wpcf7_version\" value=\"5.5.3\">\n<input type=\"hidden\" name=\"_wpcf7_locale\" value>\n<input type=\"hidden\" name=\"_wpcf7_unit_tag\" value=\"wpcf7-f2686-o1\">\n<input type=\"hidden\" name=\"_wpcf7_container_post\" value=\"0\">\n<input type=\"hidden\" name=\"_wpcf7_posted_data_hash\" value>\n<\/div>\n<p>Nachname:            <span class=\"wpcf7-form-control-wrap text-454\"><input type=\"text\" name=\"text-454\" value size=\"40\" class=\"wpcf7-form-control wpcf7-text wpcf7-validates-as-required\" aria-required=\"true\" aria-invalid=\"false\"><\/span><\/p>\n<p>Vorname:             <span class=\"wpcf7-form-control-wrap text-876\"><input type=\"text\" name=\"text-876\" value size=\"40\" class=\"wpcf7-form-control wpcf7-text wpcf7-validates-as-required\" aria-required=\"true\" aria-invalid=\"false\"><\/span><\/p>\n<p>Geburtsdatum:        <span class=\"wpcf7-form-control-wrap text-432\"><input type=\"text\" name=\"text-432\" value size=\"40\" class=\"wpcf7-form-control wpcf7-text wpcf7-validates-as-required\" aria-required=\"true\" aria-invalid=\"false\"><\/span><\/p>\n<p>Team\/Verein\/Wohnort: <span class=\"wpcf7-form-control-wrap text-73\"><input type=\"text\" name=\"text-73\" value size=\"40\" class=\"wpcf7-form-control wpcf7-text wpcf7-validates-as-required\" aria-required=\"true\" aria-invalid=\"false\"><\/span><\/p>\n<p>Nationalit\u00e4t:<br>\n<span class=\"wpcf7-form-control-wrap radio-396\"><span class=\"wpcf7-form-control wpcf7-radio\"><span class=\"wpcf7-list-item first\"><input type=\"radio\" name=\"radio-396\" value=\"AUT\" checked=\"checked\"><span class=\"wpcf7-list-item-label\">AUT<\/span><\/span><span class=\"wpcf7-list-item\"><input type=\"radio\" name=\"radio-396\" value=\"GER\"><span class=\"wpcf7-list-item-label\">GER<\/span><\/span><span class=\"wpcf7-list-item\"><input type=\"radio\" name=\"radio-396\" value=\"ITA\"><span class=\"wpcf7-list-item-label\">ITA<\/span><\/span><span class=\"wpcf7-list-item last\"><input type=\"radio\" name=\"radio-396\" value=\"andere Nation\"><span class=\"wpcf7-list-item-label\">andere Nation<\/span><\/span><\/span><\/span> (bitte im Anmerkungsfeld erg\u00e4nzen)<\/p>\n<p>e\u2011mail Adresse:      <span class=\"wpcf7-form-control-wrap email-169\"><input type=\"email\" name=\"email-169\" value size=\"40\" class=\"wpcf7-form-control wpcf7-text wpcf7-email wpcf7-validates-as-email\" aria-invalid=\"false\"><\/span>  (f\u00fcr eventuelle Kontaktaufnahme)<\/p>\n<p>Anmerkung\/Mitteilung an den Veranstalter<br>\n<span class=\"wpcf7-form-control-wrap textarea-381\"><textarea name=\"textarea-381\" cols=\"40\" rows=\"10\" class=\"wpcf7-form-control wpcf7-textarea\" aria-invalid=\"false\"><\/textarea><\/span><\/p>\n<p><span class=\"wpcf7-form-control-wrap acceptance-676\"><span class=\"wpcf7-form-control wpcf7-acceptance\"><span class=\"wpcf7-list-item\"><input type=\"checkbox\" name=\"acceptance-676\" value=\"1\" aria-invalid=\"false\"><\/span><\/span><\/span> Hiermit erkl\u00e4re ich mich mit den allgemeinen Bestimmungen zum Rennen einverstanden.<\/p>\n<p><input type=\"submit\" value=\"anmelden\" class=\"wpcf7-form-control has-spinner wpcf7-submit\"><\/p>\n<p style=\"display: none !important;\"><label>\u0394<textarea name=\"_wpcf7_ak_hp_textarea\" cols=\"45\" rows=\"8\" maxlength=\"100\"><\/textarea><\/label><input type=\"hidden\" id=\"ak_js\" name=\"_wpcf7_ak_js\" value=\"20\"><script>document.getElementById( \"ak_js\" ).setAttribute( \"value\", ( new Date() ).getTime() );<\/script><\/p><div class=\"wpcf7-response-output\" aria-hidden=\"true\"><\/div><\/form><\/div>\n","protected":false},"excerpt":{"rendered":"<p>Die Rangger K\u00f6pfl-Trophy ist ein reines Aufstiegsrennen und findet heuer zum ersten Mal statt. Bisher wurde die Stiglreith-Trophy veranstaltet, bei der es zwei Aufstiege und eine Abfahrt zu meistern galt. Das Wichtigste zur Rangger K\u00f6pfl-Trophy kann der AUSSCHREIBUNG entnommen werden. &nbsp; Streckenbeschreibung: Die Strecke folgt in ihrem gesamten Verlauf der pr\u00e4parierten Schipiste. Nach dem&nbsp;Start&nbsp;[\u2026]<\/p>\n","protected":false},"author":30,"featured_media":0,"comment_status":"open","ping_status":"closed","sticky":false,"template":"","format":"standard","meta":{"wp_typography_post_enhancements_disabled":false},"categories":[1],"tags":[],"_links":{"self":[{"href":"https:\/\/sv-oberperfuss.at\/rad\/wp-json\/wp\/v2\/posts\/3373"}],"collection":[{"href":"https:\/\/sv-oberperfuss.at\/rad\/wp-json\/wp\/v2\/posts"}],"about":[{"href":"https:\/\/sv-oberperfuss.at\/rad\/wp-json\/wp\/v2\/types\/post"}],"author":[{"embeddable":true,"href":"https:\/\/sv-oberperfuss.at\/rad\/wp-json\/wp\/v2\/users\/30"}],"replies":[{"embeddable":true,"href":"https:\/\/sv-oberperfuss.at\/rad\/wp-json\/wp\/v2\/comments?post=3373"}],"version-history":[{"count":9,"href":"https:\/\/sv-oberperfuss.at\/rad\/wp-json\/wp\/v2\/posts\/3373\/revisions"}],"predecessor-version":[{"id":3430,"href":"https:\/\/sv-oberperfuss.at\/rad\/wp-json\/wp\/v2\/posts\/3373\/revisions\/3430"}],"wp:attachment":[{"href":"https:\/\/sv-oberperfuss.at\/rad\/wp-json\/wp\/v2\/media?parent=3373"}],"wp:term":[{"taxonomy":"category","embeddable":true,"href":"https:\/\/sv-oberperfuss.at\/rad\/wp-json\/wp\/v2\/categories?post=3373"},{"taxonomy":"post_tag","embeddable":true,"href":"https:\/\/sv-oberperfuss.at\/rad\/wp-json\/wp\/v2\/tags?post=3373"}],"curies":[{"name":"wp","href":"https:\/\/api.w.org\/{rel}","templated":true}]}}