{"id":3277,"date":"2012-11-12T21:02:52","date_gmt":"2012-11-12T19:02:52","guid":{"rendered":"https:\/\/sv-oberperfuss.at\/rad\/?p=3277"},"modified":"2012-11-12T21:20:26","modified_gmt":"2012-11-12T19:20:26","slug":"abschluss-der-saison-2012","status":"publish","type":"post","link":"https:\/\/sv-oberperfuss.at\/rad\/abschluss-der-saison-2012\/","title":{"rendered":"Abschluss der Saison 2012"},"content":{"rendered":"<p>Mit der Saisonabschlussfeier am vergangenen Freitag im Caf\u00e8 Restaurant Klei\u00dfl fand das Vereinsjahr 2012 einen w\u00fcrdigen Abschluss. Wie die Jahre zuvor war auch die heurige Saison wieder mit vielen tollen Erfolgen unserer Mitglieder gespickt. Herausheben m\u00f6chte ich dabei den Erfolg der Vereinsmeister. Die heurige Vereinsmeisterschaft wurde am 18.08.2012 im Zuge der Stiglreith-Trophy ausgetragen. Unsere zwei Schnellsten waren Kartin Triendl und Helmut Praxmarer, die im Rahmen der Abschlussfeier daf\u00fcr mit sch\u00f6nen Troph\u00e4en geehrt wurden.<\/p>\n<p><a href=\"https:\/\/sv-oberperfuss.at\/rad\/files\/2012\/11\/Vereinsmeister-2012.jpg\"><img loading=\"lazy\" class=\"alignnone size-full wp-image-3278\" src=\"https:\/\/sv-oberperfuss.at\/rad\/files\/2012\/11\/Vereinsmeister-2012.jpg\" alt width=\"640\" height=\"483\" srcset=\"https:\/\/sv-oberperfuss.at\/rad\/files\/2012\/11\/Vereinsmeister-2012.jpg 640w, https:\/\/sv-oberperfuss.at\/rad\/files\/2012\/11\/Vereinsmeister-2012-300x226.jpg 300w\" sizes=\"(max-width: 640px) 100vw, 640px\"><\/a><\/p>\n<p>Dazu, und auch zu den Leistungen aller anderen Mitglieder gratuliert die Sektion recht herzlich. Doch sie m\u00f6chte nicht nur Gratulationen aussprechen, sie m\u00f6chte sich auch bedanken \u2014 f\u00fcr die Disziplin, den Zusammenhalt aber auch f\u00fcr einen gesunden Ehrgeiz eines jeden einzelnen. Dies sind die Zutaten f\u00fcr ein harmonisches und aktives Vereinsleben. Ein gro\u00dfes Dankesch\u00f6n gilt nat\u00fcrlich auch unseren Sponsoren, ohne denen die Sektion nicht \u00fcberleben k\u00f6nnte.<\/p>\n<p>Die, wie eingangs erw\u00e4hnte Saisonabschlussfeier war zugleich auch die Jahreshauptversammlung 2012. Neben den Punkten Bericht des Obmanns oder Allf\u00e4lliges, fand man auf der Tagesordnung auch jenen der Neuwahlen. Kaum zu glauben, doch die Sektion Rad besteht bereits seit drei Jahren. Viele der Gedanken bzw. Vorstellungen des Gr\u00fcndungsvorstandes konnten in dieser kurzen Vereinsgeschichte schon verwirklicht werden. Doch es scheint, die Ideen waren zu zahlreich, denn einige sind in Ihrer Umsetzung noch ausst\u00e4ndig. Da man selbst Angefangenes auch selbst zu Ende bringen muss, sah sich der alte Vorstand verpflichtet seine eigenen \u201cHirngespinste\u201d aufzuarbeiten bzw. in die Realit\u00e4t umzusetzen und verl\u00e4ngerte daher um eine weitere Funktionsperiode. Wir freuen uns jetzt schon wieder auf viele sch\u00f6ne, gemeinsame, erfolgreiche und unfallfreie Stunden auf unseren Drahteseln.<\/p>\n","protected":false},"excerpt":{"rendered":"<p>Mit der Saisonabschlussfeier am vergangenen Freitag im Caf\u00e8 Restaurant Klei\u00dfl fand das Vereinsjahr 2012 einen w\u00fcrdigen Abschluss. Wie die Jahre zuvor war auch die heurige Saison wieder mit vielen tollen Erfolgen unserer Mitglieder gespickt. Herausheben m\u00f6chte ich dabei den Erfolg der Vereinsmeister. Die heurige Vereinsmeisterschaft wurde am 18.08.2012 im Zuge der Stiglreith-Trophy ausgetragen. Unsere zwei&nbsp;[\u2026]<\/p>\n","protected":false},"author":13,"featured_media":0,"comment_status":"open","ping_status":"closed","sticky":false,"template":"","format":"standard","meta":{"wp_typography_post_enhancements_disabled":false},"categories":[1],"tags":[],"_links":{"self":[{"href":"https:\/\/sv-oberperfuss.at\/rad\/wp-json\/wp\/v2\/posts\/3277"}],"collection":[{"href":"https:\/\/sv-oberperfuss.at\/rad\/wp-json\/wp\/v2\/posts"}],"about":[{"href":"https:\/\/sv-oberperfuss.at\/rad\/wp-json\/wp\/v2\/types\/post"}],"author":[{"embeddable":true,"href":"https:\/\/sv-oberperfuss.at\/rad\/wp-json\/wp\/v2\/users\/13"}],"replies":[{"embeddable":true,"href":"https:\/\/sv-oberperfuss.at\/rad\/wp-json\/wp\/v2\/comments?post=3277"}],"version-history":[{"count":9,"href":"https:\/\/sv-oberperfuss.at\/rad\/wp-json\/wp\/v2\/posts\/3277\/revisions"}],"predecessor-version":[{"id":3287,"href":"https:\/\/sv-oberperfuss.at\/rad\/wp-json\/wp\/v2\/posts\/3277\/revisions\/3287"}],"wp:attachment":[{"href":"https:\/\/sv-oberperfuss.at\/rad\/wp-json\/wp\/v2\/media?parent=3277"}],"wp:term":[{"taxonomy":"category","embeddable":true,"href":"https:\/\/sv-oberperfuss.at\/rad\/wp-json\/wp\/v2\/categories?post=3277"},{"taxonomy":"post_tag","embeddable":true,"href":"https:\/\/sv-oberperfuss.at\/rad\/wp-json\/wp\/v2\/tags?post=3277"}],"curies":[{"name":"wp","href":"https:\/\/api.w.org\/{rel}","templated":true}]}}