{"id":2605,"date":"2012-07-31T20:27:40","date_gmt":"2012-07-31T18:27:40","guid":{"rendered":"https:\/\/sv-oberperfuss.at\/rad\/?p=2605"},"modified":"2012-07-31T21:41:16","modified_gmt":"2012-07-31T19:41:16","slug":"3-stiglreith-trophy-18-08-2012","status":"publish","type":"post","link":"https:\/\/sv-oberperfuss.at\/rad\/3-stiglreith-trophy-18-08-2012\/","title":{"rendered":"3. Stiglreith-Trophy \u2014 18.08.2012"},"content":{"rendered":"<p>&nbsp;<\/p>\n<p>Die Stiglreith-Trophy z\u00e4hlt mittlerweile schon zu einem Fixtermin im Kalender der Tiroler Bergradrennen.<\/p>\n<p>Heuer findet sie zum dritten Mal statt. Das Wichtigste dazu kann der <a href=\"https:\/\/sv-oberperfuss.at\/rad\/files\/2012\/07\/Ausschreibung.pdf\" target=\"_blank\">Ausschreibung<\/a> entnommen werden.<\/p>\n<p>Auf der sechs Kilometer langen Strecke, von Oberperfuss nach Stiglreith, wird den Fahrern alles abverlangt. Dabei ist der erste Abschnitt relativ \u201cfein\u201d zu fahren. Doch auf dem Zweiten geht es dann so richtig zur Sache. Da hei\u00dft es alle Kr\u00e4fte zu mobilisieren. Insgesamt sind 550 H\u00f6henmeter zu bew\u00e4ltigen. Den Streckenrekord h\u00e4lt derzeit Oberndorfer Richard mit einer Zeit von 20:54,05 min..<\/p>\n<p>Das genaue Streckenprofil:&nbsp;<a href=\"https:\/\/sv-oberperfuss.at\/rad\/files\/2012\/07\/Streckenprofil.jpg\"><img loading=\"lazy\" class=\"alignnone size-full wp-image-2705\" src=\"https:\/\/sv-oberperfuss.at\/rad\/files\/2012\/07\/Streckenprofil.jpg\" alt width=\"631\" height=\"470\" srcset=\"https:\/\/sv-oberperfuss.at\/rad\/files\/2012\/07\/Streckenprofil.jpg 631w, https:\/\/sv-oberperfuss.at\/rad\/files\/2012\/07\/Streckenprofil-300x223.jpg 300w\" sizes=\"(max-width: 631px) 100vw, 631px\"><\/a><\/p>\n<p>oder hier als Link: <a href=\"http:\/\/www.bikemap.net\/route\/1738153#lat=47.238060404849&amp;lng=11.233775000001&amp;zoom=15&amp;maptype=ts_terrain\" target=\"_blank\">Stiglreith Trophy<\/a><\/p>\n<p>!!! NEU !!! NEU !!! NEU !!! <strong>2 Disziplinen 1 Wertung<\/strong> !!! NEU !!! NEU !!!&nbsp;NEU&nbsp;!!!<\/p>\n<p>Ab heuer gibt es eine Kombinationswertung aus diesem Radrennen und einem Schitourenrennen. Die Zeiten aus beiden Rennen werden addiert \u2014 die schnellste Zeit gewinnt! Voraussichtlich wird das Schitourenrennen im J\u00e4nner 2013 stattfinden. Das reine Aufstiegsrennen wird auf der Strecke von der Talstation der Bergbahnen Oberperfuss zur Rosskogelh\u00fctte (1.000 Hm) ausgetragen.<\/p>\n<p>Alles Wissenswerte \u00fcber diese beiden Veranstaltungen, besonders das Radrennen, sind bitte den <a href=\"https:\/\/sv-oberperfuss.at\/rad\/files\/2012\/07\/Informationen-zur-Veranstaltung.pdf\">Informationen zur Veranstaltung<\/a> zu entnehmen. Die Infos zum Schitourenrennen werden rechtzeitig bekannt gegeben.<\/p>\n<p>&nbsp;<\/p>\n<p>Wer also Lust hat den Oberperfer Hausberg unter Konkurrenz zu bezwingen, kann sich sofort hier anmelden.<\/p>\n<p><strong>Anmeldeformular<\/strong><\/p>\n<div role=\"form\" class=\"wpcf7\" id=\"wpcf7-f2686-o1\" dir=\"ltr\">\n<div class=\"screen-reader-response\"><p role=\"status\" aria-live=\"polite\" aria-atomic=\"true\"><\/p> <ul><\/ul><\/div>\n<form action=\"\/rad\/wp-json\/wp\/v2\/posts\/2605#wpcf7-f2686-o1\" method=\"post\" class=\"wpcf7-form init\" novalidate=\"novalidate\" data-status=\"init\">\n<div style=\"display: none;\">\n<input type=\"hidden\" name=\"_wpcf7\" value=\"2686\">\n<input type=\"hidden\" name=\"_wpcf7_version\" value=\"5.5.3\">\n<input type=\"hidden\" name=\"_wpcf7_locale\" value>\n<input type=\"hidden\" name=\"_wpcf7_unit_tag\" value=\"wpcf7-f2686-o1\">\n<input type=\"hidden\" name=\"_wpcf7_container_post\" value=\"0\">\n<input type=\"hidden\" name=\"_wpcf7_posted_data_hash\" value>\n<\/div>\n<p>Nachname:            <span class=\"wpcf7-form-control-wrap text-454\"><input type=\"text\" name=\"text-454\" value size=\"40\" class=\"wpcf7-form-control wpcf7-text wpcf7-validates-as-required\" aria-required=\"true\" aria-invalid=\"false\"><\/span><\/p>\n<p>Vorname:             <span class=\"wpcf7-form-control-wrap text-876\"><input type=\"text\" name=\"text-876\" value size=\"40\" class=\"wpcf7-form-control wpcf7-text wpcf7-validates-as-required\" aria-required=\"true\" aria-invalid=\"false\"><\/span><\/p>\n<p>Geburtsdatum:        <span class=\"wpcf7-form-control-wrap text-432\"><input type=\"text\" name=\"text-432\" value size=\"40\" class=\"wpcf7-form-control wpcf7-text wpcf7-validates-as-required\" aria-required=\"true\" aria-invalid=\"false\"><\/span><\/p>\n<p>Team\/Verein\/Wohnort: <span class=\"wpcf7-form-control-wrap text-73\"><input type=\"text\" name=\"text-73\" value size=\"40\" class=\"wpcf7-form-control wpcf7-text wpcf7-validates-as-required\" aria-required=\"true\" aria-invalid=\"false\"><\/span><\/p>\n<p>Nationalit\u00e4t:<br>\n<span class=\"wpcf7-form-control-wrap radio-396\"><span class=\"wpcf7-form-control wpcf7-radio\"><span class=\"wpcf7-list-item first\"><input type=\"radio\" name=\"radio-396\" value=\"AUT\" checked=\"checked\"><span class=\"wpcf7-list-item-label\">AUT<\/span><\/span><span class=\"wpcf7-list-item\"><input type=\"radio\" name=\"radio-396\" value=\"GER\"><span class=\"wpcf7-list-item-label\">GER<\/span><\/span><span class=\"wpcf7-list-item\"><input type=\"radio\" name=\"radio-396\" value=\"ITA\"><span class=\"wpcf7-list-item-label\">ITA<\/span><\/span><span class=\"wpcf7-list-item last\"><input type=\"radio\" name=\"radio-396\" value=\"andere Nation\"><span class=\"wpcf7-list-item-label\">andere Nation<\/span><\/span><\/span><\/span> (bitte im Anmerkungsfeld erg\u00e4nzen)<\/p>\n<p>e\u2011mail Adresse:      <span class=\"wpcf7-form-control-wrap email-169\"><input type=\"email\" name=\"email-169\" value size=\"40\" class=\"wpcf7-form-control wpcf7-text wpcf7-email wpcf7-validates-as-email\" aria-invalid=\"false\"><\/span>  (f\u00fcr eventuelle Kontaktaufnahme)<\/p>\n<p>Anmerkung\/Mitteilung an den Veranstalter<br>\n<span class=\"wpcf7-form-control-wrap textarea-381\"><textarea name=\"textarea-381\" cols=\"40\" rows=\"10\" class=\"wpcf7-form-control wpcf7-textarea\" aria-invalid=\"false\"><\/textarea><\/span><\/p>\n<p><span class=\"wpcf7-form-control-wrap acceptance-676\"><span class=\"wpcf7-form-control wpcf7-acceptance\"><span class=\"wpcf7-list-item\"><input type=\"checkbox\" name=\"acceptance-676\" value=\"1\" aria-invalid=\"false\"><\/span><\/span><\/span> Hiermit erkl\u00e4re ich mich mit den allgemeinen Bestimmungen zum Rennen einverstanden.<\/p>\n<p><input type=\"submit\" value=\"anmelden\" class=\"wpcf7-form-control has-spinner wpcf7-submit\"><\/p>\n<p style=\"display: none !important;\"><label>\u0394<textarea name=\"_wpcf7_ak_hp_textarea\" cols=\"45\" rows=\"8\" maxlength=\"100\"><\/textarea><\/label><input type=\"hidden\" id=\"ak_js\" name=\"_wpcf7_ak_js\" value=\"53\"><script>document.getElementById( \"ak_js\" ).setAttribute( \"value\", ( new Date() ).getTime() );<\/script><\/p><div class=\"wpcf7-response-output\" aria-hidden=\"true\"><\/div><\/form><\/div>\n","protected":false},"excerpt":{"rendered":"<p>&nbsp; Die Stiglreith-Trophy z\u00e4hlt mittlerweile schon zu einem Fixtermin im Kalender der Tiroler Bergradrennen. Heuer findet sie zum dritten Mal statt. Das Wichtigste dazu kann der Ausschreibung entnommen werden. Auf der sechs Kilometer langen Strecke, von Oberperfuss nach Stiglreith, wird den Fahrern alles abverlangt. Dabei ist der erste Abschnitt relativ \u201cfein\u201d zu fahren. Doch&nbsp;auf&nbsp;[\u2026]<\/p>\n","protected":false},"author":13,"featured_media":0,"comment_status":"open","ping_status":"closed","sticky":false,"template":"","format":"standard","meta":{"wp_typography_post_enhancements_disabled":false},"categories":[1],"tags":[],"_links":{"self":[{"href":"https:\/\/sv-oberperfuss.at\/rad\/wp-json\/wp\/v2\/posts\/2605"}],"collection":[{"href":"https:\/\/sv-oberperfuss.at\/rad\/wp-json\/wp\/v2\/posts"}],"about":[{"href":"https:\/\/sv-oberperfuss.at\/rad\/wp-json\/wp\/v2\/types\/post"}],"author":[{"embeddable":true,"href":"https:\/\/sv-oberperfuss.at\/rad\/wp-json\/wp\/v2\/users\/13"}],"replies":[{"embeddable":true,"href":"https:\/\/sv-oberperfuss.at\/rad\/wp-json\/wp\/v2\/comments?post=2605"}],"version-history":[{"count":42,"href":"https:\/\/sv-oberperfuss.at\/rad\/wp-json\/wp\/v2\/posts\/2605\/revisions"}],"predecessor-version":[{"id":2717,"href":"https:\/\/sv-oberperfuss.at\/rad\/wp-json\/wp\/v2\/posts\/2605\/revisions\/2717"}],"wp:attachment":[{"href":"https:\/\/sv-oberperfuss.at\/rad\/wp-json\/wp\/v2\/media?parent=2605"}],"wp:term":[{"taxonomy":"category","embeddable":true,"href":"https:\/\/sv-oberperfuss.at\/rad\/wp-json\/wp\/v2\/categories?post=2605"},{"taxonomy":"post_tag","embeddable":true,"href":"https:\/\/sv-oberperfuss.at\/rad\/wp-json\/wp\/v2\/tags?post=2605"}],"curies":[{"name":"wp","href":"https:\/\/api.w.org\/{rel}","templated":true}]}}