{"id":1905,"date":"2011-12-20T20:58:07","date_gmt":"2011-12-20T18:58:07","guid":{"rendered":"https:\/\/sv-oberperfuss.at\/rad\/?p=1905"},"modified":"2011-12-23T11:03:51","modified_gmt":"2011-12-23T09:03:51","slug":"das-jahr-2011","status":"publish","type":"post","link":"https:\/\/sv-oberperfuss.at\/rad\/das-jahr-2011\/","title":{"rendered":"Das Jahr&nbsp;2011"},"content":{"rendered":"<p>\u2026und schon wieder neigt sich ein weiteres Jahr dem Ende zu \u2014 das Dritte in der Geschichte der Sektion Rad. Es war ein anstrengendes, abwechslungsreiches, erfolgreiches und im Gro\u00dfen und Ganzen auch ein unfallfreies Jahr&nbsp;2011.<\/p>\n<p>Wie viele von euch wahrscheinlich schon wissen, sind einige unserer Mitglieder nicht nur auf dem Rad sehr schnell sondern auch auf zwei Brettln. So fand Anfang des Jahres, genau gesagt am 29.01.2011, zum wiederholten Male das Schitourenrennen nach Stiglreith statt. Dieser, von der Sektion, ausgetragene Bewerb erfuhr von allen Seiten ein positives Echo \u2014 vielen Dank daf\u00fcr. Unsere Sch\u00fctzlinge zeigten nicht nur bei diesem Heimbewerb auf, auch bei der Wildsau-Staffel in Praxmar konnten sie Spitzenplatzierungen erzielen. Gratulation!<\/p>\n<p>Im April hie\u00df es dann auf den Drahtesel zu wechseln. Es ist die Zeit zum Einradln gekommen. Nach ein paar gem\u00fctlich absolvierten Radkilometern&nbsp; standen ab Mai die \u201cdeftigen Touren\u201d am Programm. Diese wurden von unseren Spezialisten Brida Anton, Gutheinz Andreas und Haider Klaus geplant. Vielen Dank f\u00fcr euer Bem\u00fchen! Der erste Ausflug ging zu unseren s\u00fcdlichen Nachbarn. Dort waren der Gampen- und der Mendelpass zu bezwingen. Eine anstrengende Runde mit wundersch\u00f6nem Ausblick auf Bozen. Zwei Wochen sp\u00e4ter statteten wir den Bayern einen Besuch ab. Sieben Seen auf einmal. Wie festgestellt werden konnte, ist dies eine absolute Damen-Tour! Im Juni gab es zwei Runden in den Dolomiten. Zuerst die anspruchsvolle Brenta-Tour und anschlie\u00dfend die&nbsp; Genusstour rund um den Sella- Stock. Nach diesen und anderen kleineren Trainingseinheiten starteten 16 Mitglieder am Tannheimer Radmarathon. Dieses Rennen stellte den Vereinsmarathon in dieser Saison dar. Die dabei erbrachten Leistungen k\u00f6nnen sich sehen lassen. Nach einer kurzen Pause mit unseren Touren war im August die Zillertaler H\u00f6henstra\u00dfe geplant. Ein Muss f\u00fcr jeden Radfahrer. Zuvor aber veranstaltete Prantner Manfred einen Radtag f\u00fcr die Oberperfer Pensionisten. Das Ziel war die Umrundung des Kronplatzes in S\u00fcdtirol. Manni, ein herzliches Dankesch\u00f6n daf\u00fcr. Am 20.08.2011 f\u00fchrten wir unsere Vereinsmeisterschaft durch. Den Sieg holte sich bei den Damen Triendl Katrin und bei den Herren Praxmarer Helmut. Gratulation allen Teilnehmern, besonders unseren Vereinsmeistern 2011. Zum Abschluss dieser kr\u00e4fteraubenden Saison ging es im September noch f\u00fcr zwei Tage an den Gardasee. Dabei wurden die Stra\u00dfen rund um den Monte Baldo unsicher gemacht. Den tats\u00e4chlichen Abschluss der Saison 2011 bildete jedoch der Kameradschaftsabend am 25.11.2011 im Caf\u00e8 Restaurant Klei\u00dfl. Wir lie\u00dfen das Jahr revue passieren, sprachen aber bereits schon \u00fcber die kommende Saison. \u00dcber anfallende \u00c4nderungen bzw. Neuerungen das n\u00e4chste Mal&nbsp;mehr.<\/p>\n<p>Wir m\u00f6chten uns bei unseren Sponsoren f\u00fcr die finanzielle Unterst\u00fctzung, unseren Mitgliedern f\u00fcr die gute Zusammenarbeit und Beteiligung bei den verschiedensten Veranstaltungen sowie bei allen freiwilligen Helfern, die uns immer wieder unter die Arme greifen, herzlichst bedanken.<\/p>\n<p><strong>Die Sektion Rad w\u00fcnscht allen frohe Weihnachten und ein gutes neues&nbsp;Jahr!<\/strong><\/p>\n<p>&nbsp;<\/p>\n<p>Ausschnitte aus dem Vereinsjahr 2011.\u2026<\/p>\n\n\t\t<style type=\"text\/css\">\n\t\t\t#gallery-1 {\n\t\t\t\tmargin: auto;\n\t\t\t}\n\t\t\t#gallery-1 .gallery-item {\n\t\t\t\tfloat: left;\n\t\t\t\tmargin-top: 10px;\n\t\t\t\ttext-align: center;\n\t\t\t\twidth: 33%;\n\t\t\t}\n\t\t\t#gallery-1 img {\n\t\t\t\tborder: 2px solid #cfcfcf;\n\t\t\t}\n\t\t\t#gallery-1 .gallery-caption {\n\t\t\t\tmargin-left: 0;\n\t\t\t}\n\t\t\t\/* see gallery_shortcode() in wp-includes\/media.php *\/\n\t\t<\/style>\n\t\t<div id=\"gallery-1\" class=\"gallery galleryid-1905 gallery-columns-3 gallery-size-thumbnail\"><dl class=\"gallery-item\">\n\t\t\t<dt class=\"gallery-icon landscape\">\n\t\t\t\t<a href=\"https:\/\/sv-oberperfuss.at\/rad\/files\/2011\/12\/Brenta1.jpg\"><img width=\"150\" height=\"150\" src=\"https:\/\/sv-oberperfuss.at\/rad\/files\/2011\/12\/Brenta1-150x150.jpg\" class=\"attachment-thumbnail size-thumbnail\" alt loading=\"lazy\"><\/a>\n\t\t\t<\/dt><\/dl><dl class=\"gallery-item\">\n\t\t\t<dt class=\"gallery-icon landscape\">\n\t\t\t\t<a href=\"https:\/\/sv-oberperfuss.at\/rad\/files\/2011\/12\/Gampen2.jpg\"><img width=\"150\" height=\"150\" src=\"https:\/\/sv-oberperfuss.at\/rad\/files\/2011\/12\/Gampen2-150x150.jpg\" class=\"attachment-thumbnail size-thumbnail\" alt loading=\"lazy\"><\/a>\n\t\t\t<\/dt><\/dl><dl class=\"gallery-item\">\n\t\t\t<dt class=\"gallery-icon portrait\">\n\t\t\t\t<a href=\"https:\/\/sv-oberperfuss.at\/rad\/files\/2011\/12\/Mariastein2.jpg\"><img width=\"150\" height=\"150\" src=\"https:\/\/sv-oberperfuss.at\/rad\/files\/2011\/12\/Mariastein2-150x150.jpg\" class=\"attachment-thumbnail size-thumbnail\" alt loading=\"lazy\"><\/a>\n\t\t\t<\/dt><\/dl><br style=\"clear: both\"><dl class=\"gallery-item\">\n\t\t\t<dt class=\"gallery-icon landscape\">\n\t\t\t\t<a href=\"https:\/\/sv-oberperfuss.at\/rad\/files\/2011\/12\/Monte-Baldo2.jpg\"><img width=\"150\" height=\"150\" src=\"https:\/\/sv-oberperfuss.at\/rad\/files\/2011\/12\/Monte-Baldo2-150x150.jpg\" class=\"attachment-thumbnail size-thumbnail\" alt loading=\"lazy\"><\/a>\n\t\t\t<\/dt><\/dl><dl class=\"gallery-item\">\n\t\t\t<dt class=\"gallery-icon landscape\">\n\t\t\t\t<a href=\"https:\/\/sv-oberperfuss.at\/rad\/files\/2011\/12\/Sella11.jpg\"><img width=\"150\" height=\"150\" src=\"https:\/\/sv-oberperfuss.at\/rad\/files\/2011\/12\/Sella11-150x150.jpg\" class=\"attachment-thumbnail size-thumbnail\" alt loading=\"lazy\"><\/a>\n\t\t\t<\/dt><\/dl><dl class=\"gallery-item\">\n\t\t\t<dt class=\"gallery-icon landscape\">\n\t\t\t\t<a href=\"https:\/\/sv-oberperfuss.at\/rad\/files\/2011\/12\/Sella21.jpg\"><img width=\"150\" height=\"150\" src=\"https:\/\/sv-oberperfuss.at\/rad\/files\/2011\/12\/Sella21-150x150.jpg\" class=\"attachment-thumbnail size-thumbnail\" alt loading=\"lazy\"><\/a>\n\t\t\t<\/dt><\/dl><br style=\"clear: both\"><dl class=\"gallery-item\">\n\t\t\t<dt class=\"gallery-icon landscape\">\n\t\t\t\t<a href=\"https:\/\/sv-oberperfuss.at\/rad\/files\/2011\/12\/Sieben-Seen1.jpg\"><img width=\"150\" height=\"150\" src=\"https:\/\/sv-oberperfuss.at\/rad\/files\/2011\/12\/Sieben-Seen1-150x150.jpg\" class=\"attachment-thumbnail size-thumbnail\" alt loading=\"lazy\"><\/a>\n\t\t\t<\/dt><\/dl><dl class=\"gallery-item\">\n\t\t\t<dt class=\"gallery-icon landscape\">\n\t\t\t\t<a href=\"https:\/\/sv-oberperfuss.at\/rad\/files\/2011\/12\/VM-20111.jpg\"><img width=\"150\" height=\"150\" src=\"https:\/\/sv-oberperfuss.at\/rad\/files\/2011\/12\/VM-20111-150x150.jpg\" class=\"attachment-thumbnail size-thumbnail\" alt loading=\"lazy\"><\/a>\n\t\t\t<\/dt><\/dl><dl class=\"gallery-item\">\n\t\t\t<dt class=\"gallery-icon landscape\">\n\t\t\t\t<a href=\"https:\/\/sv-oberperfuss.at\/rad\/files\/2011\/12\/DSC029061.jpg\"><img width=\"150\" height=\"150\" src=\"https:\/\/sv-oberperfuss.at\/rad\/files\/2011\/12\/DSC029061-150x150.jpg\" class=\"attachment-thumbnail size-thumbnail\" alt loading=\"lazy\"><\/a>\n\t\t\t<\/dt><\/dl><br style=\"clear: both\"><dl class=\"gallery-item\">\n\t\t\t<dt class=\"gallery-icon landscape\">\n\t\t\t\t<a href=\"https:\/\/sv-oberperfuss.at\/rad\/files\/2011\/12\/DSC022671.jpg\"><img width=\"150\" height=\"150\" src=\"https:\/\/sv-oberperfuss.at\/rad\/files\/2011\/12\/DSC022671-150x150.jpg\" class=\"attachment-thumbnail size-thumbnail\" alt loading=\"lazy\"><\/a>\n\t\t\t<\/dt><\/dl>\n\t\t\t<br style=\"clear: both\">\n\t\t<\/div>\n\n<p>&nbsp;<\/p>\n","protected":false},"excerpt":{"rendered":"<p>\u2026und schon wieder neigt sich ein weiteres Jahr dem Ende zu \u2014 das Dritte in der Geschichte der Sektion Rad. Es war ein anstrengendes, abwechslungsreiches, erfolgreiches und im Gro\u00dfen und Ganzen auch ein unfallfreies Jahr&nbsp;2011. Wie viele von euch wahrscheinlich schon wissen, sind einige unserer Mitglieder nicht nur auf dem Rad sehr schnell sondern auch&nbsp;[\u2026]<\/p>\n","protected":false},"author":13,"featured_media":0,"comment_status":"open","ping_status":"closed","sticky":false,"template":"","format":"standard","meta":{"wp_typography_post_enhancements_disabled":false},"categories":[1],"tags":[],"_links":{"self":[{"href":"https:\/\/sv-oberperfuss.at\/rad\/wp-json\/wp\/v2\/posts\/1905"}],"collection":[{"href":"https:\/\/sv-oberperfuss.at\/rad\/wp-json\/wp\/v2\/posts"}],"about":[{"href":"https:\/\/sv-oberperfuss.at\/rad\/wp-json\/wp\/v2\/types\/post"}],"author":[{"embeddable":true,"href":"https:\/\/sv-oberperfuss.at\/rad\/wp-json\/wp\/v2\/users\/13"}],"replies":[{"embeddable":true,"href":"https:\/\/sv-oberperfuss.at\/rad\/wp-json\/wp\/v2\/comments?post=1905"}],"version-history":[{"count":9,"href":"https:\/\/sv-oberperfuss.at\/rad\/wp-json\/wp\/v2\/posts\/1905\/revisions"}],"predecessor-version":[{"id":1923,"href":"https:\/\/sv-oberperfuss.at\/rad\/wp-json\/wp\/v2\/posts\/1905\/revisions\/1923"}],"wp:attachment":[{"href":"https:\/\/sv-oberperfuss.at\/rad\/wp-json\/wp\/v2\/media?parent=1905"}],"wp:term":[{"taxonomy":"category","embeddable":true,"href":"https:\/\/sv-oberperfuss.at\/rad\/wp-json\/wp\/v2\/categories?post=1905"},{"taxonomy":"post_tag","embeddable":true,"href":"https:\/\/sv-oberperfuss.at\/rad\/wp-json\/wp\/v2\/tags?post=1905"}],"curies":[{"name":"wp","href":"https:\/\/api.w.org\/{rel}","templated":true}]}}