{"id":1384,"date":"2011-04-29T17:54:55","date_gmt":"2011-04-29T15:54:55","guid":{"rendered":"https:\/\/sv-oberperfuss.at\/rad\/?p=1384"},"modified":"2011-04-29T17:54:55","modified_gmt":"2011-04-29T15:54:55","slug":"ausfahrt-am-1-mai-anderung","status":"publish","type":"post","link":"https:\/\/sv-oberperfuss.at\/rad\/ausfahrt-am-1-mai-anderung\/","title":{"rendered":"Ausfahrt am 1. Mai \u2014 \u00c4NDERUNG"},"content":{"rendered":"<p>Hallo Radler<\/p>\n<p>Wetterbedingt \u00e4ndern wir f\u00fcr Sonntag 1.Mai das Ausfahrtsziel.<\/p>\n<p>Da f\u00fcr Sonntag in Bayern Schlechtwetter prognostiziert wird, fahren wir nach S\u00fcdtirol. Das Ausweichprogramm ist die Runde Gampen- und Mendelpass. Es besteht die M\u00f6glichkeit diese Rund zu vereinfachen!<\/p>\n<p>Die Bayerntour wird sicher einmal nachgeholt!<\/p>\n<p>Treffpunkt: 07:30 Uhr Brangeralm<\/p>\n<p>&nbsp;<\/p>\n<p>&nbsp;<\/p>\n","protected":false},"excerpt":{"rendered":"<p>Hallo Radler Wetterbedingt \u00e4ndern wir f\u00fcr Sonntag 1.Mai das Ausfahrtsziel. Da f\u00fcr Sonntag in Bayern Schlechtwetter prognostiziert wird, fahren wir nach S\u00fcdtirol. Das Ausweichprogramm ist die Runde Gampen- und Mendelpass. Es besteht die M\u00f6glichkeit diese Rund zu vereinfachen! Die Bayerntour wird sicher einmal nachgeholt! Treffpunkt: 07:30 Uhr Brangeralm&nbsp;<\/p>\n","protected":false},"author":30,"featured_media":0,"comment_status":"open","ping_status":"closed","sticky":false,"template":"","format":"standard","meta":{"wp_typography_post_enhancements_disabled":false},"categories":[1],"tags":[],"_links":{"self":[{"href":"https:\/\/sv-oberperfuss.at\/rad\/wp-json\/wp\/v2\/posts\/1384"}],"collection":[{"href":"https:\/\/sv-oberperfuss.at\/rad\/wp-json\/wp\/v2\/posts"}],"about":[{"href":"https:\/\/sv-oberperfuss.at\/rad\/wp-json\/wp\/v2\/types\/post"}],"author":[{"embeddable":true,"href":"https:\/\/sv-oberperfuss.at\/rad\/wp-json\/wp\/v2\/users\/30"}],"replies":[{"embeddable":true,"href":"https:\/\/sv-oberperfuss.at\/rad\/wp-json\/wp\/v2\/comments?post=1384"}],"version-history":[{"count":2,"href":"https:\/\/sv-oberperfuss.at\/rad\/wp-json\/wp\/v2\/posts\/1384\/revisions"}],"predecessor-version":[{"id":1386,"href":"https:\/\/sv-oberperfuss.at\/rad\/wp-json\/wp\/v2\/posts\/1384\/revisions\/1386"}],"wp:attachment":[{"href":"https:\/\/sv-oberperfuss.at\/rad\/wp-json\/wp\/v2\/media?parent=1384"}],"wp:term":[{"taxonomy":"category","embeddable":true,"href":"https:\/\/sv-oberperfuss.at\/rad\/wp-json\/wp\/v2\/categories?post=1384"},{"taxonomy":"post_tag","embeddable":true,"href":"https:\/\/sv-oberperfuss.at\/rad\/wp-json\/wp\/v2\/tags?post=1384"}],"curies":[{"name":"wp","href":"https:\/\/api.w.org\/{rel}","templated":true}]}}