{"id":12413,"date":"2018-06-22T21:31:13","date_gmt":"2018-06-22T19:31:13","guid":{"rendered":"https:\/\/sv-oberperfuss.at\/rad\/?p=12413"},"modified":"2018-06-22T21:54:35","modified_gmt":"2018-06-22T19:54:35","slug":"halltalexpress-bzw-bobbahnsprint-hans-riegler-voll-im-geschehen","status":"publish","type":"post","link":"https:\/\/sv-oberperfuss.at\/rad\/halltalexpress-bzw-bobbahnsprint-hans-riegler-voll-im-geschehen\/","title":{"rendered":"Halltalexpress bzw. Bobbahnsprint \u2014 Hans Riegler voll im Geschehen"},"content":{"rendered":"<p>&nbsp;<\/p>\n<p><strong>Herausforderung Halltalexpress <\/strong><\/p>\n<p>Eine Steigung von 32% und Temperaturen um die 30 Grad schreckten unsere Sportler \u2013 <strong>Riegler Hans, Lorenz Helmut &amp; Steger Christopher<\/strong> \u2013 nicht im Geringsten ab.<br>\nDer Radclub Oberperfuss darf sich Teil der 16. Auflage des Teamklassikers nennen &amp; &nbsp;sich zus\u00e4tzlich \u00fcber Spitzenplatzierungen und herausragende Leistungen freuen.<\/p>\n<p>Das Duo \u201e<strong>Ranggerk\u00f6pflexpress<\/strong>\u201c mit L\u00e4ufer <strong>Lorenz Helli<\/strong> und Radler <strong>Riegler Hans<\/strong>, schafften den <strong>3. Platz i<\/strong>n ihrer Altersklasse (ab 91 Jahre). Dabei haben sich die beiden nicht nur perfekt erg\u00e4nzt, sondern waren mit beachtlichen 34 (34:49 Riegler) bzw. 35 (35:19 Lorenz) Minuten auch noch fast gleich schnell.<br>\nVerst\u00e4rkt wurde der RC Oberperfuss durch <strong>Steger Christopher<\/strong>, der sich auch unter die 134 gestarteten Biker &amp; L\u00e4ufer mischte. Der fanatische Hobbysportler und sein Kollege Josef Leitgeb starteten unter dem Namen \u201e<strong>Bergfreind<\/strong>\u201c , deren Bezeichnung wohl im wahrsten Sinne des Wortes auf beide Athleten zutrifft. Fast zeitgleich mit Riegler Hans erreichte er das Ziel mit einer Zeit von <strong>34:44 Minuten,<\/strong> wo er mit knapp 5 Sekunden die Nase bzw. das Rad vorne hatte. &nbsp;In 1h und 13min rasten sie auf den <strong>8. Rang<\/strong> (Klasse 66\u201390&nbsp;Jahre).<\/p>\n<p>Wie jedes Jahr z\u00e4hlt der Halltalexpress zu den Klassikern des Rennsports, deren Herausforderung sich auch heuer wieder 2 Mitglieder des RC Oberperfuss souver\u00e4n gestellt haben.<\/p>\n<p><strong>Bobbahnsprint &nbsp;Igls \u2013<\/strong> <strong>das etwas andere Radrennen!&nbsp;<\/strong><\/p>\n<p>Zudem legte <strong>Riegler Hans<\/strong> 2 Tage vorher noch eine Rennprobe beim <strong>Bobbahnsprint in Igls<\/strong> ab. Ein Rennen mit besonderer Atmosph\u00e4re&nbsp; \u2014 wozu nicht nur die au\u00dfergew\u00f6hnliche Rennstrecke beitr\u00e4gt, sondern auch die 58 Radsportler aus 4 Nationen und zahlreiche begeisterte Zuschauer, die die Athleten tatkr\u00e4ftig anfeuerten.<br>\nVom Rennen begeistert ist auch Riegler Hans, der deshalb auch nahezu jedes Jahr mit dabei ist. Heuer hat er f\u00fcr den Sprint im Eiskanal <strong>4:12 Minuten<\/strong> gebraucht, womit er den <strong>2. Rang<\/strong> in seiner Klasse erreichte!<\/p>\n<p><strong>&nbsp;In diesem Sinne: herzliche Gratulation an alle, die f\u00fcr den RC Oberperfuss geschwitzt haben und brennenden Oberschenkeln den Kampf angesagt haben!&nbsp;\ud83d\ude09&nbsp;<\/strong><\/p>\n<p>&nbsp;<\/p>\n<p>Berichtverfasserin: Doris Riegler<\/p>\n<p><a href=\"https:\/\/sv-oberperfuss.at\/rad\/files\/2018\/06\/5960EC58-F0AD-40C4-98AE-03AE9D7B42D3.jpeg\"><img loading=\"lazy\" class=\"alignleft size-full wp-image-12290\" src=\"https:\/\/sv-oberperfuss.at\/rad\/files\/2018\/06\/5960EC58-F0AD-40C4-98AE-03AE9D7B42D3.jpeg\" alt width=\"528\" height=\"960\" srcset=\"https:\/\/sv-oberperfuss.at\/rad\/files\/2018\/06\/5960EC58-F0AD-40C4-98AE-03AE9D7B42D3.jpeg 528w, https:\/\/sv-oberperfuss.at\/rad\/files\/2018\/06\/5960EC58-F0AD-40C4-98AE-03AE9D7B42D3-165x300.jpeg 165w\" sizes=\"(max-width: 528px) 100vw, 528px\"><\/a> <a href=\"https:\/\/sv-oberperfuss.at\/rad\/files\/2018\/06\/5FEB0206-8011-4EB6-9F98-CF57AA8FFA4D.jpeg\"><img loading=\"lazy\" class=\"alignleft size-full wp-image-12291\" src=\"https:\/\/sv-oberperfuss.at\/rad\/files\/2018\/06\/5FEB0206-8011-4EB6-9F98-CF57AA8FFA4D.jpeg\" alt width=\"1024\" height=\"683\" srcset=\"https:\/\/sv-oberperfuss.at\/rad\/files\/2018\/06\/5FEB0206-8011-4EB6-9F98-CF57AA8FFA4D.jpeg 1024w, https:\/\/sv-oberperfuss.at\/rad\/files\/2018\/06\/5FEB0206-8011-4EB6-9F98-CF57AA8FFA4D-300x200.jpeg 300w, https:\/\/sv-oberperfuss.at\/rad\/files\/2018\/06\/5FEB0206-8011-4EB6-9F98-CF57AA8FFA4D-768x512.jpeg 768w\" sizes=\"(max-width: 1024px) 100vw, 1024px\"><\/a><\/p>\n","protected":false},"excerpt":{"rendered":"<p>&nbsp; Herausforderung Halltalexpress Eine Steigung von 32% und Temperaturen um die 30 Grad schreckten unsere Sportler \u2013 Riegler Hans, Lorenz Helmut &amp; Steger Christopher \u2013 nicht im Geringsten ab. Der Radclub Oberperfuss darf sich Teil der 16. Auflage des Teamklassikers nennen &amp; &nbsp;sich zus\u00e4tzlich \u00fcber Spitzenplatzierungen und herausragende Leistungen freuen. Das Duo \u201eRanggerk\u00f6pflexpress\u201c mit L\u00e4ufer&nbsp;[\u2026]<\/p>\n","protected":false},"author":30,"featured_media":0,"comment_status":"open","ping_status":"closed","sticky":false,"template":"","format":"standard","meta":{"wp_typography_post_enhancements_disabled":false},"categories":[1],"tags":[],"_links":{"self":[{"href":"https:\/\/sv-oberperfuss.at\/rad\/wp-json\/wp\/v2\/posts\/12413"}],"collection":[{"href":"https:\/\/sv-oberperfuss.at\/rad\/wp-json\/wp\/v2\/posts"}],"about":[{"href":"https:\/\/sv-oberperfuss.at\/rad\/wp-json\/wp\/v2\/types\/post"}],"author":[{"embeddable":true,"href":"https:\/\/sv-oberperfuss.at\/rad\/wp-json\/wp\/v2\/users\/30"}],"replies":[{"embeddable":true,"href":"https:\/\/sv-oberperfuss.at\/rad\/wp-json\/wp\/v2\/comments?post=12413"}],"version-history":[{"count":4,"href":"https:\/\/sv-oberperfuss.at\/rad\/wp-json\/wp\/v2\/posts\/12413\/revisions"}],"predecessor-version":[{"id":12419,"href":"https:\/\/sv-oberperfuss.at\/rad\/wp-json\/wp\/v2\/posts\/12413\/revisions\/12419"}],"wp:attachment":[{"href":"https:\/\/sv-oberperfuss.at\/rad\/wp-json\/wp\/v2\/media?parent=12413"}],"wp:term":[{"taxonomy":"category","embeddable":true,"href":"https:\/\/sv-oberperfuss.at\/rad\/wp-json\/wp\/v2\/categories?post=12413"},{"taxonomy":"post_tag","embeddable":true,"href":"https:\/\/sv-oberperfuss.at\/rad\/wp-json\/wp\/v2\/tags?post=12413"}],"curies":[{"name":"wp","href":"https:\/\/api.w.org\/{rel}","templated":true}]}}