{"id":12292,"date":"2018-06-12T13:17:25","date_gmt":"2018-06-12T11:17:25","guid":{"rendered":"https:\/\/sv-oberperfuss.at\/rad\/?p=12292"},"modified":"2018-06-12T13:46:20","modified_gmt":"2018-06-12T11:46:20","slug":"den-glocknerkoenig-mit-bravour-gemeistert","status":"publish","type":"post","link":"https:\/\/sv-oberperfuss.at\/rad\/den-glocknerkoenig-mit-bravour-gemeistert\/","title":{"rendered":"Den Glocknerk\u00f6nig mit Bravour gemeistert\u2026"},"content":{"rendered":"<p>Daniela Riegler, Armin Triendl und unser erfahrener Spezialist auf Kurzstrecken, Hans Riegler, haben sich am 3. Juni 2018 dem legend\u00e4ren \u201cGlocknerk\u00f6nig\u201d gestellt.<\/p>\n<p>Die Strecke geht von Bruck an der Glocknerstrasse (747 m.\u00fc.M) bis hinauf zum Fuschert\u00f6rl auf 2428 m.\u00fc.M. \u2014 L\u00e4nge 27,3&nbsp;KM.<\/p>\n<p>Daniela hat einen Bericht verfasst den ihr hier lesen&nbsp;k\u00f6nnt.<\/p>\n<p>*****************************************************<\/p>\n<p>Glocknerk\u00f6nig 3.6.2018<\/p>\n<p>Bereits Anfang dieses Jahres erz\u00e4hlte mir Papa, dass er wieder beim Glockner-Rennen mitfahren m\u00f6chte. Ich z\u00f6gerte keine Sekunde und wusste, dass auch ich dieses Jahr ein Teil des Rennens sein m\u00f6chte. Unsere Verwandten aus Hall, Manfred und Gerlinde Riegler sowie Armin Triendl schlossen sich uns ebenfalls an.<\/p>\n<p>Auch wenn unser Hansi die Strecke schon kannte, besichtigten wir am Samstag noch den ersten Teil bis zur Mautstelle Ferleiten. Dabei gab uns unser Routinier Hansi noch ein paar wertvolle Profitipps (auch wenn wir schon im Vorhinein wussten, dass diese f\u00fcr uns nicht umsetzbar sein werden). Somit dachten wir zumindest, dass wir wissen, was auf uns zukommen w\u00fcrde.<\/p>\n<p>Doch es kam anders\u2026<\/p>\n<p>Am Sonntagmorgen um 6:20 Uhr reihten wir uns bei noch etwas erfrischenden Temperaturen bei unserer Startgruppe (2) ein. Hans war nat\u00fcrlich im 1. Startblock.<\/p>\n<p>Langsam stieg die Nervosit\u00e4t, aber auch die Vorfreude endlich in die Pedale treten zu k\u00f6nnen, um unsere kalten Beine endlich in Schwung zu bekommen.<\/p>\n<p>P\u00fcnktlich um 7:00 Uhr fiel der Startschuss. Vollgas radelten wir in Richtung Ferleiten. Schon jetzt konnten wir erahnen, was \u00fcber den weiteren Rennverlauf noch alles auf uns zukommen wird. Nach ca. 10km, ab der Mautstelle in Ferleiten, ging es dann \u201eendlich\u201c erstmals richtig bergauf. Sp\u00e4testens jetzt waren die Wadl warm. Was am Vortag noch eine gem\u00fctlich Steigung war, war nun doppelt so steil, zumindest gef\u00fchlt! Nach dem ersten Anstieg, lichtete sich das Teilnehmerfeld langsam und der Puls wurde gleich nach oben getrieben. Kehre f\u00fcr Kehre qu\u00e4lten wir uns mit vollem Einsatz und voller Kraft nach oben. Nur in den kurzen, relativ flachen Kehren konnten wir kurz durchatmen und wieder neue Energie f\u00fcr den n\u00e4chsten Abschnitt sammeln. Den Ratschlag von Hansi, mit Schwung aus den Kurven zu fahren, war utopisch und f\u00fcr mich nicht einmal denkbar.<\/p>\n<p>Nach gut 1,5h war das Ziel endlich in Blickweite, auch wenn wir bis dahin noch einige Kehren zu bew\u00e4ltigen hatten. Die Beine brannten immer mehr und mehr wie Feuer und obwohl die Steigung stetig abnahm, f\u00fchlte es sich an, als w\u00fcrde es immer steiler werden. Auch der Versuch, einen Gang zur\u00fcck zu schalten, war leider vergebens. Somit half nur noch die Willenskraft, oder wie so mancher sagen w\u00fcrde, der \u201eStursch\u00e4dl\u201c! \ud83d\ude00<\/p>\n<p>\u201eEs nutzt nix, da muasch no aufi\u201c, dachte ich mir und ich fieberte dem Ziel entgegen. Auch wenn die Zuschauer uns kr\u00e4ftig anfeuerten, waren auch die letzten Meter bis zur Zielline alles andere als ein Genuss.<\/p>\n<p>Erleichtert rollten wir ins Ziel: Hansi nach 1,45h, Ammi nach 1,50h und ich nach 1,54h. Mehr als zufrieden stiegen wir dann wie \u201ealte Herren\u201c vom Rad. Die Strapazen der letzten 28km und 1700hm waren auch am Gang und den Roboterbewegungen nicht zu leugnen.<\/p>\n<p>Auch wenn die Gro\u00dfglocknerstra\u00dfe ein herrliches Panorama bietet und dieser Radevent top organisiert war, k\u00f6nnen wir (Armin und ich) nicht verstehen, wie unser Hans diese Qu\u00e4lerei beinahe jedes Wochenende in Kauf nimmt. F\u00fcr uns war es sicher ein unvergessliches Erlebnis, doch Ammis und meine Regenerationsszeit betr\u00e4gt wohl eher mehr als 1 Woche \u2013 eher ein&nbsp;Jahr!<\/p>\n<p>*********************************************************<\/p>\n<p>Anmerkung RCO:<\/p>\n<p>Herzliche Gratulation zu den tollen Ergebnissen \u2014&nbsp; in einem Jahr, wenn die Regenerationszeit vorbei ist, auf ein&nbsp;Neues!&nbsp;\ud83d\ude09<\/p>\n<ul>\n<li>Daniela: 17. im Gesamtrang der Damen und 7. in der Klasse \u201cDamen 3\u201d<\/li>\n<li>Armin: 319. Gesamtrang Herren und 48. in der Klasse \u201cHerren 2\u201d<\/li>\n<li>Hans: 227. Gesamtrang Herren und 11. in der Klasse \u201cHerren 6\u201d<\/li>\n<\/ul>\n<p>Ergebnislisten: <a href=\"https:\/\/services.datasport.com\/2018\/velo\/glocknerkoenig\/\" target=\"_blank\" rel=\"noopener\"><span style=\"color: #0000ff\">https:\/\/services.datasport.com\/2018\/velo\/glocknerkoenig\/<\/span><\/a><\/p>\n\n\t\t<style type=\"text\/css\">\n\t\t\t#gallery-1 {\n\t\t\t\tmargin: auto;\n\t\t\t}\n\t\t\t#gallery-1 .gallery-item {\n\t\t\t\tfloat: left;\n\t\t\t\tmargin-top: 10px;\n\t\t\t\ttext-align: center;\n\t\t\t\twidth: 33%;\n\t\t\t}\n\t\t\t#gallery-1 img {\n\t\t\t\tborder: 2px solid #cfcfcf;\n\t\t\t}\n\t\t\t#gallery-1 .gallery-caption {\n\t\t\t\tmargin-left: 0;\n\t\t\t}\n\t\t\t\/* see gallery_shortcode() in wp-includes\/media.php *\/\n\t\t<\/style>\n\t\t<div id=\"gallery-1\" class=\"gallery galleryid-12292 gallery-columns-3 gallery-size-thumbnail\"><dl class=\"gallery-item\">\n\t\t\t<dt class=\"gallery-icon landscape\">\n\t\t\t\t<a href=\"https:\/\/sv-oberperfuss.at\/rad\/files\/2018\/06\/Profil.jpg\"><img width=\"150\" height=\"150\" src=\"https:\/\/sv-oberperfuss.at\/rad\/files\/2018\/06\/Profil-150x150.jpg\" class=\"attachment-thumbnail size-thumbnail\" alt loading=\"lazy\"><\/a>\n\t\t\t<\/dt><\/dl><dl class=\"gallery-item\">\n\t\t\t<dt class=\"gallery-icon landscape\">\n\t\t\t\t<a href=\"https:\/\/sv-oberperfuss.at\/rad\/files\/2018\/06\/1.jpg\"><img width=\"150\" height=\"150\" src=\"https:\/\/sv-oberperfuss.at\/rad\/files\/2018\/06\/1-150x150.jpg\" class=\"attachment-thumbnail size-thumbnail\" alt loading=\"lazy\"><\/a>\n\t\t\t<\/dt><\/dl><dl class=\"gallery-item\">\n\t\t\t<dt class=\"gallery-icon landscape\">\n\t\t\t\t<a href=\"https:\/\/sv-oberperfuss.at\/rad\/files\/2018\/06\/2.jpg\"><img width=\"150\" height=\"150\" src=\"https:\/\/sv-oberperfuss.at\/rad\/files\/2018\/06\/2-150x150.jpg\" class=\"attachment-thumbnail size-thumbnail\" alt loading=\"lazy\"><\/a>\n\t\t\t<\/dt><\/dl><br style=\"clear: both\"><dl class=\"gallery-item\">\n\t\t\t<dt class=\"gallery-icon portrait\">\n\t\t\t\t<a href=\"https:\/\/sv-oberperfuss.at\/rad\/files\/2018\/06\/3.jpg\"><img width=\"150\" height=\"150\" src=\"https:\/\/sv-oberperfuss.at\/rad\/files\/2018\/06\/3-150x150.jpg\" class=\"attachment-thumbnail size-thumbnail\" alt loading=\"lazy\"><\/a>\n\t\t\t<\/dt><\/dl><dl class=\"gallery-item\">\n\t\t\t<dt class=\"gallery-icon portrait\">\n\t\t\t\t<a href=\"https:\/\/sv-oberperfuss.at\/rad\/files\/2018\/06\/4.jpg\"><img width=\"150\" height=\"150\" src=\"https:\/\/sv-oberperfuss.at\/rad\/files\/2018\/06\/4-150x150.jpg\" class=\"attachment-thumbnail size-thumbnail\" alt loading=\"lazy\"><\/a>\n\t\t\t<\/dt><\/dl><dl class=\"gallery-item\">\n\t\t\t<dt class=\"gallery-icon landscape\">\n\t\t\t\t<a href=\"https:\/\/sv-oberperfuss.at\/rad\/files\/2018\/06\/5.jpg\"><img width=\"150\" height=\"150\" src=\"https:\/\/sv-oberperfuss.at\/rad\/files\/2018\/06\/5-150x150.jpg\" class=\"attachment-thumbnail size-thumbnail\" alt loading=\"lazy\"><\/a>\n\t\t\t<\/dt><\/dl><br style=\"clear: both\"><dl class=\"gallery-item\">\n\t\t\t<dt class=\"gallery-icon landscape\">\n\t\t\t\t<a href=\"https:\/\/sv-oberperfuss.at\/rad\/files\/2018\/06\/6.jpg\"><img width=\"150\" height=\"150\" src=\"https:\/\/sv-oberperfuss.at\/rad\/files\/2018\/06\/6-150x150.jpg\" class=\"attachment-thumbnail size-thumbnail\" alt loading=\"lazy\"><\/a>\n\t\t\t<\/dt><\/dl><dl class=\"gallery-item\">\n\t\t\t<dt class=\"gallery-icon portrait\">\n\t\t\t\t<a href=\"https:\/\/sv-oberperfuss.at\/rad\/files\/2018\/06\/7.jpg\"><img width=\"150\" height=\"150\" src=\"https:\/\/sv-oberperfuss.at\/rad\/files\/2018\/06\/7-150x150.jpg\" class=\"attachment-thumbnail size-thumbnail\" alt loading=\"lazy\"><\/a>\n\t\t\t<\/dt><\/dl><dl class=\"gallery-item\">\n\t\t\t<dt class=\"gallery-icon portrait\">\n\t\t\t\t<a href=\"https:\/\/sv-oberperfuss.at\/rad\/files\/2018\/06\/8.jpg\"><img width=\"150\" height=\"150\" src=\"https:\/\/sv-oberperfuss.at\/rad\/files\/2018\/06\/8-150x150.jpg\" class=\"attachment-thumbnail size-thumbnail\" alt loading=\"lazy\"><\/a>\n\t\t\t<\/dt><\/dl><br style=\"clear: both\"><dl class=\"gallery-item\">\n\t\t\t<dt class=\"gallery-icon portrait\">\n\t\t\t\t<a href=\"https:\/\/sv-oberperfuss.at\/rad\/files\/2018\/06\/9.jpg\"><img width=\"150\" height=\"150\" src=\"https:\/\/sv-oberperfuss.at\/rad\/files\/2018\/06\/9-150x150.jpg\" class=\"attachment-thumbnail size-thumbnail\" alt loading=\"lazy\"><\/a>\n\t\t\t<\/dt><\/dl><dl class=\"gallery-item\">\n\t\t\t<dt class=\"gallery-icon portrait\">\n\t\t\t\t<a href=\"https:\/\/sv-oberperfuss.at\/rad\/files\/2018\/06\/10.jpg\"><img width=\"150\" height=\"150\" src=\"https:\/\/sv-oberperfuss.at\/rad\/files\/2018\/06\/10-150x150.jpg\" class=\"attachment-thumbnail size-thumbnail\" alt loading=\"lazy\"><\/a>\n\t\t\t<\/dt><\/dl><dl class=\"gallery-item\">\n\t\t\t<dt class=\"gallery-icon portrait\">\n\t\t\t\t<a href=\"https:\/\/sv-oberperfuss.at\/rad\/files\/2018\/06\/11.jpg\"><img width=\"150\" height=\"150\" src=\"https:\/\/sv-oberperfuss.at\/rad\/files\/2018\/06\/11-150x150.jpg\" class=\"attachment-thumbnail size-thumbnail\" alt loading=\"lazy\"><\/a>\n\t\t\t<\/dt><\/dl><br style=\"clear: both\"><dl class=\"gallery-item\">\n\t\t\t<dt class=\"gallery-icon landscape\">\n\t\t\t\t<a href=\"https:\/\/sv-oberperfuss.at\/rad\/files\/2018\/06\/12.jpg\"><img width=\"150\" height=\"150\" src=\"https:\/\/sv-oberperfuss.at\/rad\/files\/2018\/06\/12-150x150.jpg\" class=\"attachment-thumbnail size-thumbnail\" alt loading=\"lazy\"><\/a>\n\t\t\t<\/dt><\/dl><dl class=\"gallery-item\">\n\t\t\t<dt class=\"gallery-icon portrait\">\n\t\t\t\t<a href=\"https:\/\/sv-oberperfuss.at\/rad\/files\/2018\/06\/13.jpg\"><img width=\"150\" height=\"150\" src=\"https:\/\/sv-oberperfuss.at\/rad\/files\/2018\/06\/13-150x150.jpg\" class=\"attachment-thumbnail size-thumbnail\" alt loading=\"lazy\"><\/a>\n\t\t\t<\/dt><\/dl>\n\t\t\t<br style=\"clear: both\">\n\t\t<\/div>\n\n","protected":false},"excerpt":{"rendered":"<p>Daniela Riegler, Armin Triendl und unser erfahrener Spezialist auf Kurzstrecken, Hans Riegler, haben sich am 3. Juni 2018 dem legend\u00e4ren \u201cGlocknerk\u00f6nig\u201d gestellt. Die Strecke geht von Bruck an der Glocknerstrasse (747 m.\u00fc.M) bis hinauf zum Fuschert\u00f6rl auf 2428 m.\u00fc.M. \u2014 L\u00e4nge 27,3&nbsp;KM. Daniela hat einen Bericht verfasst den ihr hier lesen&nbsp;k\u00f6nnt. ***************************************************** Glocknerk\u00f6nig 3.6.2018 Bereits&nbsp;[\u2026]<\/p>\n","protected":false},"author":30,"featured_media":0,"comment_status":"open","ping_status":"closed","sticky":false,"template":"","format":"standard","meta":{"wp_typography_post_enhancements_disabled":false},"categories":[1],"tags":[],"_links":{"self":[{"href":"https:\/\/sv-oberperfuss.at\/rad\/wp-json\/wp\/v2\/posts\/12292"}],"collection":[{"href":"https:\/\/sv-oberperfuss.at\/rad\/wp-json\/wp\/v2\/posts"}],"about":[{"href":"https:\/\/sv-oberperfuss.at\/rad\/wp-json\/wp\/v2\/types\/post"}],"author":[{"embeddable":true,"href":"https:\/\/sv-oberperfuss.at\/rad\/wp-json\/wp\/v2\/users\/30"}],"replies":[{"embeddable":true,"href":"https:\/\/sv-oberperfuss.at\/rad\/wp-json\/wp\/v2\/comments?post=12292"}],"version-history":[{"count":12,"href":"https:\/\/sv-oberperfuss.at\/rad\/wp-json\/wp\/v2\/posts\/12292\/revisions"}],"predecessor-version":[{"id":12326,"href":"https:\/\/sv-oberperfuss.at\/rad\/wp-json\/wp\/v2\/posts\/12292\/revisions\/12326"}],"wp:attachment":[{"href":"https:\/\/sv-oberperfuss.at\/rad\/wp-json\/wp\/v2\/media?parent=12292"}],"wp:term":[{"taxonomy":"category","embeddable":true,"href":"https:\/\/sv-oberperfuss.at\/rad\/wp-json\/wp\/v2\/categories?post=12292"},{"taxonomy":"post_tag","embeddable":true,"href":"https:\/\/sv-oberperfuss.at\/rad\/wp-json\/wp\/v2\/tags?post=12292"}],"curies":[{"name":"wp","href":"https:\/\/api.w.org\/{rel}","templated":true}]}}