{"id":984,"date":"2010-08-22T09:48:37","date_gmt":"2010-08-22T07:48:37","guid":{"rendered":"https:\/\/sv-oberperfuss.at\/fussball\/?p=984"},"modified":"2010-08-25T12:54:09","modified_gmt":"2010-08-25T10:54:09","slug":"sv-krone-oberperfus-sv-thaur-1-2","status":"publish","type":"post","link":"https:\/\/sv-oberperfuss.at\/fussball\/sv-krone-oberperfus-sv-thaur-1-2\/","title":{"rendered":"SV Krone Oberperfus : SV Thaur \u2014 1 :&nbsp;2"},"content":{"rendered":"<p>In einer von Beginn an eher zerfahrenen Partie hatten wir das Gl\u00fcck durch Wegscheider Marco in der 24. Minute in F\u00fchrung zu gehen. Das Tor war das Ergebnis eines der wenigen sch\u00f6nen Spielz\u00fcge unseres Spieles:<!--more-->Mair Clemens passte auf die rechte Seite Kirchmair Stefan direkt in den Lauf und der servierte mit einem Stangelpass Wegscheider Marco, der allein vor dem Tormann stehend, vollendete. Doch auch nach dem F\u00fchrungstreffer wurde unser Spiel nicht besser.<\/p>\n<p>Im Gegenteil: ohne Spielfluss und mit viel zu wenig gewonnenen Zweik\u00e4mpfen bettelten wir regelrecht um den Ausgleich. Zun\u00e4chst konnte uns unser Goalie noch vor dem Ausgleich der bissigeren Thaurer retten.<\/p>\n<p>Doch auch in der zweiten H\u00e4lfte zeigte die Mannschaft spielerisch keine Ver\u00e4nderung, daher der Ausgleich f\u00fcr Thaur verdient in der 50. Minute durch Cappella Andrea. Ein weiter Pass nach vorn und der gegnerische St\u00fcrmer konnte alleine auf unser Tor laufen und unbedr\u00e4ngt den Ausgleich erzielen.<\/p>\n<p>In der Folge vergaben wir die Chance das Spiel doch noch f\u00fcr uns zu entscheiden.<\/p>\n<p>Wegscheider Marco vergab einen Elfmeter.<\/p>\n<p>In der Folge immer noch mit zu wenig Willen \u2014 besonders in den Zweik\u00e4mpfen \u2014 war der Siegestreffer der G\u00e4ste, in der 85. Minute, nicht ganz unverdient.<\/p>\n<p>Fazit: Einen Sieg h\u00e4tten wir uns heute nicht verdient. Mit zu wenig gewonnenen Zweik\u00e4mpfen, und vor allem zu wenig Willen \u00fcber den Kampf ins Spiel zu kommen, darf man vor eigenem Publikum nicht auftreten.<\/p>\n<p>Vielleicht hilft uns diese Niederlage auf dem Boden zu bleiben und macht uns in Zukunft st\u00e4rker. Jetzt hei\u00dft es die richtigen Schl\u00fcsse ziehen und uns im n\u00e4chsten Spiel zu rehabilitieren.<\/p>\n<p>Programm:&nbsp; Dienstag, <strong>24.08. um&nbsp; 18.30 Uhr<\/strong> in Oberperfuss Cup gegen Axams&nbsp;und<\/p>\n<p>Samstag, <strong>28.08. um 18.30 Uhr<\/strong> Meisterschaft in Neustift<\/p>\n<h6>(Stefan Pult)<\/h6>\n\n\t\t<style type=\"text\/css\">\n\t\t\t#gallery-1 {\n\t\t\t\tmargin: auto;\n\t\t\t}\n\t\t\t#gallery-1 .gallery-item {\n\t\t\t\tfloat: left;\n\t\t\t\tmargin-top: 10px;\n\t\t\t\ttext-align: center;\n\t\t\t\twidth: 25%;\n\t\t\t}\n\t\t\t#gallery-1 img {\n\t\t\t\tborder: 2px solid #cfcfcf;\n\t\t\t}\n\t\t\t#gallery-1 .gallery-caption {\n\t\t\t\tmargin-left: 0;\n\t\t\t}\n\t\t\t\/* see gallery_shortcode() in wp-includes\/media.php *\/\n\t\t<\/style>\n\t\t<div id=\"gallery-1\" class=\"gallery galleryid-984 gallery-columns-4 gallery-size-thumbnail\"><dl class=\"gallery-item\">\n\t\t\t<dt class=\"gallery-icon landscape\">\n\t\t\t\t<a href=\"https:\/\/sv-oberperfuss.at\/fussball\/files\/2010\/08\/SVO-Thaur20100821_05.JPG\"><img width=\"150\" height=\"150\" src=\"https:\/\/sv-oberperfuss.at\/fussball\/files\/2010\/08\/SVO-Thaur20100821_05-150x150.jpg\" class=\"attachment-thumbnail size-thumbnail\" alt loading=\"lazy\"><\/a>\n\t\t\t<\/dt><\/dl><dl class=\"gallery-item\">\n\t\t\t<dt class=\"gallery-icon landscape\">\n\t\t\t\t<a href=\"https:\/\/sv-oberperfuss.at\/fussball\/files\/2010\/08\/SVO-Thaur20100821_06.JPG\"><img width=\"150\" height=\"150\" src=\"https:\/\/sv-oberperfuss.at\/fussball\/files\/2010\/08\/SVO-Thaur20100821_06-150x150.jpg\" class=\"attachment-thumbnail size-thumbnail\" alt loading=\"lazy\"><\/a>\n\t\t\t<\/dt><\/dl><dl class=\"gallery-item\">\n\t\t\t<dt class=\"gallery-icon landscape\">\n\t\t\t\t<a href=\"https:\/\/sv-oberperfuss.at\/fussball\/files\/2010\/08\/SVO-Thaur20100821_11.JPG\"><img width=\"150\" height=\"150\" src=\"https:\/\/sv-oberperfuss.at\/fussball\/files\/2010\/08\/SVO-Thaur20100821_11-150x150.jpg\" class=\"attachment-thumbnail size-thumbnail\" alt loading=\"lazy\"><\/a>\n\t\t\t<\/dt><\/dl><dl class=\"gallery-item\">\n\t\t\t<dt class=\"gallery-icon landscape\">\n\t\t\t\t<a href=\"https:\/\/sv-oberperfuss.at\/fussball\/files\/2010\/08\/SVO-Thaur20100821_12.JPG\"><img width=\"150\" height=\"150\" src=\"https:\/\/sv-oberperfuss.at\/fussball\/files\/2010\/08\/SVO-Thaur20100821_12-150x150.jpg\" class=\"attachment-thumbnail size-thumbnail\" alt loading=\"lazy\"><\/a>\n\t\t\t<\/dt><\/dl><br style=\"clear: both\"><dl class=\"gallery-item\">\n\t\t\t<dt class=\"gallery-icon landscape\">\n\t\t\t\t<a href=\"https:\/\/sv-oberperfuss.at\/fussball\/files\/2010\/08\/SVO-Thaur20100821_13.JPG\"><img width=\"150\" height=\"150\" src=\"https:\/\/sv-oberperfuss.at\/fussball\/files\/2010\/08\/SVO-Thaur20100821_13-150x150.jpg\" class=\"attachment-thumbnail size-thumbnail\" alt loading=\"lazy\"><\/a>\n\t\t\t<\/dt><\/dl><dl class=\"gallery-item\">\n\t\t\t<dt class=\"gallery-icon landscape\">\n\t\t\t\t<a href=\"https:\/\/sv-oberperfuss.at\/fussball\/files\/2010\/08\/SVO-Thaur20100821_16.JPG\"><img width=\"150\" height=\"150\" src=\"https:\/\/sv-oberperfuss.at\/fussball\/files\/2010\/08\/SVO-Thaur20100821_16-150x150.jpg\" class=\"attachment-thumbnail size-thumbnail\" alt loading=\"lazy\"><\/a>\n\t\t\t<\/dt><\/dl><dl class=\"gallery-item\">\n\t\t\t<dt class=\"gallery-icon landscape\">\n\t\t\t\t<a href=\"https:\/\/sv-oberperfuss.at\/fussball\/files\/2010\/08\/SVO-Thaur20100821_19.JPG\"><img width=\"150\" height=\"150\" src=\"https:\/\/sv-oberperfuss.at\/fussball\/files\/2010\/08\/SVO-Thaur20100821_19-150x150.jpg\" class=\"attachment-thumbnail size-thumbnail\" alt loading=\"lazy\"><\/a>\n\t\t\t<\/dt><\/dl><dl class=\"gallery-item\">\n\t\t\t<dt class=\"gallery-icon landscape\">\n\t\t\t\t<a href=\"https:\/\/sv-oberperfuss.at\/fussball\/files\/2010\/08\/SVO-Thaur20100821_22.JPG\"><img width=\"150\" height=\"150\" src=\"https:\/\/sv-oberperfuss.at\/fussball\/files\/2010\/08\/SVO-Thaur20100821_22-150x150.jpg\" class=\"attachment-thumbnail size-thumbnail\" alt loading=\"lazy\"><\/a>\n\t\t\t<\/dt><\/dl><br style=\"clear: both\"><dl class=\"gallery-item\">\n\t\t\t<dt class=\"gallery-icon landscape\">\n\t\t\t\t<a href=\"https:\/\/sv-oberperfuss.at\/fussball\/files\/2010\/08\/SVO-Thaur20100821_24.JPG\"><img width=\"150\" height=\"150\" src=\"https:\/\/sv-oberperfuss.at\/fussball\/files\/2010\/08\/SVO-Thaur20100821_24-150x150.jpg\" class=\"attachment-thumbnail size-thumbnail\" alt loading=\"lazy\"><\/a>\n\t\t\t<\/dt><\/dl><dl class=\"gallery-item\">\n\t\t\t<dt class=\"gallery-icon landscape\">\n\t\t\t\t<a href=\"https:\/\/sv-oberperfuss.at\/fussball\/files\/2010\/08\/SVO-Thaur20100821_26.JPG\"><img width=\"150\" height=\"150\" src=\"https:\/\/sv-oberperfuss.at\/fussball\/files\/2010\/08\/SVO-Thaur20100821_26-150x150.jpg\" class=\"attachment-thumbnail size-thumbnail\" alt loading=\"lazy\"><\/a>\n\t\t\t<\/dt><\/dl><dl class=\"gallery-item\">\n\t\t\t<dt class=\"gallery-icon landscape\">\n\t\t\t\t<a href=\"https:\/\/sv-oberperfuss.at\/fussball\/files\/2010\/08\/SVO-Thaur20100821_31.JPG\"><img width=\"150\" height=\"150\" src=\"https:\/\/sv-oberperfuss.at\/fussball\/files\/2010\/08\/SVO-Thaur20100821_31-150x150.jpg\" class=\"attachment-thumbnail size-thumbnail\" alt loading=\"lazy\"><\/a>\n\t\t\t<\/dt><\/dl><dl class=\"gallery-item\">\n\t\t\t<dt class=\"gallery-icon landscape\">\n\t\t\t\t<a href=\"https:\/\/sv-oberperfuss.at\/fussball\/files\/2010\/08\/SVO-Thaur20100821_46.JPG\"><img width=\"150\" height=\"150\" src=\"https:\/\/sv-oberperfuss.at\/fussball\/files\/2010\/08\/SVO-Thaur20100821_46-150x150.jpg\" class=\"attachment-thumbnail size-thumbnail\" alt loading=\"lazy\"><\/a>\n\t\t\t<\/dt><\/dl><br style=\"clear: both\"><dl class=\"gallery-item\">\n\t\t\t<dt class=\"gallery-icon landscape\">\n\t\t\t\t<a href=\"https:\/\/sv-oberperfuss.at\/fussball\/files\/2010\/08\/SVO-Thaur20100821_50.JPG\"><img width=\"150\" height=\"150\" src=\"https:\/\/sv-oberperfuss.at\/fussball\/files\/2010\/08\/SVO-Thaur20100821_50-150x150.jpg\" class=\"attachment-thumbnail size-thumbnail\" alt loading=\"lazy\"><\/a>\n\t\t\t<\/dt><\/dl><dl class=\"gallery-item\">\n\t\t\t<dt class=\"gallery-icon landscape\">\n\t\t\t\t<a href=\"https:\/\/sv-oberperfuss.at\/fussball\/files\/2010\/08\/SVO-Thaur20100821_51.JPG\"><img width=\"150\" height=\"150\" src=\"https:\/\/sv-oberperfuss.at\/fussball\/files\/2010\/08\/SVO-Thaur20100821_51-150x150.jpg\" class=\"attachment-thumbnail size-thumbnail\" alt loading=\"lazy\"><\/a>\n\t\t\t<\/dt><\/dl><dl class=\"gallery-item\">\n\t\t\t<dt class=\"gallery-icon landscape\">\n\t\t\t\t<a href=\"https:\/\/sv-oberperfuss.at\/fussball\/files\/2010\/08\/SVO-Thaur20100821_53.JPG\"><img width=\"150\" height=\"150\" src=\"https:\/\/sv-oberperfuss.at\/fussball\/files\/2010\/08\/SVO-Thaur20100821_53-150x150.jpg\" class=\"attachment-thumbnail size-thumbnail\" alt loading=\"lazy\"><\/a>\n\t\t\t<\/dt><\/dl><dl class=\"gallery-item\">\n\t\t\t<dt class=\"gallery-icon landscape\">\n\t\t\t\t<a href=\"https:\/\/sv-oberperfuss.at\/fussball\/files\/2010\/08\/SVO-Thaur20100821_54.JPG\"><img width=\"150\" height=\"150\" src=\"https:\/\/sv-oberperfuss.at\/fussball\/files\/2010\/08\/SVO-Thaur20100821_54-150x150.jpg\" class=\"attachment-thumbnail size-thumbnail\" alt loading=\"lazy\"><\/a>\n\t\t\t<\/dt><\/dl><br style=\"clear: both\"><dl class=\"gallery-item\">\n\t\t\t<dt class=\"gallery-icon landscape\">\n\t\t\t\t<a href=\"https:\/\/sv-oberperfuss.at\/fussball\/files\/2010\/08\/SVO-Thaur20100821_55.JPG\"><img width=\"150\" height=\"150\" src=\"https:\/\/sv-oberperfuss.at\/fussball\/files\/2010\/08\/SVO-Thaur20100821_55-150x150.jpg\" class=\"attachment-thumbnail size-thumbnail\" alt loading=\"lazy\" aria-describedby=\"gallery-1-1015\"><\/a>\n\t\t\t<\/dt>\n\t\t\t\t<dd class=\"wp-caption-text gallery-caption\" id=\"gallery-1-1015\">\n\t\t\t\tDie treuen Fans!&nbsp;<\/dd><\/dl><dl class=\"gallery-item\">\n\t\t\t<dt class=\"gallery-icon landscape\">\n\t\t\t\t<a href=\"https:\/\/sv-oberperfuss.at\/fussball\/files\/2010\/08\/SVO-Thaur20100821_58.JPG\"><img width=\"150\" height=\"150\" src=\"https:\/\/sv-oberperfuss.at\/fussball\/files\/2010\/08\/SVO-Thaur20100821_58-150x150.jpg\" class=\"attachment-thumbnail size-thumbnail\" alt loading=\"lazy\"><\/a>\n\t\t\t<\/dt><\/dl><dl class=\"gallery-item\">\n\t\t\t<dt class=\"gallery-icon landscape\">\n\t\t\t\t<a href=\"https:\/\/sv-oberperfuss.at\/fussball\/files\/2010\/08\/SVO-Thaur20100821_61.JPG\"><img width=\"150\" height=\"150\" src=\"https:\/\/sv-oberperfuss.at\/fussball\/files\/2010\/08\/SVO-Thaur20100821_61-150x150.jpg\" class=\"attachment-thumbnail size-thumbnail\" alt loading=\"lazy\"><\/a>\n\t\t\t<\/dt><\/dl><dl class=\"gallery-item\">\n\t\t\t<dt class=\"gallery-icon landscape\">\n\t\t\t\t<a href=\"https:\/\/sv-oberperfuss.at\/fussball\/files\/2010\/08\/SVO-Thaur20100821_62.JPG\"><img width=\"150\" height=\"150\" src=\"https:\/\/sv-oberperfuss.at\/fussball\/files\/2010\/08\/SVO-Thaur20100821_62-150x150.jpg\" class=\"attachment-thumbnail size-thumbnail\" alt loading=\"lazy\"><\/a>\n\t\t\t<\/dt><\/dl><br style=\"clear: both\"><dl class=\"gallery-item\">\n\t\t\t<dt class=\"gallery-icon landscape\">\n\t\t\t\t<a href=\"https:\/\/sv-oberperfuss.at\/fussball\/files\/2010\/08\/SVO-Thaur20100821_68.JPG\"><img width=\"150\" height=\"150\" src=\"https:\/\/sv-oberperfuss.at\/fussball\/files\/2010\/08\/SVO-Thaur20100821_68-150x150.jpg\" class=\"attachment-thumbnail size-thumbnail\" alt loading=\"lazy\"><\/a>\n\t\t\t<\/dt><\/dl>\n\t\t\t<br style=\"clear: both\">\n\t\t<\/div>\n\n","protected":false},"excerpt":{"rendered":"<p>In einer von Beginn an eher zerfahrenen Partie hatten wir das Gl\u00fcck durch Wegscheider Marco in der 24. Minute in F\u00fchrung zu gehen. Das Tor war das Ergebnis eines der wenigen sch\u00f6nen Spielz\u00fcge unseres Spieles:<\/p>\n","protected":false},"author":8,"featured_media":0,"comment_status":"open","ping_status":"closed","sticky":false,"template":"","format":"standard","meta":{"wp_typography_post_enhancements_disabled":false},"categories":[4],"tags":[],"_links":{"self":[{"href":"https:\/\/sv-oberperfuss.at\/fussball\/wp-json\/wp\/v2\/posts\/984"}],"collection":[{"href":"https:\/\/sv-oberperfuss.at\/fussball\/wp-json\/wp\/v2\/posts"}],"about":[{"href":"https:\/\/sv-oberperfuss.at\/fussball\/wp-json\/wp\/v2\/types\/post"}],"author":[{"embeddable":true,"href":"https:\/\/sv-oberperfuss.at\/fussball\/wp-json\/wp\/v2\/users\/8"}],"replies":[{"embeddable":true,"href":"https:\/\/sv-oberperfuss.at\/fussball\/wp-json\/wp\/v2\/comments?post=984"}],"version-history":[{"count":6,"href":"https:\/\/sv-oberperfuss.at\/fussball\/wp-json\/wp\/v2\/posts\/984\/revisions"}],"predecessor-version":[{"id":990,"href":"https:\/\/sv-oberperfuss.at\/fussball\/wp-json\/wp\/v2\/posts\/984\/revisions\/990"}],"wp:attachment":[{"href":"https:\/\/sv-oberperfuss.at\/fussball\/wp-json\/wp\/v2\/media?parent=984"}],"wp:term":[{"taxonomy":"category","embeddable":true,"href":"https:\/\/sv-oberperfuss.at\/fussball\/wp-json\/wp\/v2\/categories?post=984"},{"taxonomy":"post_tag","embeddable":true,"href":"https:\/\/sv-oberperfuss.at\/fussball\/wp-json\/wp\/v2\/tags?post=984"}],"curies":[{"name":"wp","href":"https:\/\/api.w.org\/{rel}","templated":true}]}}