{"id":960,"date":"2010-08-08T13:31:45","date_gmt":"2010-08-08T11:31:45","guid":{"rendered":"https:\/\/sv-oberperfuss.at\/fussball\/?p=960"},"modified":"2010-08-08T13:32:25","modified_gmt":"2010-08-08T11:32:25","slug":"fc-zirl-sv-krone-oberperfuss-12","status":"publish","type":"post","link":"https:\/\/sv-oberperfuss.at\/fussball\/fc-zirl-sv-krone-oberperfuss-12\/","title":{"rendered":"FC Zirl : SV Krone Oberperfuss   1:2"},"content":{"rendered":"<p>Auch im Derby gegen Zirl behielten wir gl\u00fccklicherweise die Oberhand. Im Vergleich zum Spiel gegen Kematen gab es dabei einige Parallelen.&nbsp;<!--more--><\/p>\n<p>Wie im Heimspiel gegen Kematen begann die Partie sehr ausgeglichen. In den ersten Minuten sahen unsere mitgereisten treuen Anh\u00e4nger, eine zun\u00e4chst etwas nerv\u00f6se Gastmannschaft, die aber dann doch bald gut ins Spiel kam. Das F\u00fchrungstor durch Wegscheider Marco (aus kurzer Distanz) fiel wie im Spiel gegen Kematen aus einem perfekten Freisto\u00df, diesmal von Triendl Felix.<\/p>\n<p>Durch phasenweise sehr gutes Stellungsspiel, machten wir es dem Gegner in der Folge sehr schwer, durch gezieltes Kombinationsspiel zu guten Torchancen zu kommen.<\/p>\n<p>Die gro\u00dfe Ausgleichschance, nach einem Durchbruch \u00fcber die Seite (wir attackierten etwas zu zaghaft), lie\u00dfen die Gastgeber zum Gl\u00fcck aus. Auf der anderen Seite waren wir aber weit \u00f6fter gef\u00e4hrlich und die Querlatte bzw. das Lattenkreuz verhinderten zun\u00e4chst noch das 2:0.<\/p>\n<p>Kurz vor der Pause erh\u00f6hte dann aber doch Wegscheider Marco, nachdem der gegnerische Torh\u00fcter sein Tor verlassen hatte, zum verdienten Zweitorevorsprung. Er meldete sich somit mit einem Doppelpack aus dem Krankenstand zur\u00fcck.<\/p>\n<p>Nach der Pause ergaben sich unsere Chancen v.a. aus Kontern. Doch teilweise zu \u00fcberhastet in \u00dcberzahlsituationen scheiterten wir mehrfach und verabs\u00e4umten eine fr\u00fche Entscheidung des Spiels.<\/p>\n<p>Kurz vor dem Abpfiff erhielten wir dann, wie auch im Spiel gegen Kematen, noch den Anschlusstreffer eines tapfer k\u00e4mpfenden Gegners.<\/p>\n<p>Kurz zusammengefasst:<\/p>\n<p>Lob an die gesamte Mannschaft. Ein sch\u00f6ner Sieg \u2014 besonders f\u00fcrs Selbstvertrauen \u2014 im zweiten gro\u00dfen Derby. 6 Punkte aus zwei Spielen. Aber halt doch kein Grund nach zwei Runden \u00fcberheblich zu werden. Nun gilt es weiter konzentriert zu arbeiten und sich bereits auf die n\u00e4chsten Aufgaben zu konzentrieren:<\/p>\n<p><strong>Dienstag<\/strong>, 10.08.&nbsp; Cupspiel in Mieders um<strong> 18.30 Uhr<\/strong> und <strong>Samstag<\/strong>, den 14.08.&nbsp; Heimspiel gegen Hall um <strong>18.30 Uhr<\/strong>.<\/p>\n<h5><sup>(Pult Stefan)<\/sup><\/h5>\n","protected":false},"excerpt":{"rendered":"<p>Auch im Derby gegen Zirl behielten wir gl\u00fccklicherweise die Oberhand. Im Vergleich zum Spiel gegen Kematen gab es dabei einige Parallelen.&nbsp;<\/p>\n","protected":false},"author":8,"featured_media":0,"comment_status":"open","ping_status":"closed","sticky":false,"template":"","format":"standard","meta":{"wp_typography_post_enhancements_disabled":false},"categories":[4],"tags":[],"_links":{"self":[{"href":"https:\/\/sv-oberperfuss.at\/fussball\/wp-json\/wp\/v2\/posts\/960"}],"collection":[{"href":"https:\/\/sv-oberperfuss.at\/fussball\/wp-json\/wp\/v2\/posts"}],"about":[{"href":"https:\/\/sv-oberperfuss.at\/fussball\/wp-json\/wp\/v2\/types\/post"}],"author":[{"embeddable":true,"href":"https:\/\/sv-oberperfuss.at\/fussball\/wp-json\/wp\/v2\/users\/8"}],"replies":[{"embeddable":true,"href":"https:\/\/sv-oberperfuss.at\/fussball\/wp-json\/wp\/v2\/comments?post=960"}],"version-history":[{"count":4,"href":"https:\/\/sv-oberperfuss.at\/fussball\/wp-json\/wp\/v2\/posts\/960\/revisions"}],"predecessor-version":[{"id":964,"href":"https:\/\/sv-oberperfuss.at\/fussball\/wp-json\/wp\/v2\/posts\/960\/revisions\/964"}],"wp:attachment":[{"href":"https:\/\/sv-oberperfuss.at\/fussball\/wp-json\/wp\/v2\/media?parent=960"}],"wp:term":[{"taxonomy":"category","embeddable":true,"href":"https:\/\/sv-oberperfuss.at\/fussball\/wp-json\/wp\/v2\/categories?post=960"},{"taxonomy":"post_tag","embeddable":true,"href":"https:\/\/sv-oberperfuss.at\/fussball\/wp-json\/wp\/v2\/tags?post=960"}],"curies":[{"name":"wp","href":"https:\/\/api.w.org\/{rel}","templated":true}]}}