{"id":662,"date":"2010-04-25T20:00:34","date_gmt":"2010-04-25T18:00:34","guid":{"rendered":"https:\/\/sv-oberperfuss.at\/fussball\/?p=662"},"modified":"2010-04-25T20:02:41","modified_gmt":"2010-04-25T18:02:41","slug":"sv-krone-oberperfuss-sv-reutte-00","status":"publish","type":"post","link":"https:\/\/sv-oberperfuss.at\/fussball\/sv-krone-oberperfuss-sv-reutte-00\/","title":{"rendered":"SV Krone Oberperfuss : SV Reutte   0:0"},"content":{"rendered":"<p>In der 20. Runde der LLW war der aktuelle Tabellenf\u00fchrer SV Reutte zu Gast in Oberperfuss.<\/p>\n<p>Die Zielsetzung war klar: Revanche f\u00fcr die Ausw\u00e4rtsniederlage in Reutte, wo der SVO in der 92. Minute den Siegestreffer f\u00fcr Reutte hinnehmen musste.<\/p>\n<p><!--more-->Die erste Halbzeit war gepr\u00e4gt von&nbsp;viel Taktik auf beiden Seiten. Man merkte, dass keine der beiden Mannschaften fr\u00fch in R\u00fcckstand geraten wollte. Dennoch entwickelte sich ein Spiel&nbsp;mit hohem Tempo&nbsp;auf gutem Niveau. Torchancen blieben Mangelware auf beiden Seiten. Die einzige nennenswerte Aktion f\u00fcr den SVO war ein Volleyschuss von Felix Triendl in der 15. Minute, den der Reuttener Schlussmann per Faustabwehr parieren konnte. Der SV Reutte blieb stets gef\u00e4hrlich, hatte jedoch wie auch der&nbsp; SVO keine zwingende Torchance.&nbsp; Somit ging es gerecht mit 0:0 in die&nbsp;Pause.<\/p>\n<p>Die zweite Halbzeit war \u00e4hnlich druckvoll und temporeich wie Halbzeit eins. Man merkte jedoch, dass beide Teams versuchten, kontrolliert zu Torchancen zu kommen.<\/p>\n<p>Bereits in Minute 49 gab es die Gro\u00dfchance f\u00fcr den SVO, welche ein solches Spiel entscheiden kann. Gregor Hupfauf tauchte an der linken Seite durch und&nbsp;bediente den rechts frei stehenden Christian Bucher. Dieser machte alles richtig,&nbsp;brachte den Ball unter Kontrolle und zog ins lange Eck ab. Nur der ausgezeichnete Reuttener Torh\u00fcter Martin Bichl verhinderte die Oberperfer F\u00fchrung. Auch Reutte blieb&nbsp;aus dem Spiel immer gef\u00e4hrlich und hatte seine M\u00f6glichkeiten. Als sich alle bereits mit dem Unentschieden abgefunden hatten, gab es noch eine Offensivaktion f\u00fcr den SVO.&nbsp; Christian Spiegl bekam am 16-Meterraum den Ball und entschied sich selbst abzuschliessen, traf jedoch den Reuttener Verteidiger. Schade, denn&nbsp;es w\u00e4ren zwei Oberperfuss-Spieler deutlich besser postiert gewesen.<\/p>\n<p>In Summe mit 0:0 ein gerechtes Unentschieden in einem hochklassigen Spiel.<\/p>\n<p>N\u00e4chste Woche erwartet&nbsp;den SVO eine schwierige Aufgabe ausw\u00e4rts beim SV&nbsp;ZAMS.<\/p>\n<p>Anstoss Freitag <strong>19.04.2010 um 19:30&nbsp;uhr<\/strong><\/p>\n\n\t\t<style type=\"text\/css\">\n\t\t\t#gallery-1 {\n\t\t\t\tmargin: auto;\n\t\t\t}\n\t\t\t#gallery-1 .gallery-item {\n\t\t\t\tfloat: left;\n\t\t\t\tmargin-top: 10px;\n\t\t\t\ttext-align: center;\n\t\t\t\twidth: 25%;\n\t\t\t}\n\t\t\t#gallery-1 img {\n\t\t\t\tborder: 2px solid #cfcfcf;\n\t\t\t}\n\t\t\t#gallery-1 .gallery-caption {\n\t\t\t\tmargin-left: 0;\n\t\t\t}\n\t\t\t\/* see gallery_shortcode() in wp-includes\/media.php *\/\n\t\t<\/style>\n\t\t<div id=\"gallery-1\" class=\"gallery galleryid-662 gallery-columns-4 gallery-size-thumbnail\"><dl class=\"gallery-item\">\n\t\t\t<dt class=\"gallery-icon landscape\">\n\t\t\t\t<a href=\"https:\/\/sv-oberperfuss.at\/fussball\/files\/2010\/04\/svo-reutte-1.JPG\"><img width=\"150\" height=\"150\" src=\"https:\/\/sv-oberperfuss.at\/fussball\/files\/2010\/04\/svo-reutte-1-150x150.jpg\" class=\"attachment-thumbnail size-thumbnail\" alt loading=\"lazy\"><\/a>\n\t\t\t<\/dt><\/dl><dl class=\"gallery-item\">\n\t\t\t<dt class=\"gallery-icon landscape\">\n\t\t\t\t<a href=\"https:\/\/sv-oberperfuss.at\/fussball\/files\/2010\/04\/svo-reutte-2.JPG\"><img width=\"150\" height=\"150\" src=\"https:\/\/sv-oberperfuss.at\/fussball\/files\/2010\/04\/svo-reutte-2-150x150.jpg\" class=\"attachment-thumbnail size-thumbnail\" alt loading=\"lazy\"><\/a>\n\t\t\t<\/dt><\/dl><dl class=\"gallery-item\">\n\t\t\t<dt class=\"gallery-icon landscape\">\n\t\t\t\t<a href=\"https:\/\/sv-oberperfuss.at\/fussball\/files\/2010\/04\/svo-reutte-3.JPG\"><img width=\"150\" height=\"150\" src=\"https:\/\/sv-oberperfuss.at\/fussball\/files\/2010\/04\/svo-reutte-3-150x150.jpg\" class=\"attachment-thumbnail size-thumbnail\" alt loading=\"lazy\"><\/a>\n\t\t\t<\/dt><\/dl><dl class=\"gallery-item\">\n\t\t\t<dt class=\"gallery-icon landscape\">\n\t\t\t\t<a href=\"https:\/\/sv-oberperfuss.at\/fussball\/files\/2010\/04\/svo-reutte-4.JPG\"><img width=\"150\" height=\"150\" src=\"https:\/\/sv-oberperfuss.at\/fussball\/files\/2010\/04\/svo-reutte-4-150x150.jpg\" class=\"attachment-thumbnail size-thumbnail\" alt loading=\"lazy\"><\/a>\n\t\t\t<\/dt><\/dl><br style=\"clear: both\"><dl class=\"gallery-item\">\n\t\t\t<dt class=\"gallery-icon landscape\">\n\t\t\t\t<a href=\"https:\/\/sv-oberperfuss.at\/fussball\/files\/2010\/04\/1.JPG\"><img width=\"150\" height=\"150\" src=\"https:\/\/sv-oberperfuss.at\/fussball\/files\/2010\/04\/1-150x150.jpg\" class=\"attachment-thumbnail size-thumbnail\" alt loading=\"lazy\"><\/a>\n\t\t\t<\/dt><\/dl><dl class=\"gallery-item\">\n\t\t\t<dt class=\"gallery-icon portrait\">\n\t\t\t\t<a href=\"https:\/\/sv-oberperfuss.at\/fussball\/files\/2010\/04\/2.JPG\"><img width=\"150\" height=\"150\" src=\"https:\/\/sv-oberperfuss.at\/fussball\/files\/2010\/04\/2-150x150.jpg\" class=\"attachment-thumbnail size-thumbnail\" alt loading=\"lazy\"><\/a>\n\t\t\t<\/dt><\/dl><dl class=\"gallery-item\">\n\t\t\t<dt class=\"gallery-icon landscape\">\n\t\t\t\t<a href=\"https:\/\/sv-oberperfuss.at\/fussball\/files\/2010\/04\/mieze2.JPG\"><img width=\"150\" height=\"150\" src=\"https:\/\/sv-oberperfuss.at\/fussball\/files\/2010\/04\/mieze2-150x150.jpg\" class=\"attachment-thumbnail size-thumbnail\" alt loading=\"lazy\"><\/a>\n\t\t\t<\/dt><\/dl><dl class=\"gallery-item\">\n\t\t\t<dt class=\"gallery-icon portrait\">\n\t\t\t\t<a href=\"https:\/\/sv-oberperfuss.at\/fussball\/files\/2010\/04\/4.JPG\"><img width=\"150\" height=\"150\" src=\"https:\/\/sv-oberperfuss.at\/fussball\/files\/2010\/04\/4-150x150.jpg\" class=\"attachment-thumbnail size-thumbnail\" alt loading=\"lazy\"><\/a>\n\t\t\t<\/dt><\/dl><br style=\"clear: both\"><dl class=\"gallery-item\">\n\t\t\t<dt class=\"gallery-icon landscape\">\n\t\t\t\t<a href=\"https:\/\/sv-oberperfuss.at\/fussball\/files\/2010\/04\/5.JPG\"><img width=\"150\" height=\"150\" src=\"https:\/\/sv-oberperfuss.at\/fussball\/files\/2010\/04\/5-150x150.jpg\" class=\"attachment-thumbnail size-thumbnail\" alt loading=\"lazy\"><\/a>\n\t\t\t<\/dt><\/dl><dl class=\"gallery-item\">\n\t\t\t<dt class=\"gallery-icon landscape\">\n\t\t\t\t<a href=\"https:\/\/sv-oberperfuss.at\/fussball\/files\/2010\/04\/6.JPG\"><img width=\"150\" height=\"150\" src=\"https:\/\/sv-oberperfuss.at\/fussball\/files\/2010\/04\/6-150x150.jpg\" class=\"attachment-thumbnail size-thumbnail\" alt loading=\"lazy\"><\/a>\n\t\t\t<\/dt><\/dl><dl class=\"gallery-item\">\n\t\t\t<dt class=\"gallery-icon landscape\">\n\t\t\t\t<a href=\"https:\/\/sv-oberperfuss.at\/fussball\/files\/2010\/04\/7.JPG\"><img width=\"150\" height=\"150\" src=\"https:\/\/sv-oberperfuss.at\/fussball\/files\/2010\/04\/7-150x150.jpg\" class=\"attachment-thumbnail size-thumbnail\" alt loading=\"lazy\"><\/a>\n\t\t\t<\/dt><\/dl><dl class=\"gallery-item\">\n\t\t\t<dt class=\"gallery-icon portrait\">\n\t\t\t\t<a href=\"https:\/\/sv-oberperfuss.at\/fussball\/files\/2010\/04\/clemi.JPG\"><img width=\"150\" height=\"150\" src=\"https:\/\/sv-oberperfuss.at\/fussball\/files\/2010\/04\/clemi-150x150.jpg\" class=\"attachment-thumbnail size-thumbnail\" alt loading=\"lazy\"><\/a>\n\t\t\t<\/dt><\/dl><br style=\"clear: both\"><dl class=\"gallery-item\">\n\t\t\t<dt class=\"gallery-icon landscape\">\n\t\t\t\t<a href=\"https:\/\/sv-oberperfuss.at\/fussball\/files\/2010\/04\/gregor2.JPG\"><img width=\"150\" height=\"150\" src=\"https:\/\/sv-oberperfuss.at\/fussball\/files\/2010\/04\/gregor2-150x150.jpg\" class=\"attachment-thumbnail size-thumbnail\" alt loading=\"lazy\"><\/a>\n\t\t\t<\/dt><\/dl><dl class=\"gallery-item\">\n\t\t\t<dt class=\"gallery-icon portrait\">\n\t\t\t\t<a href=\"https:\/\/sv-oberperfuss.at\/fussball\/files\/2010\/04\/gregor3.JPG\"><img width=\"150\" height=\"150\" src=\"https:\/\/sv-oberperfuss.at\/fussball\/files\/2010\/04\/gregor3-150x150.jpg\" class=\"attachment-thumbnail size-thumbnail\" alt loading=\"lazy\"><\/a>\n\t\t\t<\/dt><\/dl><dl class=\"gallery-item\">\n\t\t\t<dt class=\"gallery-icon landscape\">\n\t\t\t\t<a href=\"https:\/\/sv-oberperfuss.at\/fussball\/files\/2010\/04\/gregor1.JPG\"><img width=\"150\" height=\"150\" src=\"https:\/\/sv-oberperfuss.at\/fussball\/files\/2010\/04\/gregor1-150x150.jpg\" class=\"attachment-thumbnail size-thumbnail\" alt loading=\"lazy\"><\/a>\n\t\t\t<\/dt><\/dl><dl class=\"gallery-item\">\n\t\t\t<dt class=\"gallery-icon portrait\">\n\t\t\t\t<a href=\"https:\/\/sv-oberperfuss.at\/fussball\/files\/2010\/04\/clemi2.JPG\"><img width=\"150\" height=\"150\" src=\"https:\/\/sv-oberperfuss.at\/fussball\/files\/2010\/04\/clemi2-150x150.jpg\" class=\"attachment-thumbnail size-thumbnail\" alt loading=\"lazy\"><\/a>\n\t\t\t<\/dt><\/dl><br style=\"clear: both\"><dl class=\"gallery-item\">\n\t\t\t<dt class=\"gallery-icon portrait\">\n\t\t\t\t<a href=\"https:\/\/sv-oberperfuss.at\/fussball\/files\/2010\/04\/mieze.JPG\"><img width=\"150\" height=\"150\" src=\"https:\/\/sv-oberperfuss.at\/fussball\/files\/2010\/04\/mieze-150x150.jpg\" class=\"attachment-thumbnail size-thumbnail\" alt loading=\"lazy\"><\/a>\n\t\t\t<\/dt><\/dl>\n\t\t\t<br style=\"clear: both\">\n\t\t<\/div>\n\n","protected":false},"excerpt":{"rendered":"<p>In der 20. Runde der LLW war der aktuelle Tabellenf\u00fchrer SV Reutte zu Gast in Oberperfuss. Die Zielsetzung war klar: Revanche f\u00fcr die Ausw\u00e4rtsniederlage in Reutte, wo der SVO in der 92. Minute den Siegestreffer f\u00fcr Reutte hinnehmen musste.<\/p>\n","protected":false},"author":8,"featured_media":0,"comment_status":"open","ping_status":"closed","sticky":false,"template":"","format":"standard","meta":{"wp_typography_post_enhancements_disabled":false},"categories":[4],"tags":[],"_links":{"self":[{"href":"https:\/\/sv-oberperfuss.at\/fussball\/wp-json\/wp\/v2\/posts\/662"}],"collection":[{"href":"https:\/\/sv-oberperfuss.at\/fussball\/wp-json\/wp\/v2\/posts"}],"about":[{"href":"https:\/\/sv-oberperfuss.at\/fussball\/wp-json\/wp\/v2\/types\/post"}],"author":[{"embeddable":true,"href":"https:\/\/sv-oberperfuss.at\/fussball\/wp-json\/wp\/v2\/users\/8"}],"replies":[{"embeddable":true,"href":"https:\/\/sv-oberperfuss.at\/fussball\/wp-json\/wp\/v2\/comments?post=662"}],"version-history":[{"count":8,"href":"https:\/\/sv-oberperfuss.at\/fussball\/wp-json\/wp\/v2\/posts\/662\/revisions"}],"predecessor-version":[{"id":686,"href":"https:\/\/sv-oberperfuss.at\/fussball\/wp-json\/wp\/v2\/posts\/662\/revisions\/686"}],"wp:attachment":[{"href":"https:\/\/sv-oberperfuss.at\/fussball\/wp-json\/wp\/v2\/media?parent=662"}],"wp:term":[{"taxonomy":"category","embeddable":true,"href":"https:\/\/sv-oberperfuss.at\/fussball\/wp-json\/wp\/v2\/categories?post=662"},{"taxonomy":"post_tag","embeddable":true,"href":"https:\/\/sv-oberperfuss.at\/fussball\/wp-json\/wp\/v2\/tags?post=662"}],"curies":[{"name":"wp","href":"https:\/\/api.w.org\/{rel}","templated":true}]}}