{"id":622,"date":"2010-04-19T21:16:24","date_gmt":"2010-04-19T19:16:24","guid":{"rendered":"https:\/\/sv-oberperfuss.at\/fussball\/?p=622"},"modified":"2010-04-19T21:16:24","modified_gmt":"2010-04-19T19:16:24","slug":"sv-veldidena-sv-krone-oberperfuss-21","status":"publish","type":"post","link":"https:\/\/sv-oberperfuss.at\/fussball\/sv-veldidena-sv-krone-oberperfuss-21\/","title":{"rendered":"SV Veldidena : SV Krone Oberperfuss   2:1"},"content":{"rendered":"<p>Im zweiten Ausw\u00e4rtsspiel der R\u00fcckrunde stellte sich der SVO auf ein schwieriges Spiel am Innsbrucker Besele-Sportplatz gegen den SV Veldidena ein.<\/p>\n<p>Zumindest auf dem Papier schienen die Rollen klar verteilt. Auf dem schwierigen Kunstrasenplatz hat dies jedoch erfahrungsgem\u00e4\u00df nichts zu&nbsp;sagen.<!--more--><\/p>\n<p>Die erste Halbzeit begann erwartungsgem\u00e4ss.&nbsp; Der SVO war klar besser und hatte eindeutig mehr Spielanteil. Bereits in der 7.&nbsp; Spielminute gab es f\u00fcr den SVO Grund zum Jubeln. Christian Bucher bekam auf der halblinken St\u00fcrmerposition den Ball und zog nach kurzem Dribbling routiniert ins kurze Eck ab. Ein Auftakt nach Ma\u00df f\u00fcr den&nbsp;SVO.<\/p>\n<p>Richtiges Fussballspiel kam jedoch trotz des fr\u00fchen F\u00fchrungstreffers nicht auf. Beide Seiten beschr\u00e4nkten sich darauf die B\u00e4lle in die gegnerische Zone zu bringen und dort ihr Gl\u00fcck zu suchen. So gab es in der erste Halbzeit nur mehr eine nennenswerte Aktion f\u00fcr den SVO. Christian Spiegl stand pl\u00f6tzlich allein am rechten 16-Meterraum und zog sofort ab. Nur der Schlussmann der Veldidena sorgte daf\u00fcr, dass es mit 0:1 in die Pause&nbsp;ging.<\/p>\n<p>Die zweite Halbzeit begann nach Ma\u00df f\u00fcr den SVO. Beim Anstoss ein weiter Ball hinter die Veldidena-Abwehr auf Gregor Hupfauf. Dieser konnte den Ball leider nicht vollst\u00e4ndig unter Kontrolle bringen und spielte quer auf Christian Bucher, welcher den Ball aber leider nicht mehr \u00fcber die Linie brachte.<\/p>\n<p>Tore, die man nicht schiesst bekommnt man irgendwann bekanntlich selbst. \u2014 Leider sollte sich dieser Spruch bewahrheiten.<\/p>\n<p>In Minute 63 ein Angiff der SV Veldidena \u00fcber die linke Seite. In der Mitte stand Mario Klingenschmid frei, dieser bekam den Ball und zog vom 16-Meterraum ab. Der Oberperfer Schlussmann sah den Ball zu sp\u00e4t und konnte nur mehr ins eigene Tor abwehren. Neuer Spielstand somit 1:1.<\/p>\n<p>Offenbar geschockt vom Ausgleichstreffer ging beim SVO gar nichts mehr. Der Ball wurde gro\u00dfteils ideenlos in den gegnerischen 16er geschlagen. In der 75. Minute dann ein hoher Ball Richtung Oberperfer Abwehr. Der Schiedrichter entschied auf Foul an der Strafraumgrenze. Cem Korkmaz verwandelte den darauffolgenden Freistoss. Somit neuer Spielstand 2:1. Oberperfuss war nicht mehr in der Lage das Spiel zu drehen und hatte auch keine nennenswerte Torchance mehr \u2014&nbsp; Endstand 2:1.<\/p>\n<p>In Summe ein gl\u00fccklicher, aber sicherlich nicht unverdienter Sieg f\u00fcr den SV Veldidena.<\/p>\n","protected":false},"excerpt":{"rendered":"<p>Im zweiten Ausw\u00e4rtsspiel der R\u00fcckrunde stellte sich der SVO auf ein schwieriges Spiel am Innsbrucker Besele-Sportplatz gegen den SV Veldidena ein. Zumindest auf dem Papier schienen die Rollen klar verteilt. Auf dem schwierigen Kunstrasenplatz hat dies jedoch erfahrungsgem\u00e4\u00df nichts zu&nbsp;sagen.<\/p>\n","protected":false},"author":8,"featured_media":0,"comment_status":"open","ping_status":"closed","sticky":false,"template":"","format":"standard","meta":{"wp_typography_post_enhancements_disabled":false},"categories":[4],"tags":[],"_links":{"self":[{"href":"https:\/\/sv-oberperfuss.at\/fussball\/wp-json\/wp\/v2\/posts\/622"}],"collection":[{"href":"https:\/\/sv-oberperfuss.at\/fussball\/wp-json\/wp\/v2\/posts"}],"about":[{"href":"https:\/\/sv-oberperfuss.at\/fussball\/wp-json\/wp\/v2\/types\/post"}],"author":[{"embeddable":true,"href":"https:\/\/sv-oberperfuss.at\/fussball\/wp-json\/wp\/v2\/users\/8"}],"replies":[{"embeddable":true,"href":"https:\/\/sv-oberperfuss.at\/fussball\/wp-json\/wp\/v2\/comments?post=622"}],"version-history":[{"count":6,"href":"https:\/\/sv-oberperfuss.at\/fussball\/wp-json\/wp\/v2\/posts\/622\/revisions"}],"predecessor-version":[{"id":628,"href":"https:\/\/sv-oberperfuss.at\/fussball\/wp-json\/wp\/v2\/posts\/622\/revisions\/628"}],"wp:attachment":[{"href":"https:\/\/sv-oberperfuss.at\/fussball\/wp-json\/wp\/v2\/media?parent=622"}],"wp:term":[{"taxonomy":"category","embeddable":true,"href":"https:\/\/sv-oberperfuss.at\/fussball\/wp-json\/wp\/v2\/categories?post=622"},{"taxonomy":"post_tag","embeddable":true,"href":"https:\/\/sv-oberperfuss.at\/fussball\/wp-json\/wp\/v2\/tags?post=622"}],"curies":[{"name":"wp","href":"https:\/\/api.w.org\/{rel}","templated":true}]}}