{"id":5266,"date":"2020-05-28T10:31:50","date_gmt":"2020-05-28T08:31:50","guid":{"rendered":"https:\/\/sv-oberperfuss.at\/fussball\/?p=5266"},"modified":"2020-05-28T10:31:50","modified_gmt":"2020-05-28T08:31:50","slug":"fussball-start-nach-corona-wie-geht-es-weiter","status":"publish","type":"post","link":"https:\/\/sv-oberperfuss.at\/fussball\/fussball-start-nach-corona-wie-geht-es-weiter\/","title":{"rendered":"Fu\u00dfball-Start nach Corona \u2014 Wie geht es weiter?"},"content":{"rendered":"<p>Liebe Fu\u00dfballfans,<\/p>\n<p>mit einem weinenden Auge muss man feststellen, dass das Corona-Virus auch den gesamten Fu\u00dfball fest im Griff hat. Die gesamte Fr\u00fchjahrsmeisterschaft sowie der Cupbewerb konnten nicht zu Ende gespielt werden, somit wird diese Meisterschaft nicht gewertet. Das bedeutet, dass es keinen Meister bzw. Cupsieger gibt und auch kein Team auf- bzw. absteigen wird.<\/p>\n<p>Um am Ball zu bleiben, waren die Sportler*innen in dieser kuriosen Zeit auf sich selbstgestellt. Seit dem 18. Mai trainiert unsere Kampfmannschaft, unter gewissen Vorgaben, wieder am Fu\u00dfballplatz. Dabei muss der zwei-Meter Abstand eingehalten werden, Kopfb\u00e4lle und Zweik\u00e4mpfe sind verboten. Unsere Nachwuchsmannschaften starten ab Anfang Juni wieder mit dem Training.<\/p>\n<p>Verabschieden m\u00fcssen wir uns von dem U13-Trainer, Co-Coach und Spieler der Kampfmannschaft, Johannes Aichinger. Der 20-j\u00e4hrige Inzinger wird zuk\u00fcnftig in seiner Heimatgemeinde die Kampfmannschaft trainieren.&nbsp; Danke f\u00fcr deine m\u00fchevolle Arbeit bei unserem Verein und wir w\u00fcnschen dir alles Gute f\u00fcr deine weitere Karriere als Trainer.<\/p>\n<p>Wir freuen uns schon riesig auf ein Wiedersehen am Sportplatz und sind optimistisch, dass die Herbstsaison ab Mitte August wieder stattfinden kann.<\/p>\n<p>In die neue Saison startet die SPG Melach mit folgenden Mannschaften: einer U18, einer U16, einer U14, einer U12, zwei U11, zwei U10, drei U09, zwei U08 und drei U07. Au\u00dferdem sind wir immer auf der Suche nach neuen, motivierten Nachwuchsspieler*innen. Bei Interesse k\u00f6nnen sie sich gerne jederzeit melden. Der Trainingsbeginn f\u00fcr die neue Saison startet voraussichtlich Mitte&nbsp;Juli.<\/p>\n<p>Kontakt: <a href=\"mailto:fussball@sv-oberperfuss.at\">fussball@sv-oberperfuss.at<\/a><\/p>\n<p><a href=\"https:\/\/sv-oberperfuss.at\/fussball\/files\/2020\/05\/Bildschirmfoto-2020-05-27-um-18.25.59.png\"><img loading=\"lazy\" class=\"alignnone size-medium wp-image-5267\" src=\"https:\/\/sv-oberperfuss.at\/fussball\/files\/2020\/05\/Bildschirmfoto-2020-05-27-um-18.25.59-300x223.png\" alt width=\"300\" height=\"223\" srcset=\"https:\/\/sv-oberperfuss.at\/fussball\/files\/2020\/05\/Bildschirmfoto-2020-05-27-um-18.25.59-300x223.png 300w, https:\/\/sv-oberperfuss.at\/fussball\/files\/2020\/05\/Bildschirmfoto-2020-05-27-um-18.25.59-768x571.png 768w, https:\/\/sv-oberperfuss.at\/fussball\/files\/2020\/05\/Bildschirmfoto-2020-05-27-um-18.25.59.png 819w\" sizes=\"(max-width: 300px) 100vw, 300px\"><\/a><\/p>\n","protected":false},"excerpt":{"rendered":"<p>Liebe Fu\u00dfballfans, mit einem weinenden Auge muss man feststellen, dass das Corona-Virus auch den gesamten Fu\u00dfball fest im Griff hat. Die gesamte Fr\u00fchjahrsmeisterschaft sowie der Cupbewerb konnten nicht zu Ende gespielt werden, somit wird diese Meisterschaft nicht gewertet. Das bedeutet, dass es keinen Meister bzw. Cupsieger gibt und auch kein Team auf- bzw. absteigen wird.&nbsp;[\u2026]<\/p>\n","protected":false},"author":42,"featured_media":0,"comment_status":"open","ping_status":"closed","sticky":false,"template":"","format":"standard","meta":{"wp_typography_post_enhancements_disabled":false},"categories":[4],"tags":[],"_links":{"self":[{"href":"https:\/\/sv-oberperfuss.at\/fussball\/wp-json\/wp\/v2\/posts\/5266"}],"collection":[{"href":"https:\/\/sv-oberperfuss.at\/fussball\/wp-json\/wp\/v2\/posts"}],"about":[{"href":"https:\/\/sv-oberperfuss.at\/fussball\/wp-json\/wp\/v2\/types\/post"}],"author":[{"embeddable":true,"href":"https:\/\/sv-oberperfuss.at\/fussball\/wp-json\/wp\/v2\/users\/42"}],"replies":[{"embeddable":true,"href":"https:\/\/sv-oberperfuss.at\/fussball\/wp-json\/wp\/v2\/comments?post=5266"}],"version-history":[{"count":1,"href":"https:\/\/sv-oberperfuss.at\/fussball\/wp-json\/wp\/v2\/posts\/5266\/revisions"}],"predecessor-version":[{"id":5268,"href":"https:\/\/sv-oberperfuss.at\/fussball\/wp-json\/wp\/v2\/posts\/5266\/revisions\/5268"}],"wp:attachment":[{"href":"https:\/\/sv-oberperfuss.at\/fussball\/wp-json\/wp\/v2\/media?parent=5266"}],"wp:term":[{"taxonomy":"category","embeddable":true,"href":"https:\/\/sv-oberperfuss.at\/fussball\/wp-json\/wp\/v2\/categories?post=5266"},{"taxonomy":"post_tag","embeddable":true,"href":"https:\/\/sv-oberperfuss.at\/fussball\/wp-json\/wp\/v2\/tags?post=5266"}],"curies":[{"name":"wp","href":"https:\/\/api.w.org\/{rel}","templated":true}]}}