{"id":5260,"date":"2020-03-09T17:28:06","date_gmt":"2020-03-09T15:28:06","guid":{"rendered":"https:\/\/sv-oberperfuss.at\/fussball\/?p=5260"},"modified":"2020-03-09T17:28:06","modified_gmt":"2020-03-09T15:28:06","slug":"start-in-die-fruehjahrssaison-2020","status":"publish","type":"post","link":"https:\/\/sv-oberperfuss.at\/fussball\/start-in-die-fruehjahrssaison-2020\/","title":{"rendered":"Start in die Fr\u00fchjahrssaison 2020"},"content":{"rendered":"<p>Liebe Fu\u00dfballfans! Die Fu\u00dfballer und Fu\u00dfballerinnen des SV Weber Beton Oberperfuss freuen sich nach einer kurzen Winterpause und einer flei\u00dfigen Vorbereitung wieder auf die Fr\u00fchjahrssaison. Somit m\u00f6chten wir Jung und Alt beim ersten Heimspiel gegen Seefeld begr\u00fc\u00dfen. Das Spiel findet am 28. M\u00e4rz um 16:00 Uhr statt. Nur drei Tage sp\u00e4ter folgt die schwierige Herausforderung gegen die Baur-Elf aus der Elite-Liga, den FC Kitzb\u00fchel.<\/p>\n<p>In der Winterpause mussten wir uns von unserem ehemaligen Kapit\u00e4n Gregor Hupfauf verabschieden, der zuk\u00fcnftig f\u00fcr den FC Sellraintal kickt. Auf diesem Wege w\u00fcnschen wir dir alles Gute! Wir freuen uns auf den Neuzugang und ehemaligen Nachwuchs-Kicker Marius Martha, der auf Leihbasis vom FC Zirl zu uns zur\u00fcckkehrt.<\/p>\n<p>News gibt es auch aus unserer Kantine, die ab dieser Saison einen Beitrag f\u00fcr die Umwelt leistet und ausschlie\u00dflich Pfandbecher verwenden wird.<\/p>\n<p>Wir freuen uns auf viele Zuschauer und Zuschauerinnen die unsere Kampfmannschaft sowie Nachwuchsmannschaften in der kommenden Saison tatkr\u00e4ftig unterst\u00fctzen und anfeuern.<\/p>\n","protected":false},"excerpt":{"rendered":"<p>Liebe Fu\u00dfballfans! Die Fu\u00dfballer und Fu\u00dfballerinnen des SV Weber Beton Oberperfuss freuen sich nach einer kurzen Winterpause und einer flei\u00dfigen Vorbereitung wieder auf die Fr\u00fchjahrssaison. Somit m\u00f6chten wir Jung und Alt beim ersten Heimspiel gegen Seefeld begr\u00fc\u00dfen. Das Spiel findet am 28. M\u00e4rz um 16:00 Uhr statt. Nur drei Tage sp\u00e4ter folgt die schwierige Herausforderung&nbsp;[\u2026]<\/p>\n","protected":false},"author":42,"featured_media":0,"comment_status":"open","ping_status":"closed","sticky":false,"template":"","format":"standard","meta":{"wp_typography_post_enhancements_disabled":false},"categories":[4],"tags":[],"_links":{"self":[{"href":"https:\/\/sv-oberperfuss.at\/fussball\/wp-json\/wp\/v2\/posts\/5260"}],"collection":[{"href":"https:\/\/sv-oberperfuss.at\/fussball\/wp-json\/wp\/v2\/posts"}],"about":[{"href":"https:\/\/sv-oberperfuss.at\/fussball\/wp-json\/wp\/v2\/types\/post"}],"author":[{"embeddable":true,"href":"https:\/\/sv-oberperfuss.at\/fussball\/wp-json\/wp\/v2\/users\/42"}],"replies":[{"embeddable":true,"href":"https:\/\/sv-oberperfuss.at\/fussball\/wp-json\/wp\/v2\/comments?post=5260"}],"version-history":[{"count":1,"href":"https:\/\/sv-oberperfuss.at\/fussball\/wp-json\/wp\/v2\/posts\/5260\/revisions"}],"predecessor-version":[{"id":5261,"href":"https:\/\/sv-oberperfuss.at\/fussball\/wp-json\/wp\/v2\/posts\/5260\/revisions\/5261"}],"wp:attachment":[{"href":"https:\/\/sv-oberperfuss.at\/fussball\/wp-json\/wp\/v2\/media?parent=5260"}],"wp:term":[{"taxonomy":"category","embeddable":true,"href":"https:\/\/sv-oberperfuss.at\/fussball\/wp-json\/wp\/v2\/categories?post=5260"},{"taxonomy":"post_tag","embeddable":true,"href":"https:\/\/sv-oberperfuss.at\/fussball\/wp-json\/wp\/v2\/tags?post=5260"}],"curies":[{"name":"wp","href":"https:\/\/api.w.org\/{rel}","templated":true}]}}