{"id":5163,"date":"2019-08-21T22:12:09","date_gmt":"2019-08-21T20:12:09","guid":{"rendered":"https:\/\/sv-oberperfuss.at\/fussball\/?p=5163"},"modified":"2019-08-21T22:12:09","modified_gmt":"2019-08-21T20:12:09","slug":"wieder-eine-runde-weiter-im-cup","status":"publish","type":"post","link":"https:\/\/sv-oberperfuss.at\/fussball\/wieder-eine-runde-weiter-im-cup\/","title":{"rendered":"Wieder eine Runde weiter im&nbsp;Cup!"},"content":{"rendered":"<p>Eine starke Vorstellung lieferte unsere Kampfmannschaft beim Cup-Spiel gegen den Tiroler Ligisten Zams. In Minute 25 brachte David Haller die Mannschaft in F\u00fchrung. Durch einen verletzungsbedingten Wechsel kam Nico J\u00e4kel ins Spiel. Den Mannschaftj\u00fcngsten gelang es durch eine beeindruckende Aktion wenige Minuten sp\u00e4ter, ein weiteres Tor zu schie\u00dfen. In Halbzeit zwei dr\u00fcckte David Haller in nur 6 Minuten zweimal ab. Zum Schluss gelang es einem weiteren Nachwuchsspieler, Noah Heis, das letzte von insgesamt 5 Toren zu schie\u00dfen. Gratuliere zu dieser Leistung! Weiter geht es mit den Cup-Spielen erst im Oktober.<\/p>\n<p>Weniger gut verlief es beim ersten Meisterschaftsheimspiel gegen Sch\u00f6nwies\/Mils. Nach einer verletzungsreichen Partie mussten sich unsere Spieler mit 1:2 geschlagen geben.<\/p>\n<p>Nichtsdestotrotz hat die Meisterschaft erst begonnen und wir freuen uns auf viele weitere spannende Partien.<\/p>\n<p>N\u00e4chste Spiele:<\/p>\n<p>24.08 \u2013 18:00 \u2013 FC Stubai : Oberperfuss<\/p>\n<p>31.08 \u2013 18:00 \u2013 Oberperfuss : Landeck<\/p>\n<p>&nbsp;<\/p>\n<p><a href=\"https:\/\/sv-oberperfuss.at\/fussball\/files\/2019\/08\/69045377_1980234675411897_4993204248184356864_n.jpg\"><img loading=\"lazy\" class=\"alignnone size-medium wp-image-5164\" src=\"https:\/\/sv-oberperfuss.at\/fussball\/files\/2019\/08\/69045377_1980234675411897_4993204248184356864_n-300x200.jpg\" alt width=\"300\" height=\"200\" srcset=\"https:\/\/sv-oberperfuss.at\/fussball\/files\/2019\/08\/69045377_1980234675411897_4993204248184356864_n-300x200.jpg 300w, https:\/\/sv-oberperfuss.at\/fussball\/files\/2019\/08\/69045377_1980234675411897_4993204248184356864_n-768x512.jpg 768w, https:\/\/sv-oberperfuss.at\/fussball\/files\/2019\/08\/69045377_1980234675411897_4993204248184356864_n.jpg 960w\" sizes=\"(max-width: 300px) 100vw, 300px\"><\/a> <a href=\"https:\/\/sv-oberperfuss.at\/fussball\/files\/2019\/08\/69456427_1980233962078635_2782654219532894208_n-2.jpg\"><img loading=\"lazy\" class=\"alignnone size-medium wp-image-5166\" src=\"https:\/\/sv-oberperfuss.at\/fussball\/files\/2019\/08\/69456427_1980233962078635_2782654219532894208_n-2-300x200.jpg\" alt width=\"300\" height=\"200\" srcset=\"https:\/\/sv-oberperfuss.at\/fussball\/files\/2019\/08\/69456427_1980233962078635_2782654219532894208_n-2-300x200.jpg 300w, https:\/\/sv-oberperfuss.at\/fussball\/files\/2019\/08\/69456427_1980233962078635_2782654219532894208_n-2-768x512.jpg 768w, https:\/\/sv-oberperfuss.at\/fussball\/files\/2019\/08\/69456427_1980233962078635_2782654219532894208_n-2.jpg 960w\" sizes=\"(max-width: 300px) 100vw, 300px\"><\/a> <a href=\"https:\/\/sv-oberperfuss.at\/fussball\/files\/2019\/08\/69262517_1980234602078571_382320881835180032_n.jpg\"><img loading=\"lazy\" class=\"alignnone size-medium wp-image-5165\" src=\"https:\/\/sv-oberperfuss.at\/fussball\/files\/2019\/08\/69262517_1980234602078571_382320881835180032_n-300x200.jpg\" alt width=\"300\" height=\"200\" srcset=\"https:\/\/sv-oberperfuss.at\/fussball\/files\/2019\/08\/69262517_1980234602078571_382320881835180032_n-300x200.jpg 300w, https:\/\/sv-oberperfuss.at\/fussball\/files\/2019\/08\/69262517_1980234602078571_382320881835180032_n-768x512.jpg 768w, https:\/\/sv-oberperfuss.at\/fussball\/files\/2019\/08\/69262517_1980234602078571_382320881835180032_n.jpg 960w\" sizes=\"(max-width: 300px) 100vw, 300px\"><\/a><\/p>\n","protected":false},"excerpt":{"rendered":"<p>Eine starke Vorstellung lieferte unsere Kampfmannschaft beim Cup-Spiel gegen den Tiroler Ligisten Zams. In Minute 25 brachte David Haller die Mannschaft in F\u00fchrung. Durch einen verletzungsbedingten Wechsel kam Nico J\u00e4kel ins Spiel. Den Mannschaftj\u00fcngsten gelang es durch eine beeindruckende Aktion wenige Minuten sp\u00e4ter, ein weiteres Tor zu schie\u00dfen. In Halbzeit zwei dr\u00fcckte David Haller in&nbsp;[\u2026]<\/p>\n","protected":false},"author":42,"featured_media":0,"comment_status":"open","ping_status":"closed","sticky":false,"template":"","format":"standard","meta":{"wp_typography_post_enhancements_disabled":false},"categories":[4],"tags":[],"_links":{"self":[{"href":"https:\/\/sv-oberperfuss.at\/fussball\/wp-json\/wp\/v2\/posts\/5163"}],"collection":[{"href":"https:\/\/sv-oberperfuss.at\/fussball\/wp-json\/wp\/v2\/posts"}],"about":[{"href":"https:\/\/sv-oberperfuss.at\/fussball\/wp-json\/wp\/v2\/types\/post"}],"author":[{"embeddable":true,"href":"https:\/\/sv-oberperfuss.at\/fussball\/wp-json\/wp\/v2\/users\/42"}],"replies":[{"embeddable":true,"href":"https:\/\/sv-oberperfuss.at\/fussball\/wp-json\/wp\/v2\/comments?post=5163"}],"version-history":[{"count":1,"href":"https:\/\/sv-oberperfuss.at\/fussball\/wp-json\/wp\/v2\/posts\/5163\/revisions"}],"predecessor-version":[{"id":5167,"href":"https:\/\/sv-oberperfuss.at\/fussball\/wp-json\/wp\/v2\/posts\/5163\/revisions\/5167"}],"wp:attachment":[{"href":"https:\/\/sv-oberperfuss.at\/fussball\/wp-json\/wp\/v2\/media?parent=5163"}],"wp:term":[{"taxonomy":"category","embeddable":true,"href":"https:\/\/sv-oberperfuss.at\/fussball\/wp-json\/wp\/v2\/categories?post=5163"},{"taxonomy":"post_tag","embeddable":true,"href":"https:\/\/sv-oberperfuss.at\/fussball\/wp-json\/wp\/v2\/tags?post=5163"}],"curies":[{"name":"wp","href":"https:\/\/api.w.org\/{rel}","templated":true}]}}