{"id":4709,"date":"2017-12-04T17:41:05","date_gmt":"2017-12-04T15:41:05","guid":{"rendered":"https:\/\/sv-oberperfuss.at\/fussball\/?p=4709"},"modified":"2017-12-04T17:53:38","modified_gmt":"2017-12-04T15:53:38","slug":"ungewoehnlicher-nikolausbesuch","status":"publish","type":"post","link":"https:\/\/sv-oberperfuss.at\/fussball\/ungewoehnlicher-nikolausbesuch\/","title":{"rendered":"Ungew\u00f6hnlicher Nikolausbesuch !"},"content":{"rendered":"<p>Im Samstag war die U9-Mannschaft in Weber\u2018s Kantine zur Nikolausfeier der etwas anderen Art geladen.<!--more--><\/p>\n<p>Wie es sich in diesem Fall geh\u00f6rt, kommt der Nikolaus mit seinem Engel im Betonmischer, gefolgt von einer Schar gef\u00e4hrlicher Teufel.\u2026..&nbsp;\ud83d\ude08<\/p>\n<p>und die \u201cSackerln\u201d kommen direkt aus dem Betonmischer.\u2026.&nbsp;\ud83d\ude06<\/p>\n<p>Die U9-Mannschaft des SVO bedankt sich ganz herzlich bei Familie Weber f\u00fcr dieses nette&nbsp;Fest!&nbsp;\ud83d\ude00<\/p>\n<p>Als Dank f\u00fcr die tolle Unterst\u00fctzung w\u00e4hrend des ganzen Jahres \u00fcberreichte Obmann Peter Abfalterer im Zuge der Feier unserem Premium-Sponsor eine Dress mit Logo inklusive Fotos der Kampfmannschaft.&nbsp;\ud83d\ude00<\/p>\n\n\t\t<style type=\"text\/css\">\n\t\t\t#gallery-1 {\n\t\t\t\tmargin: auto;\n\t\t\t}\n\t\t\t#gallery-1 .gallery-item {\n\t\t\t\tfloat: left;\n\t\t\t\tmargin-top: 10px;\n\t\t\t\ttext-align: center;\n\t\t\t\twidth: 50%;\n\t\t\t}\n\t\t\t#gallery-1 img {\n\t\t\t\tborder: 2px solid #cfcfcf;\n\t\t\t}\n\t\t\t#gallery-1 .gallery-caption {\n\t\t\t\tmargin-left: 0;\n\t\t\t}\n\t\t\t\/* see gallery_shortcode() in wp-includes\/media.php *\/\n\t\t<\/style>\n\t\t<div id=\"gallery-1\" class=\"gallery galleryid-4709 gallery-columns-2 gallery-size-thumbnail\"><dl class=\"gallery-item\">\n\t\t\t<dt class=\"gallery-icon landscape\">\n\t\t\t\t<a href=\"https:\/\/sv-oberperfuss.at\/fussball\/files\/2017\/12\/DSC06121_1.jpg\"><img width=\"150\" height=\"150\" src=\"https:\/\/sv-oberperfuss.at\/fussball\/files\/2017\/12\/DSC06121_1-150x150.jpg\" class=\"attachment-thumbnail size-thumbnail\" alt loading=\"lazy\"><\/a>\n\t\t\t<\/dt><\/dl><dl class=\"gallery-item\">\n\t\t\t<dt class=\"gallery-icon portrait\">\n\t\t\t\t<a href=\"https:\/\/sv-oberperfuss.at\/fussball\/files\/2017\/12\/DSC06109_1.jpg\"><img width=\"150\" height=\"150\" src=\"https:\/\/sv-oberperfuss.at\/fussball\/files\/2017\/12\/DSC06109_1-150x150.jpg\" class=\"attachment-thumbnail size-thumbnail\" alt loading=\"lazy\"><\/a>\n\t\t\t<\/dt><\/dl><br style=\"clear: both\"><dl class=\"gallery-item\">\n\t\t\t<dt class=\"gallery-icon portrait\">\n\t\t\t\t<a href=\"https:\/\/sv-oberperfuss.at\/fussball\/files\/2017\/12\/DSC06142_1.jpg\"><img width=\"150\" height=\"150\" src=\"https:\/\/sv-oberperfuss.at\/fussball\/files\/2017\/12\/DSC06142_1-150x150.jpg\" class=\"attachment-thumbnail size-thumbnail\" alt loading=\"lazy\"><\/a>\n\t\t\t<\/dt><\/dl><dl class=\"gallery-item\">\n\t\t\t<dt class=\"gallery-icon portrait\">\n\t\t\t\t<a href=\"https:\/\/sv-oberperfuss.at\/fussball\/files\/2017\/12\/DSC06150_1.jpg\"><img width=\"150\" height=\"150\" src=\"https:\/\/sv-oberperfuss.at\/fussball\/files\/2017\/12\/DSC06150_1-150x150.jpg\" class=\"attachment-thumbnail size-thumbnail\" alt loading=\"lazy\"><\/a>\n\t\t\t<\/dt><\/dl><br style=\"clear: both\"><dl class=\"gallery-item\">\n\t\t\t<dt class=\"gallery-icon portrait\">\n\t\t\t\t<a href=\"https:\/\/sv-oberperfuss.at\/fussball\/files\/2017\/12\/DSC06153_1.jpg\"><img width=\"150\" height=\"150\" src=\"https:\/\/sv-oberperfuss.at\/fussball\/files\/2017\/12\/DSC06153_1-150x150.jpg\" class=\"attachment-thumbnail size-thumbnail\" alt loading=\"lazy\"><\/a>\n\t\t\t<\/dt><\/dl><dl class=\"gallery-item\">\n\t\t\t<dt class=\"gallery-icon portrait\">\n\t\t\t\t<a href=\"https:\/\/sv-oberperfuss.at\/fussball\/files\/2017\/12\/DSC06176_1.jpg\"><img width=\"150\" height=\"150\" src=\"https:\/\/sv-oberperfuss.at\/fussball\/files\/2017\/12\/DSC06176_1-150x150.jpg\" class=\"attachment-thumbnail size-thumbnail\" alt loading=\"lazy\"><\/a>\n\t\t\t<\/dt><\/dl><br style=\"clear: both\"><dl class=\"gallery-item\">\n\t\t\t<dt class=\"gallery-icon landscape\">\n\t\t\t\t<a href=\"https:\/\/sv-oberperfuss.at\/fussball\/files\/2017\/12\/DSC06169_1.jpg\"><img width=\"150\" height=\"150\" src=\"https:\/\/sv-oberperfuss.at\/fussball\/files\/2017\/12\/DSC06169_1-150x150.jpg\" class=\"attachment-thumbnail size-thumbnail\" alt loading=\"lazy\"><\/a>\n\t\t\t<\/dt><\/dl><dl class=\"gallery-item\">\n\t\t\t<dt class=\"gallery-icon landscape\">\n\t\t\t\t<a href=\"https:\/\/sv-oberperfuss.at\/fussball\/files\/2017\/12\/DSC06185_1.jpg\"><img width=\"150\" height=\"150\" src=\"https:\/\/sv-oberperfuss.at\/fussball\/files\/2017\/12\/DSC06185_1-150x150.jpg\" class=\"attachment-thumbnail size-thumbnail\" alt loading=\"lazy\"><\/a>\n\t\t\t<\/dt><\/dl><br style=\"clear: both\"><dl class=\"gallery-item\">\n\t\t\t<dt class=\"gallery-icon landscape\">\n\t\t\t\t<a href=\"https:\/\/sv-oberperfuss.at\/fussball\/files\/2017\/12\/DSC06273_2.jpg\"><img width=\"150\" height=\"150\" src=\"https:\/\/sv-oberperfuss.at\/fussball\/files\/2017\/12\/DSC06273_2-150x150.jpg\" class=\"attachment-thumbnail size-thumbnail\" alt loading=\"lazy\"><\/a>\n\t\t\t<\/dt><\/dl><dl class=\"gallery-item\">\n\t\t\t<dt class=\"gallery-icon portrait\">\n\t\t\t\t<a href=\"https:\/\/sv-oberperfuss.at\/fussball\/files\/2017\/12\/DSC06101_1.jpg\"><img width=\"150\" height=\"150\" src=\"https:\/\/sv-oberperfuss.at\/fussball\/files\/2017\/12\/DSC06101_1-150x150.jpg\" class=\"attachment-thumbnail size-thumbnail\" alt loading=\"lazy\"><\/a>\n\t\t\t<\/dt><\/dl><br style=\"clear: both\">\n\t\t<\/div>\n\n","protected":false},"excerpt":{"rendered":"<p>Im Samstag war die U9-Mannschaft in Weber\u2018s Kantine zur Nikolausfeier der etwas anderen Art geladen.<\/p>\n","protected":false},"author":8,"featured_media":0,"comment_status":"open","ping_status":"closed","sticky":false,"template":"","format":"standard","meta":{"wp_typography_post_enhancements_disabled":false},"categories":[4],"tags":[],"_links":{"self":[{"href":"https:\/\/sv-oberperfuss.at\/fussball\/wp-json\/wp\/v2\/posts\/4709"}],"collection":[{"href":"https:\/\/sv-oberperfuss.at\/fussball\/wp-json\/wp\/v2\/posts"}],"about":[{"href":"https:\/\/sv-oberperfuss.at\/fussball\/wp-json\/wp\/v2\/types\/post"}],"author":[{"embeddable":true,"href":"https:\/\/sv-oberperfuss.at\/fussball\/wp-json\/wp\/v2\/users\/8"}],"replies":[{"embeddable":true,"href":"https:\/\/sv-oberperfuss.at\/fussball\/wp-json\/wp\/v2\/comments?post=4709"}],"version-history":[{"count":6,"href":"https:\/\/sv-oberperfuss.at\/fussball\/wp-json\/wp\/v2\/posts\/4709\/revisions"}],"predecessor-version":[{"id":4726,"href":"https:\/\/sv-oberperfuss.at\/fussball\/wp-json\/wp\/v2\/posts\/4709\/revisions\/4726"}],"wp:attachment":[{"href":"https:\/\/sv-oberperfuss.at\/fussball\/wp-json\/wp\/v2\/media?parent=4709"}],"wp:term":[{"taxonomy":"category","embeddable":true,"href":"https:\/\/sv-oberperfuss.at\/fussball\/wp-json\/wp\/v2\/categories?post=4709"},{"taxonomy":"post_tag","embeddable":true,"href":"https:\/\/sv-oberperfuss.at\/fussball\/wp-json\/wp\/v2\/tags?post=4709"}],"curies":[{"name":"wp","href":"https:\/\/api.w.org\/{rel}","templated":true}]}}