{"id":4617,"date":"2017-08-21T09:13:32","date_gmt":"2017-08-21T07:13:32","guid":{"rendered":"https:\/\/sv-oberperfuss.at\/fussball\/?p=4617"},"modified":"2017-08-21T09:13:32","modified_gmt":"2017-08-21T07:13:32","slug":"heimniederlage-gegen-sv-absam-fanbus-zum-spiel-gegen-sv-reutte-am-26-8","status":"publish","type":"post","link":"https:\/\/sv-oberperfuss.at\/fussball\/heimniederlage-gegen-sv-absam-fanbus-zum-spiel-gegen-sv-reutte-am-26-8\/","title":{"rendered":"Heimniederlage gegen SV Absam, FANBUS zum Spiel gegen SV Reutte am 26.8."},"content":{"rendered":"<p>Neue Dressen unseres Premiums Partners Weber Beton Logistik GmbH\u200b, zwei Tore durch Dominik Rofner und Florian Bucher, am Ende aber 2 zu 4 gegen SV Absam\u200b verloren. Es ist ein schwerer Start in die neue Landesliga West Saison f\u00fcr unsere Jungs. Daher volle Unterst\u00fctzung beim Ausw\u00e4rtsspiel gegen den SV Reutte\u200b am 26.8. (Sa.). Um 15 Uhr startet der SVO-Fanbus, bitte alle p\u00fcnktlich sein und unsere Jungs im Ausserfern anfeuern und unterst\u00fctzen&nbsp;\ud83d\ude42<\/p>\n<p><a href=\"http:\/\/www.fussballoesterreich.at\/spieldetails\/2075577\/?Oberperfuss-vs-Absam&amp;show=bericht\">Bericht zum Spiel auf der TFV&nbsp;Seite<\/a><\/p>\n<p><a href=\"https:\/\/sv-oberperfuss.at\/fussball\/files\/2017\/04\/svo_bus.jpg\"><img loading=\"lazy\" class=\"aligncenter size-full wp-image-4446\" src=\"https:\/\/sv-oberperfuss.at\/fussball\/files\/2017\/04\/svo_bus.jpg\" alt width=\"1920\" height=\"1057\" srcset=\"https:\/\/sv-oberperfuss.at\/fussball\/files\/2017\/04\/svo_bus.jpg 1920w, https:\/\/sv-oberperfuss.at\/fussball\/files\/2017\/04\/svo_bus-300x165.jpg 300w, https:\/\/sv-oberperfuss.at\/fussball\/files\/2017\/04\/svo_bus-768x423.jpg 768w, https:\/\/sv-oberperfuss.at\/fussball\/files\/2017\/04\/svo_bus-1024x564.jpg 1024w\" sizes=\"(max-width: 1920px) 100vw, 1920px\"><\/a><\/p>\n","protected":false},"excerpt":{"rendered":"<p>Neue Dressen unseres Premiums Partners Weber Beton Logistik GmbH\u200b, zwei Tore durch Dominik Rofner und Florian Bucher, am Ende aber 2 zu 4 gegen SV Absam\u200b verloren. Es ist ein schwerer Start in die neue Landesliga West Saison f\u00fcr unsere Jungs. Daher volle Unterst\u00fctzung beim Ausw\u00e4rtsspiel gegen den SV Reutte\u200b am 26.8. (Sa.). Um&nbsp;15&nbsp;[\u2026]<\/p>\n","protected":false},"author":8,"featured_media":0,"comment_status":"open","ping_status":"closed","sticky":false,"template":"","format":"standard","meta":{"wp_typography_post_enhancements_disabled":false},"categories":[4],"tags":[],"_links":{"self":[{"href":"https:\/\/sv-oberperfuss.at\/fussball\/wp-json\/wp\/v2\/posts\/4617"}],"collection":[{"href":"https:\/\/sv-oberperfuss.at\/fussball\/wp-json\/wp\/v2\/posts"}],"about":[{"href":"https:\/\/sv-oberperfuss.at\/fussball\/wp-json\/wp\/v2\/types\/post"}],"author":[{"embeddable":true,"href":"https:\/\/sv-oberperfuss.at\/fussball\/wp-json\/wp\/v2\/users\/8"}],"replies":[{"embeddable":true,"href":"https:\/\/sv-oberperfuss.at\/fussball\/wp-json\/wp\/v2\/comments?post=4617"}],"version-history":[{"count":1,"href":"https:\/\/sv-oberperfuss.at\/fussball\/wp-json\/wp\/v2\/posts\/4617\/revisions"}],"predecessor-version":[{"id":4618,"href":"https:\/\/sv-oberperfuss.at\/fussball\/wp-json\/wp\/v2\/posts\/4617\/revisions\/4618"}],"wp:attachment":[{"href":"https:\/\/sv-oberperfuss.at\/fussball\/wp-json\/wp\/v2\/media?parent=4617"}],"wp:term":[{"taxonomy":"category","embeddable":true,"href":"https:\/\/sv-oberperfuss.at\/fussball\/wp-json\/wp\/v2\/categories?post=4617"},{"taxonomy":"post_tag","embeddable":true,"href":"https:\/\/sv-oberperfuss.at\/fussball\/wp-json\/wp\/v2\/tags?post=4617"}],"curies":[{"name":"wp","href":"https:\/\/api.w.org\/{rel}","templated":true}]}}