{"id":4522,"date":"2017-07-24T08:20:17","date_gmt":"2017-07-24T06:20:17","guid":{"rendered":"https:\/\/sv-oberperfuss.at\/fussball\/?p=4522"},"modified":"2017-07-24T08:20:33","modified_gmt":"2017-07-24T06:20:33","slug":"der-svo-auf-dem-weg-in-den-oefb-cup-zumindest-starten-wir-in-der-1-tfv-kerschdorfer-tirol-cup-runde","status":"publish","type":"post","link":"https:\/\/sv-oberperfuss.at\/fussball\/der-svo-auf-dem-weg-in-den-oefb-cup-zumindest-starten-wir-in-der-1-tfv-kerschdorfer-tirol-cup-runde\/","title":{"rendered":"Der SVO auf dem Weg in den \u00d6FB-Cup :-), zumindest starten wir in der 1. TFV Kerschdorfer Tirol Cup&nbsp;Runde"},"content":{"rendered":"<div>\n<div class>\n<div class=\"_1mf _1mj\">Samstag, 29.07., 18 Uhr. In der ersten Hauptrunde des TFV Kerschdorfer Tirol Cup wartet die <span class=\"_247o\">SPG Intersport Pitztal<\/span> auf uns. Gespielt wird in der HTB Arena Sch\u00f6nb\u00fchel Arzl i.P., die letzten beiden Spiele in der Landesliga West konnte der SVO f\u00fcr sich entscheiden.<\/div>\n<\/div>\n<div class>\n<div class=\"_1mf _1mj\"><\/div>\n<\/div>\n<div class>\n<div class=\"_1mf _1mj\"><a href=\"https:\/\/sv-oberperfuss.at\/fussball\/files\/2017\/07\/logo_jub_cup_1718internet.jpg\"><img loading=\"lazy\" class=\"aligncenter size-full wp-image-4523\" src=\"https:\/\/sv-oberperfuss.at\/fussball\/files\/2017\/07\/logo_jub_cup_1718internet.jpg\" alt=\"logo_jub_cup_1718internet\" width=\"595\" height=\"212\" srcset=\"https:\/\/sv-oberperfuss.at\/fussball\/files\/2017\/07\/logo_jub_cup_1718internet.jpg 595w, https:\/\/sv-oberperfuss.at\/fussball\/files\/2017\/07\/logo_jub_cup_1718internet-300x107.jpg 300w\" sizes=\"(max-width: 595px) 100vw, 595px\"><\/a><\/div>\n<\/div>\n<\/div>\n","protected":false},"excerpt":{"rendered":"<p>Samstag, 29.07., 18 Uhr. In der ersten Hauptrunde des TFV Kerschdorfer Tirol Cup wartet die SPG Intersport Pitztal auf uns. Gespielt wird in der HTB Arena Sch\u00f6nb\u00fchel Arzl i.P., die letzten beiden Spiele in der Landesliga West konnte der SVO f\u00fcr sich entscheiden.<\/p>\n","protected":false},"author":8,"featured_media":0,"comment_status":"open","ping_status":"closed","sticky":false,"template":"","format":"standard","meta":{"wp_typography_post_enhancements_disabled":false},"categories":[4],"tags":[],"_links":{"self":[{"href":"https:\/\/sv-oberperfuss.at\/fussball\/wp-json\/wp\/v2\/posts\/4522"}],"collection":[{"href":"https:\/\/sv-oberperfuss.at\/fussball\/wp-json\/wp\/v2\/posts"}],"about":[{"href":"https:\/\/sv-oberperfuss.at\/fussball\/wp-json\/wp\/v2\/types\/post"}],"author":[{"embeddable":true,"href":"https:\/\/sv-oberperfuss.at\/fussball\/wp-json\/wp\/v2\/users\/8"}],"replies":[{"embeddable":true,"href":"https:\/\/sv-oberperfuss.at\/fussball\/wp-json\/wp\/v2\/comments?post=4522"}],"version-history":[{"count":2,"href":"https:\/\/sv-oberperfuss.at\/fussball\/wp-json\/wp\/v2\/posts\/4522\/revisions"}],"predecessor-version":[{"id":4525,"href":"https:\/\/sv-oberperfuss.at\/fussball\/wp-json\/wp\/v2\/posts\/4522\/revisions\/4525"}],"wp:attachment":[{"href":"https:\/\/sv-oberperfuss.at\/fussball\/wp-json\/wp\/v2\/media?parent=4522"}],"wp:term":[{"taxonomy":"category","embeddable":true,"href":"https:\/\/sv-oberperfuss.at\/fussball\/wp-json\/wp\/v2\/categories?post=4522"},{"taxonomy":"post_tag","embeddable":true,"href":"https:\/\/sv-oberperfuss.at\/fussball\/wp-json\/wp\/v2\/tags?post=4522"}],"curies":[{"name":"wp","href":"https:\/\/api.w.org\/{rel}","templated":true}]}}