{"id":4275,"date":"2017-04-03T14:22:45","date_gmt":"2017-04-03T12:22:45","guid":{"rendered":"https:\/\/sv-oberperfuss.at\/fussball\/?p=4275"},"modified":"2017-04-05T21:05:40","modified_gmt":"2017-04-05T19:05:40","slug":"mit-auftaktssieg-in-das-fruehjahr","status":"publish","type":"post","link":"https:\/\/sv-oberperfuss.at\/fussball\/mit-auftaktssieg-in-das-fruehjahr\/","title":{"rendered":"Mit Auftaktssieg in das Fr\u00fchjahr"},"content":{"rendered":"<p>Nach dem erfolgreichen Fr\u00fchjahrsauftakt mit 1 zu 0 Erfolg gegen den SK Seefeld dank Torsch\u00fctzen Philipp Andr\u00e4, spielen wir am Samstag, 8.4. um 17 gegen den SC Mils am Milser Sportplatz. Wir freuen uns auf zahlreiche Fans, unser N\u00e4chstes Heimspiel steht dann am Samstag, 15.4. um 17 Uhr gegen die SPG Pitztal am Programm.<\/p>\n<p>Unsere Mannschaft mit Trainer Michael Messner spielte gegen Seefeld in folgender Aufstellung:<\/p>\n<p>Tor: <a href=\"http:\/\/www.fussballoesterreich.at\/netzwerk\/spielerdetails\/3\/670725461856634215_100094%7E1173640840369281173%7E0.htm\">Sandro Abfalterer<\/a>, 06 <a href=\"http:\/\/www.fussballoesterreich.at\/netzwerk\/spielerdetails\/6\/670725461856634215_100094%7E1173641029347842216%7E0.htm\">Andreas Sodja<\/a>, 07 \u201a<a href=\"http:\/\/www.fussballoesterreich.at\/netzwerk\/spielerdetails\/4\/670725461856634215_100094%7E1173640840369281174%7E0.htm\">Philipp Andr\u00e4<\/a>, 09 <a href=\"http:\/\/www.fussballoesterreich.at\/netzwerk\/spielerdetails\/4\/670725461856634215_100094%7E1173640960628365474%7E0.htm\">Christoph Lerchster<\/a>, 10 <a href=\"http:\/\/www.fussballoesterreich.at\/netzwerk\/spielerdetails\/7\/670725461856634215_100094%7E1173641063707580587%7E0.htm\">Andreas Winkler<\/a>, 11 <a href=\"http:\/\/www.fussballoesterreich.at\/netzwerk\/spielerdetails\/0\/670725461856634215_100094%7E1173641012167973030%7E0.htm\">Dominik P\u00f6der<\/a>, 16 <a href=\"http:\/\/www.fussballoesterreich.at\/netzwerk\/spielerdetails\/6\/670725461856634215_100094%7E1173640909088757916%7E0.htm\">Patrick Huber<\/a>, 17 <a href=\"http:\/\/www.fussballoesterreich.at\/netzwerk\/spielerdetails\/9\/670725461856634215_100094%7E1173640977808234659%7E0.htm\">Christoph Mersa<\/a>, 19 <a href=\"http:\/\/www.fussballoesterreich.at\/netzwerk\/spielerdetails\/2\/670725461856634215_100094%7E1173641046527711402%7E0.htm\">Emanuel Stadler<\/a>, 23 <a href=\"http:\/\/www.fussballoesterreich.at\/netzwerk\/spielerdetails\/8\/670725461856634215_100094%7E1173640823189411988%7E0.htm\">Sam Abfalterer<\/a>, 69 <a href=\"http:\/\/www.fussballoesterreich.at\/netzwerk\/spielerdetails\/7\/670725461856634215_100094%7E1173640909088757917%7E0.htm\">Gregor Hupfauf (K)<\/a><\/p>\n<p>&nbsp;<\/p>\n<p>Ersatz: <a href=\"http:\/\/www.fussballoesterreich.at\/netzwerk\/spielerdetails\/0\/670725461856634215_100094%7E1173640977808234660%7E0.htm\">Patric Mlakar<\/a>, 08 <a href=\"http:\/\/www.fussballoesterreich.at\/netzwerk\/spielerdetails\/9\/670725461856634215_100094%7E1173640857549150359%7E0.htm\">Stefan Brida<\/a>, 12 <a href=\"http:\/\/www.fussballoesterreich.at\/netzwerk\/spielerdetails\/1\/670725461856634215_100094%7E1173640891908888731%7E0.htm\">David Haller<\/a>, 13 <a href=\"http:\/\/www.fussballoesterreich.at\/netzwerk\/spielerdetails\/0\/670725461856634215_100094%7E1232941196177737430%7E0.htm\">Marius Martha<\/a>, 18 <a href=\"http:\/\/www.fussballoesterreich.at\/netzwerk\/spielerdetails\/0\/670725461856634215_100094%7E1173640891908888730%7E0.htm\">Sandro Gspan<\/a><\/p>\n<p>&nbsp;<\/p>\n<p>Auswechslungen: 64.: <a href=\"http:\/\/www.fussballoesterreich.at\/netzwerk\/spielerdetails\/1\/670725461856634215_100094%7E1173640891908888731%7E0.htm\">David Haller<\/a> f\u00fcr <a href=\"http:\/\/www.fussballoesterreich.at\/netzwerk\/spielerdetails\/8\/670725461856634215_100094%7E1173640823189411988%7E0.htm\">Sam Abfalterer<\/a>, 89.: <a href=\"http:\/\/www.fussballoesterreich.at\/netzwerk\/spielerdetails\/9\/670725461856634215_100094%7E1173640857549150359%7E0.htm\">Stefan Brida<\/a> f\u00fcr <a href=\"http:\/\/www.fussballoesterreich.at\/netzwerk\/spielerdetails\/2\/670725461856634215_100094%7E1173641046527711402%7E0.htm\">Emanuel Stadler<\/a> und 90+1.: <a href=\"http:\/\/www.fussballoesterreich.at\/netzwerk\/spielerdetails\/0\/670725461856634215_100094%7E1173640891908888730%7E0.htm\">Sandro Gspan<\/a> f\u00fcr <a href=\"http:\/\/www.fussballoesterreich.at\/netzwerk\/spielerdetails\/4\/670725461856634215_100094%7E1173640840369281174%7E0.htm\">Philipp Andr\u00e4<\/a><\/p>\n<p>&nbsp;<\/p>\n<p><strong>Tabelle:<\/strong><\/p>\n<p>1&nbsp;&nbsp;&nbsp;&nbsp; Sch\u00f6nwies\/Mils&nbsp;&nbsp;&nbsp;&nbsp;&nbsp;&nbsp;&nbsp;&nbsp;&nbsp;&nbsp;&nbsp;&nbsp;&nbsp;&nbsp;&nbsp;&nbsp;&nbsp;&nbsp;&nbsp;&nbsp;&nbsp;&nbsp;&nbsp;&nbsp;&nbsp; 14&nbsp;&nbsp;&nbsp;&nbsp;&nbsp;&nbsp;&nbsp; 30&nbsp;&nbsp;&nbsp;&nbsp;&nbsp;&nbsp;&nbsp; 37<\/p>\n<p>2&nbsp;&nbsp;&nbsp;&nbsp; Zams&nbsp;&nbsp;&nbsp;&nbsp;&nbsp;&nbsp;&nbsp;&nbsp;&nbsp;&nbsp;&nbsp;&nbsp;&nbsp;&nbsp;&nbsp;&nbsp;&nbsp;&nbsp;&nbsp;&nbsp;&nbsp;&nbsp;&nbsp;&nbsp;&nbsp;&nbsp;&nbsp;&nbsp;&nbsp;&nbsp;&nbsp;&nbsp;&nbsp;&nbsp; &nbsp; &nbsp;&nbsp;&nbsp;&nbsp;&nbsp;&nbsp;&nbsp; 14&nbsp;&nbsp;&nbsp;&nbsp;&nbsp;&nbsp;&nbsp; 27&nbsp;&nbsp;&nbsp;&nbsp;&nbsp;&nbsp;&nbsp; 29<\/p>\n<p>3&nbsp;&nbsp;&nbsp;&nbsp; Reutte&nbsp;&nbsp;&nbsp;&nbsp;&nbsp;&nbsp;&nbsp;&nbsp;&nbsp;&nbsp;&nbsp;&nbsp;&nbsp;&nbsp;&nbsp;&nbsp;&nbsp;&nbsp;&nbsp;&nbsp;&nbsp;&nbsp;&nbsp;&nbsp;&nbsp;&nbsp;&nbsp;&nbsp;&nbsp;&nbsp;&nbsp;&nbsp;&nbsp;&nbsp;&nbsp;&nbsp;&nbsp;&nbsp;&nbsp;&nbsp;&nbsp;&nbsp; 14&nbsp;&nbsp;&nbsp;&nbsp;&nbsp;&nbsp;&nbsp; 13&nbsp;&nbsp;&nbsp;&nbsp;&nbsp;&nbsp;&nbsp; 29<\/p>\n<p>4&nbsp;&nbsp;&nbsp;&nbsp; Mils&nbsp;&nbsp;&nbsp;&nbsp;&nbsp;&nbsp;&nbsp;&nbsp;&nbsp;&nbsp;&nbsp;&nbsp;&nbsp;&nbsp;&nbsp;&nbsp;&nbsp;&nbsp;&nbsp;&nbsp;&nbsp;&nbsp;&nbsp;&nbsp;&nbsp;&nbsp;&nbsp;&nbsp;&nbsp;&nbsp;&nbsp;&nbsp;&nbsp;&nbsp;&nbsp;&nbsp;&nbsp;&nbsp;&nbsp;&nbsp;&nbsp;&nbsp;&nbsp;&nbsp;&nbsp;&nbsp; 14&nbsp;&nbsp;&nbsp;&nbsp;&nbsp;&nbsp;&nbsp; 18&nbsp;&nbsp;&nbsp;&nbsp;&nbsp;&nbsp;&nbsp; 28<\/p>\n<p>5&nbsp;&nbsp;&nbsp;&nbsp; Absam&nbsp;&nbsp;&nbsp;&nbsp;&nbsp;&nbsp;&nbsp;&nbsp;&nbsp;&nbsp;&nbsp;&nbsp;&nbsp;&nbsp;&nbsp;&nbsp;&nbsp;&nbsp;&nbsp;&nbsp;&nbsp;&nbsp;&nbsp;&nbsp;&nbsp;&nbsp;&nbsp;&nbsp;&nbsp;&nbsp;&nbsp;&nbsp;&nbsp;&nbsp;&nbsp;&nbsp;&nbsp;&nbsp;&nbsp;&nbsp;&nbsp;&nbsp; 14&nbsp;&nbsp;&nbsp;&nbsp;&nbsp;&nbsp;&nbsp; 12&nbsp;&nbsp;&nbsp;&nbsp;&nbsp;&nbsp;&nbsp; 24<\/p>\n<p>6&nbsp;&nbsp;&nbsp;&nbsp; FC Koch T\u00fcren Natters&nbsp;&nbsp;&nbsp;&nbsp;&nbsp;&nbsp;&nbsp;&nbsp;&nbsp;&nbsp;&nbsp;&nbsp; 14&nbsp;&nbsp;&nbsp;&nbsp;&nbsp;&nbsp;&nbsp; 8&nbsp;&nbsp;&nbsp;&nbsp;&nbsp;&nbsp;&nbsp;&nbsp;&nbsp; 22<\/p>\n<p>7&nbsp;&nbsp;&nbsp;&nbsp; Axams&nbsp;&nbsp;&nbsp;&nbsp;&nbsp;&nbsp;&nbsp;&nbsp;&nbsp;&nbsp;&nbsp;&nbsp;&nbsp;&nbsp;&nbsp;&nbsp;&nbsp;&nbsp;&nbsp;&nbsp;&nbsp;&nbsp;&nbsp;&nbsp;&nbsp;&nbsp;&nbsp;&nbsp;&nbsp;&nbsp;&nbsp;&nbsp;&nbsp;&nbsp;&nbsp;&nbsp;&nbsp;&nbsp;&nbsp;&nbsp;&nbsp;&nbsp; 14&nbsp;&nbsp;&nbsp;&nbsp;&nbsp;&nbsp;&nbsp; 6&nbsp;&nbsp;&nbsp;&nbsp;&nbsp;&nbsp;&nbsp;&nbsp;&nbsp; 22<\/p>\n<p>8&nbsp;&nbsp;&nbsp;&nbsp; Seefeld&nbsp;&nbsp;&nbsp;&nbsp;&nbsp;&nbsp;&nbsp;&nbsp;&nbsp;&nbsp;&nbsp;&nbsp;&nbsp;&nbsp;&nbsp;&nbsp;&nbsp;&nbsp;&nbsp;&nbsp;&nbsp;&nbsp;&nbsp;&nbsp;&nbsp;&nbsp;&nbsp;&nbsp;&nbsp;&nbsp;&nbsp;&nbsp;&nbsp;&nbsp;&nbsp;&nbsp;&nbsp;&nbsp;&nbsp;&nbsp;&nbsp; 14&nbsp;&nbsp;&nbsp;&nbsp;&nbsp;&nbsp;&nbsp; \u20114&nbsp;&nbsp;&nbsp;&nbsp;&nbsp;&nbsp;&nbsp;&nbsp; 18<\/p>\n<p>9&nbsp;&nbsp;&nbsp;&nbsp; <strong>Oberperfuss<\/strong>&nbsp;&nbsp;&nbsp;&nbsp;&nbsp;&nbsp;&nbsp;&nbsp;&nbsp;&nbsp;&nbsp;&nbsp;&nbsp;&nbsp;&nbsp;&nbsp;&nbsp;&nbsp;&nbsp;&nbsp;&nbsp;&nbsp;&nbsp;&nbsp;&nbsp;&nbsp;&nbsp;&nbsp; 14&nbsp;&nbsp;&nbsp;&nbsp;&nbsp;&nbsp;&nbsp; \u201111&nbsp;&nbsp;&nbsp;&nbsp;&nbsp; 16<\/p>\n<p>10&nbsp; Matrei&nbsp;&nbsp;&nbsp;&nbsp;&nbsp;&nbsp;&nbsp;&nbsp;&nbsp;&nbsp;&nbsp;&nbsp;&nbsp;&nbsp;&nbsp;&nbsp;&nbsp;&nbsp;&nbsp;&nbsp;&nbsp;&nbsp;&nbsp;&nbsp;&nbsp;&nbsp;&nbsp;&nbsp;&nbsp;&nbsp;&nbsp;&nbsp;&nbsp;&nbsp;&nbsp;&nbsp;&nbsp;&nbsp;&nbsp;&nbsp;&nbsp;&nbsp;&nbsp; 14&nbsp;&nbsp;&nbsp;&nbsp;&nbsp;&nbsp;&nbsp; \u201120&nbsp;&nbsp;&nbsp;&nbsp;&nbsp; 14<\/p>\n<p>11&nbsp; Oberhofen&nbsp;&nbsp;&nbsp;&nbsp;&nbsp;&nbsp;&nbsp;&nbsp;&nbsp;&nbsp;&nbsp;&nbsp;&nbsp;&nbsp;&nbsp;&nbsp;&nbsp;&nbsp;&nbsp;&nbsp;&nbsp;&nbsp;&nbsp;&nbsp;&nbsp;&nbsp;&nbsp;&nbsp; &nbsp; &nbsp; &nbsp;&nbsp;&nbsp;&nbsp; 14&nbsp;&nbsp;&nbsp;&nbsp;&nbsp;&nbsp;&nbsp; \u201115&nbsp;&nbsp;&nbsp;&nbsp;&nbsp; 13<\/p>\n<p>12&nbsp; SPG Prutz\/Serfaus&nbsp;&nbsp;&nbsp;&nbsp;&nbsp;&nbsp;&nbsp;&nbsp;&nbsp;&nbsp;&nbsp;&nbsp;&nbsp;&nbsp;&nbsp;&nbsp; &nbsp;&nbsp; &nbsp;&nbsp; 14&nbsp;&nbsp;&nbsp;&nbsp;&nbsp;&nbsp;&nbsp; \u201110&nbsp;&nbsp;&nbsp;&nbsp;&nbsp; 12<\/p>\n<p>13&nbsp; Thaur&nbsp;&nbsp;&nbsp;&nbsp;&nbsp;&nbsp;&nbsp;&nbsp;&nbsp;&nbsp;&nbsp;&nbsp;&nbsp;&nbsp;&nbsp;&nbsp;&nbsp;&nbsp;&nbsp;&nbsp;&nbsp;&nbsp;&nbsp;&nbsp;&nbsp;&nbsp;&nbsp;&nbsp;&nbsp;&nbsp;&nbsp;&nbsp;&nbsp;&nbsp;&nbsp;&nbsp;&nbsp;&nbsp;&nbsp;&nbsp;&nbsp;&nbsp;&nbsp;&nbsp;&nbsp; 14&nbsp;&nbsp;&nbsp;&nbsp;&nbsp;&nbsp;&nbsp; \u201123&nbsp;&nbsp;&nbsp;&nbsp;&nbsp; 7<\/p>\n<p>14&nbsp; Pitztal&nbsp;&nbsp;&nbsp;&nbsp;&nbsp;&nbsp;&nbsp;&nbsp;&nbsp;&nbsp;&nbsp;&nbsp;&nbsp;&nbsp;&nbsp;&nbsp;&nbsp;&nbsp;&nbsp;&nbsp;&nbsp;&nbsp;&nbsp;&nbsp;&nbsp;&nbsp;&nbsp;&nbsp;&nbsp;&nbsp;&nbsp;&nbsp;&nbsp;&nbsp;&nbsp;&nbsp;&nbsp;&nbsp;&nbsp;&nbsp;&nbsp;&nbsp;&nbsp;&nbsp; 14&nbsp;&nbsp;&nbsp;&nbsp;&nbsp;&nbsp;&nbsp; \u201131&nbsp;&nbsp;&nbsp;&nbsp;&nbsp; 7<\/p>\n<p>&nbsp;<\/p>\n<p>Wir gratulieren unserer Verteidigung: Gregor Hupfauf und Andi Winkler zur Nominierung ins Team der&nbsp;Runde!&nbsp;\ud83d\ude1b<\/p>\n\n\t\t<style type=\"text\/css\">\n\t\t\t#gallery-1 {\n\t\t\t\tmargin: auto;\n\t\t\t}\n\t\t\t#gallery-1 .gallery-item {\n\t\t\t\tfloat: left;\n\t\t\t\tmargin-top: 10px;\n\t\t\t\ttext-align: center;\n\t\t\t\twidth: 25%;\n\t\t\t}\n\t\t\t#gallery-1 img {\n\t\t\t\tborder: 2px solid #cfcfcf;\n\t\t\t}\n\t\t\t#gallery-1 .gallery-caption {\n\t\t\t\tmargin-left: 0;\n\t\t\t}\n\t\t\t\/* see gallery_shortcode() in wp-includes\/media.php *\/\n\t\t<\/style>\n\t\t<div id=\"gallery-1\" class=\"gallery galleryid-4275 gallery-columns-4 gallery-size-thumbnail\"><dl class=\"gallery-item\">\n\t\t\t<dt class=\"gallery-icon landscape\">\n\t\t\t\t<a href=\"https:\/\/sv-oberperfuss.at\/fussball\/files\/2017\/04\/DSC01574.jpeg\"><img width=\"150\" height=\"150\" src=\"https:\/\/sv-oberperfuss.at\/fussball\/files\/2017\/04\/DSC01574-150x150.jpeg\" class=\"attachment-thumbnail size-thumbnail\" alt loading=\"lazy\"><\/a>\n\t\t\t<\/dt><\/dl><dl class=\"gallery-item\">\n\t\t\t<dt class=\"gallery-icon landscape\">\n\t\t\t\t<a href=\"https:\/\/sv-oberperfuss.at\/fussball\/files\/2017\/04\/DSC01579.jpeg\"><img width=\"150\" height=\"150\" src=\"https:\/\/sv-oberperfuss.at\/fussball\/files\/2017\/04\/DSC01579-150x150.jpeg\" class=\"attachment-thumbnail size-thumbnail\" alt loading=\"lazy\"><\/a>\n\t\t\t<\/dt><\/dl><dl class=\"gallery-item\">\n\t\t\t<dt class=\"gallery-icon landscape\">\n\t\t\t\t<a href=\"https:\/\/sv-oberperfuss.at\/fussball\/files\/2017\/04\/vDSC01583.jpeg\"><img width=\"150\" height=\"150\" src=\"https:\/\/sv-oberperfuss.at\/fussball\/files\/2017\/04\/vDSC01583-150x150.jpeg\" class=\"attachment-thumbnail size-thumbnail\" alt loading=\"lazy\"><\/a>\n\t\t\t<\/dt><\/dl><dl class=\"gallery-item\">\n\t\t\t<dt class=\"gallery-icon landscape\">\n\t\t\t\t<a href=\"https:\/\/sv-oberperfuss.at\/fussball\/files\/2017\/04\/vDSC01584.jpeg\"><img width=\"150\" height=\"150\" src=\"https:\/\/sv-oberperfuss.at\/fussball\/files\/2017\/04\/vDSC01584-150x150.jpeg\" class=\"attachment-thumbnail size-thumbnail\" alt loading=\"lazy\"><\/a>\n\t\t\t<\/dt><\/dl><br style=\"clear: both\"><dl class=\"gallery-item\">\n\t\t\t<dt class=\"gallery-icon landscape\">\n\t\t\t\t<a href=\"https:\/\/sv-oberperfuss.at\/fussball\/files\/2017\/04\/vDSC01596.jpeg\"><img width=\"150\" height=\"150\" src=\"https:\/\/sv-oberperfuss.at\/fussball\/files\/2017\/04\/vDSC01596-150x150.jpeg\" class=\"attachment-thumbnail size-thumbnail\" alt loading=\"lazy\"><\/a>\n\t\t\t<\/dt><\/dl><dl class=\"gallery-item\">\n\t\t\t<dt class=\"gallery-icon landscape\">\n\t\t\t\t<a href=\"https:\/\/sv-oberperfuss.at\/fussball\/files\/2017\/04\/vDSC01629.jpeg\"><img width=\"150\" height=\"150\" src=\"https:\/\/sv-oberperfuss.at\/fussball\/files\/2017\/04\/vDSC01629-150x150.jpeg\" class=\"attachment-thumbnail size-thumbnail\" alt loading=\"lazy\"><\/a>\n\t\t\t<\/dt><\/dl><dl class=\"gallery-item\">\n\t\t\t<dt class=\"gallery-icon landscape\">\n\t\t\t\t<a href=\"https:\/\/sv-oberperfuss.at\/fussball\/files\/2017\/04\/vDSC01641.jpeg\"><img width=\"150\" height=\"150\" src=\"https:\/\/sv-oberperfuss.at\/fussball\/files\/2017\/04\/vDSC01641-150x150.jpeg\" class=\"attachment-thumbnail size-thumbnail\" alt loading=\"lazy\"><\/a>\n\t\t\t<\/dt><\/dl><dl class=\"gallery-item\">\n\t\t\t<dt class=\"gallery-icon landscape\">\n\t\t\t\t<a href=\"https:\/\/sv-oberperfuss.at\/fussball\/files\/2017\/04\/vDSC01653.jpeg\"><img width=\"150\" height=\"150\" src=\"https:\/\/sv-oberperfuss.at\/fussball\/files\/2017\/04\/vDSC01653-150x150.jpeg\" class=\"attachment-thumbnail size-thumbnail\" alt loading=\"lazy\"><\/a>\n\t\t\t<\/dt><\/dl><br style=\"clear: both\"><dl class=\"gallery-item\">\n\t\t\t<dt class=\"gallery-icon landscape\">\n\t\t\t\t<a href=\"https:\/\/sv-oberperfuss.at\/fussball\/files\/2017\/04\/vDSC01655.jpeg\"><img width=\"150\" height=\"150\" src=\"https:\/\/sv-oberperfuss.at\/fussball\/files\/2017\/04\/vDSC01655-150x150.jpeg\" class=\"attachment-thumbnail size-thumbnail\" alt loading=\"lazy\"><\/a>\n\t\t\t<\/dt><\/dl><dl class=\"gallery-item\">\n\t\t\t<dt class=\"gallery-icon landscape\">\n\t\t\t\t<a href=\"https:\/\/sv-oberperfuss.at\/fussball\/files\/2017\/04\/vDSC01668.jpeg\"><img width=\"150\" height=\"150\" src=\"https:\/\/sv-oberperfuss.at\/fussball\/files\/2017\/04\/vDSC01668-150x150.jpeg\" class=\"attachment-thumbnail size-thumbnail\" alt loading=\"lazy\"><\/a>\n\t\t\t<\/dt><\/dl><dl class=\"gallery-item\">\n\t\t\t<dt class=\"gallery-icon landscape\">\n\t\t\t\t<a href=\"https:\/\/sv-oberperfuss.at\/fussball\/files\/2017\/04\/vDSC01672.jpeg\"><img width=\"150\" height=\"150\" src=\"https:\/\/sv-oberperfuss.at\/fussball\/files\/2017\/04\/vDSC01672-150x150.jpeg\" class=\"attachment-thumbnail size-thumbnail\" alt loading=\"lazy\"><\/a>\n\t\t\t<\/dt><\/dl><dl class=\"gallery-item\">\n\t\t\t<dt class=\"gallery-icon landscape\">\n\t\t\t\t<a href=\"https:\/\/sv-oberperfuss.at\/fussball\/files\/2017\/04\/vDSC01727.jpeg\"><img width=\"150\" height=\"150\" src=\"https:\/\/sv-oberperfuss.at\/fussball\/files\/2017\/04\/vDSC01727-150x150.jpeg\" class=\"attachment-thumbnail size-thumbnail\" alt loading=\"lazy\"><\/a>\n\t\t\t<\/dt><\/dl><br style=\"clear: both\"><dl class=\"gallery-item\">\n\t\t\t<dt class=\"gallery-icon landscape\">\n\t\t\t\t<a href=\"https:\/\/sv-oberperfuss.at\/fussball\/files\/2017\/04\/vDSC01735.jpeg\"><img width=\"150\" height=\"150\" src=\"https:\/\/sv-oberperfuss.at\/fussball\/files\/2017\/04\/vDSC01735-150x150.jpeg\" class=\"attachment-thumbnail size-thumbnail\" alt loading=\"lazy\"><\/a>\n\t\t\t<\/dt><\/dl><dl class=\"gallery-item\">\n\t\t\t<dt class=\"gallery-icon landscape\">\n\t\t\t\t<a href=\"https:\/\/sv-oberperfuss.at\/fussball\/files\/2017\/04\/vDSC01778.jpeg\"><img width=\"150\" height=\"150\" src=\"https:\/\/sv-oberperfuss.at\/fussball\/files\/2017\/04\/vDSC01778-150x150.jpeg\" class=\"attachment-thumbnail size-thumbnail\" alt loading=\"lazy\"><\/a>\n\t\t\t<\/dt><\/dl><dl class=\"gallery-item\">\n\t\t\t<dt class=\"gallery-icon landscape\">\n\t\t\t\t<a href=\"https:\/\/sv-oberperfuss.at\/fussball\/files\/2017\/04\/vDSC01791.jpeg\"><img width=\"150\" height=\"150\" src=\"https:\/\/sv-oberperfuss.at\/fussball\/files\/2017\/04\/vDSC01791-150x150.jpeg\" class=\"attachment-thumbnail size-thumbnail\" alt loading=\"lazy\"><\/a>\n\t\t\t<\/dt><\/dl><dl class=\"gallery-item\">\n\t\t\t<dt class=\"gallery-icon landscape\">\n\t\t\t\t<a href=\"https:\/\/sv-oberperfuss.at\/fussball\/files\/2017\/04\/vDSC01795.jpeg\"><img width=\"150\" height=\"150\" src=\"https:\/\/sv-oberperfuss.at\/fussball\/files\/2017\/04\/vDSC01795-150x150.jpeg\" class=\"attachment-thumbnail size-thumbnail\" alt loading=\"lazy\"><\/a>\n\t\t\t<\/dt><\/dl><br style=\"clear: both\"><dl class=\"gallery-item\">\n\t\t\t<dt class=\"gallery-icon landscape\">\n\t\t\t\t<a href=\"https:\/\/sv-oberperfuss.at\/fussball\/files\/2017\/04\/vDSC01807.jpeg\"><img width=\"150\" height=\"150\" src=\"https:\/\/sv-oberperfuss.at\/fussball\/files\/2017\/04\/vDSC01807-150x150.jpeg\" class=\"attachment-thumbnail size-thumbnail\" alt loading=\"lazy\"><\/a>\n\t\t\t<\/dt><\/dl><dl class=\"gallery-item\">\n\t\t\t<dt class=\"gallery-icon landscape\">\n\t\t\t\t<a href=\"https:\/\/sv-oberperfuss.at\/fussball\/files\/2017\/04\/vDSC01809.jpeg\"><img width=\"150\" height=\"150\" src=\"https:\/\/sv-oberperfuss.at\/fussball\/files\/2017\/04\/vDSC01809-150x150.jpeg\" class=\"attachment-thumbnail size-thumbnail\" alt loading=\"lazy\"><\/a>\n\t\t\t<\/dt><\/dl><dl class=\"gallery-item\">\n\t\t\t<dt class=\"gallery-icon landscape\">\n\t\t\t\t<a href=\"https:\/\/sv-oberperfuss.at\/fussball\/files\/2017\/04\/vDSC01815.jpeg\"><img width=\"150\" height=\"150\" src=\"https:\/\/sv-oberperfuss.at\/fussball\/files\/2017\/04\/vDSC01815-150x150.jpeg\" class=\"attachment-thumbnail size-thumbnail\" alt loading=\"lazy\"><\/a>\n\t\t\t<\/dt><\/dl><dl class=\"gallery-item\">\n\t\t\t<dt class=\"gallery-icon landscape\">\n\t\t\t\t<a href=\"https:\/\/sv-oberperfuss.at\/fussball\/files\/2017\/04\/vDSC01821.jpeg\"><img width=\"150\" height=\"150\" src=\"https:\/\/sv-oberperfuss.at\/fussball\/files\/2017\/04\/vDSC01821-150x150.jpeg\" class=\"attachment-thumbnail size-thumbnail\" alt loading=\"lazy\"><\/a>\n\t\t\t<\/dt><\/dl><br style=\"clear: both\"><dl class=\"gallery-item\">\n\t\t\t<dt class=\"gallery-icon landscape\">\n\t\t\t\t<a href=\"https:\/\/sv-oberperfuss.at\/fussball\/files\/2017\/04\/vDSC01824.jpeg\"><img width=\"150\" height=\"150\" src=\"https:\/\/sv-oberperfuss.at\/fussball\/files\/2017\/04\/vDSC01824-150x150.jpeg\" class=\"attachment-thumbnail size-thumbnail\" alt loading=\"lazy\"><\/a>\n\t\t\t<\/dt><\/dl><dl class=\"gallery-item\">\n\t\t\t<dt class=\"gallery-icon portrait\">\n\t\t\t\t<a href=\"https:\/\/sv-oberperfuss.at\/fussball\/files\/2017\/04\/vDSC01845_1.jpeg\"><img width=\"150\" height=\"150\" src=\"https:\/\/sv-oberperfuss.at\/fussball\/files\/2017\/04\/vDSC01845_1-150x150.jpeg\" class=\"attachment-thumbnail size-thumbnail\" alt loading=\"lazy\"><\/a>\n\t\t\t<\/dt><\/dl><dl class=\"gallery-item\">\n\t\t\t<dt class=\"gallery-icon landscape\">\n\t\t\t\t<a href=\"https:\/\/sv-oberperfuss.at\/fussball\/files\/2017\/04\/vDSC01910.jpeg\"><img width=\"150\" height=\"150\" src=\"https:\/\/sv-oberperfuss.at\/fussball\/files\/2017\/04\/vDSC01910-150x150.jpeg\" class=\"attachment-thumbnail size-thumbnail\" alt loading=\"lazy\"><\/a>\n\t\t\t<\/dt><\/dl><dl class=\"gallery-item\">\n\t\t\t<dt class=\"gallery-icon landscape\">\n\t\t\t\t<a href=\"https:\/\/sv-oberperfuss.at\/fussball\/files\/2017\/04\/vDSC01965.jpeg\"><img width=\"150\" height=\"150\" src=\"https:\/\/sv-oberperfuss.at\/fussball\/files\/2017\/04\/vDSC01965-150x150.jpeg\" class=\"attachment-thumbnail size-thumbnail\" alt loading=\"lazy\"><\/a>\n\t\t\t<\/dt><\/dl><br style=\"clear: both\"><dl class=\"gallery-item\">\n\t\t\t<dt class=\"gallery-icon landscape\">\n\t\t\t\t<a href=\"https:\/\/sv-oberperfuss.at\/fussball\/files\/2017\/04\/vDSC01975.jpeg\"><img width=\"150\" height=\"150\" src=\"https:\/\/sv-oberperfuss.at\/fussball\/files\/2017\/04\/vDSC01975-150x150.jpeg\" class=\"attachment-thumbnail size-thumbnail\" alt loading=\"lazy\"><\/a>\n\t\t\t<\/dt><\/dl><dl class=\"gallery-item\">\n\t\t\t<dt class=\"gallery-icon landscape\">\n\t\t\t\t<a href=\"https:\/\/sv-oberperfuss.at\/fussball\/files\/2017\/04\/vDSC01980.jpeg\"><img width=\"150\" height=\"150\" src=\"https:\/\/sv-oberperfuss.at\/fussball\/files\/2017\/04\/vDSC01980-150x150.jpeg\" class=\"attachment-thumbnail size-thumbnail\" alt loading=\"lazy\"><\/a>\n\t\t\t<\/dt><\/dl><dl class=\"gallery-item\">\n\t\t\t<dt class=\"gallery-icon landscape\">\n\t\t\t\t<a href=\"https:\/\/sv-oberperfuss.at\/fussball\/files\/2017\/04\/vDSC02027.jpeg\"><img width=\"150\" height=\"150\" src=\"https:\/\/sv-oberperfuss.at\/fussball\/files\/2017\/04\/vDSC02027-150x150.jpeg\" class=\"attachment-thumbnail size-thumbnail\" alt loading=\"lazy\"><\/a>\n\t\t\t<\/dt><\/dl><dl class=\"gallery-item\">\n\t\t\t<dt class=\"gallery-icon landscape\">\n\t\t\t\t<a href=\"https:\/\/sv-oberperfuss.at\/fussball\/files\/2017\/04\/vDSC02032_1.jpeg\"><img width=\"150\" height=\"150\" src=\"https:\/\/sv-oberperfuss.at\/fussball\/files\/2017\/04\/vDSC02032_1-150x150.jpeg\" class=\"attachment-thumbnail size-thumbnail\" alt loading=\"lazy\"><\/a>\n\t\t\t<\/dt><\/dl><br style=\"clear: both\"><dl class=\"gallery-item\">\n\t\t\t<dt class=\"gallery-icon landscape\">\n\t\t\t\t<a href=\"https:\/\/sv-oberperfuss.at\/fussball\/files\/2017\/04\/vDSC02047.jpeg\"><img width=\"150\" height=\"150\" src=\"https:\/\/sv-oberperfuss.at\/fussball\/files\/2017\/04\/vDSC02047-150x150.jpeg\" class=\"attachment-thumbnail size-thumbnail\" alt loading=\"lazy\"><\/a>\n\t\t\t<\/dt><\/dl><dl class=\"gallery-item\">\n\t\t\t<dt class=\"gallery-icon landscape\">\n\t\t\t\t<a href=\"https:\/\/sv-oberperfuss.at\/fussball\/files\/2017\/04\/vDSC02062.jpeg\"><img width=\"150\" height=\"150\" src=\"https:\/\/sv-oberperfuss.at\/fussball\/files\/2017\/04\/vDSC02062-150x150.jpeg\" class=\"attachment-thumbnail size-thumbnail\" alt loading=\"lazy\"><\/a>\n\t\t\t<\/dt><\/dl><dl class=\"gallery-item\">\n\t\t\t<dt class=\"gallery-icon landscape\">\n\t\t\t\t<a href=\"https:\/\/sv-oberperfuss.at\/fussball\/files\/2017\/04\/vDSC02064.jpeg\"><img width=\"150\" height=\"150\" src=\"https:\/\/sv-oberperfuss.at\/fussball\/files\/2017\/04\/vDSC02064-150x150.jpeg\" class=\"attachment-thumbnail size-thumbnail\" alt loading=\"lazy\"><\/a>\n\t\t\t<\/dt><\/dl><dl class=\"gallery-item\">\n\t\t\t<dt class=\"gallery-icon landscape\">\n\t\t\t\t<a href=\"https:\/\/sv-oberperfuss.at\/fussball\/files\/2017\/04\/vDSC02077.jpeg\"><img width=\"150\" height=\"150\" src=\"https:\/\/sv-oberperfuss.at\/fussball\/files\/2017\/04\/vDSC02077-150x150.jpeg\" class=\"attachment-thumbnail size-thumbnail\" alt loading=\"lazy\"><\/a>\n\t\t\t<\/dt><\/dl><br style=\"clear: both\">\n\t\t<\/div>\n\n<p>&nbsp;<\/p>\n<p><a href=\"https:\/\/sv-oberperfuss.at\/fussball\/files\/2017\/04\/svo_pitztal_150417_home.jpg\"><img loading=\"lazy\" class=\"aligncenter size-full wp-image-4276\" src=\"https:\/\/sv-oberperfuss.at\/fussball\/files\/2017\/04\/svo_pitztal_150417_home.jpg\" alt=\"svo_pitztal_150417_home\" width=\"595\" height=\"842\" srcset=\"https:\/\/sv-oberperfuss.at\/fussball\/files\/2017\/04\/svo_pitztal_150417_home.jpg 595w, https:\/\/sv-oberperfuss.at\/fussball\/files\/2017\/04\/svo_pitztal_150417_home-212x300.jpg 212w\" sizes=\"(max-width: 595px) 100vw, 595px\"><\/a><\/p>\n","protected":false},"excerpt":{"rendered":"<p>Nach dem erfolgreichen Fr\u00fchjahrsauftakt mit 1 zu 0 Erfolg gegen den SK Seefeld dank Torsch\u00fctzen Philipp Andr\u00e4, spielen wir am Samstag, 8.4. um 17 gegen den SC Mils am Milser Sportplatz. Wir freuen uns auf zahlreiche Fans, unser N\u00e4chstes Heimspiel steht dann am Samstag, 15.4. um 17 Uhr gegen die SPG Pitztal am Programm. Unsere&nbsp;[\u2026]<\/p>\n","protected":false},"author":8,"featured_media":0,"comment_status":"open","ping_status":"closed","sticky":false,"template":"","format":"standard","meta":{"wp_typography_post_enhancements_disabled":false},"categories":[4],"tags":[],"_links":{"self":[{"href":"https:\/\/sv-oberperfuss.at\/fussball\/wp-json\/wp\/v2\/posts\/4275"}],"collection":[{"href":"https:\/\/sv-oberperfuss.at\/fussball\/wp-json\/wp\/v2\/posts"}],"about":[{"href":"https:\/\/sv-oberperfuss.at\/fussball\/wp-json\/wp\/v2\/types\/post"}],"author":[{"embeddable":true,"href":"https:\/\/sv-oberperfuss.at\/fussball\/wp-json\/wp\/v2\/users\/8"}],"replies":[{"embeddable":true,"href":"https:\/\/sv-oberperfuss.at\/fussball\/wp-json\/wp\/v2\/comments?post=4275"}],"version-history":[{"count":4,"href":"https:\/\/sv-oberperfuss.at\/fussball\/wp-json\/wp\/v2\/posts\/4275\/revisions"}],"predecessor-version":[{"id":4283,"href":"https:\/\/sv-oberperfuss.at\/fussball\/wp-json\/wp\/v2\/posts\/4275\/revisions\/4283"}],"wp:attachment":[{"href":"https:\/\/sv-oberperfuss.at\/fussball\/wp-json\/wp\/v2\/media?parent=4275"}],"wp:term":[{"taxonomy":"category","embeddable":true,"href":"https:\/\/sv-oberperfuss.at\/fussball\/wp-json\/wp\/v2\/categories?post=4275"},{"taxonomy":"post_tag","embeddable":true,"href":"https:\/\/sv-oberperfuss.at\/fussball\/wp-json\/wp\/v2\/tags?post=4275"}],"curies":[{"name":"wp","href":"https:\/\/api.w.org\/{rel}","templated":true}]}}