{"id":4265,"date":"2017-03-20T18:45:37","date_gmt":"2017-03-20T16:45:37","guid":{"rendered":"https:\/\/sv-oberperfuss.at\/fussball\/?p=4265"},"modified":"2017-03-20T18:45:37","modified_gmt":"2017-03-20T16:45:37","slug":"testsspiel-am-25-3-um-14-uhr-gegen-den-iac","status":"publish","type":"post","link":"https:\/\/sv-oberperfuss.at\/fussball\/testsspiel-am-25-3-um-14-uhr-gegen-den-iac\/","title":{"rendered":"Testsspiel am 25.3. um 14 Uhr gegen den&nbsp;IAC."},"content":{"rendered":"<p>Samstag, 25.3. ab 14 Uhr das letzte Vorbereitungsspiel der Kampfmannschaft des SV Oberperfuss am Sportplatz, als G\u00e4ste begr\u00fcssen wir das Team des&nbsp;IAC.<\/p>\n<p>Und nicht vergessen, das Fr\u00fchjahrsabo jetzt sichern.<\/p>\n<p><a href=\"https:\/\/sv-oberperfuss.at\/fussball\/files\/2017\/01\/svo_saison_fr_17.jpg\"><img loading=\"lazy\" class=\"aligncenter size-full wp-image-4253\" src=\"https:\/\/sv-oberperfuss.at\/fussball\/files\/2017\/01\/svo_saison_fr_17.jpg\" alt=\"svo_saison_fr_17\" width=\"1676\" height=\"2112\" srcset=\"https:\/\/sv-oberperfuss.at\/fussball\/files\/2017\/01\/svo_saison_fr_17.jpg 1676w, https:\/\/sv-oberperfuss.at\/fussball\/files\/2017\/01\/svo_saison_fr_17-238x300.jpg 238w, https:\/\/sv-oberperfuss.at\/fussball\/files\/2017\/01\/svo_saison_fr_17-768x968.jpg 768w, https:\/\/sv-oberperfuss.at\/fussball\/files\/2017\/01\/svo_saison_fr_17-813x1024.jpg 813w\" sizes=\"(max-width: 1676px) 100vw, 1676px\"><\/a><\/p>\n","protected":false},"excerpt":{"rendered":"<p>Samstag, 25.3. ab 14 Uhr das letzte Vorbereitungsspiel der Kampfmannschaft des SV Oberperfuss am Sportplatz, als G\u00e4ste begr\u00fcssen wir das Team des&nbsp;IAC. Und nicht vergessen, das Fr\u00fchjahrsabo jetzt sichern.<\/p>\n","protected":false},"author":8,"featured_media":0,"comment_status":"open","ping_status":"closed","sticky":false,"template":"","format":"standard","meta":{"wp_typography_post_enhancements_disabled":false},"categories":[4],"tags":[],"_links":{"self":[{"href":"https:\/\/sv-oberperfuss.at\/fussball\/wp-json\/wp\/v2\/posts\/4265"}],"collection":[{"href":"https:\/\/sv-oberperfuss.at\/fussball\/wp-json\/wp\/v2\/posts"}],"about":[{"href":"https:\/\/sv-oberperfuss.at\/fussball\/wp-json\/wp\/v2\/types\/post"}],"author":[{"embeddable":true,"href":"https:\/\/sv-oberperfuss.at\/fussball\/wp-json\/wp\/v2\/users\/8"}],"replies":[{"embeddable":true,"href":"https:\/\/sv-oberperfuss.at\/fussball\/wp-json\/wp\/v2\/comments?post=4265"}],"version-history":[{"count":1,"href":"https:\/\/sv-oberperfuss.at\/fussball\/wp-json\/wp\/v2\/posts\/4265\/revisions"}],"predecessor-version":[{"id":4266,"href":"https:\/\/sv-oberperfuss.at\/fussball\/wp-json\/wp\/v2\/posts\/4265\/revisions\/4266"}],"wp:attachment":[{"href":"https:\/\/sv-oberperfuss.at\/fussball\/wp-json\/wp\/v2\/media?parent=4265"}],"wp:term":[{"taxonomy":"category","embeddable":true,"href":"https:\/\/sv-oberperfuss.at\/fussball\/wp-json\/wp\/v2\/categories?post=4265"},{"taxonomy":"post_tag","embeddable":true,"href":"https:\/\/sv-oberperfuss.at\/fussball\/wp-json\/wp\/v2\/tags?post=4265"}],"curies":[{"name":"wp","href":"https:\/\/api.w.org\/{rel}","templated":true}]}}