{"id":4252,"date":"2017-01-21T13:04:14","date_gmt":"2017-01-21T11:04:14","guid":{"rendered":"https:\/\/sv-oberperfuss.at\/fussball\/?p=4252"},"modified":"2017-01-21T13:04:41","modified_gmt":"2017-01-21T11:04:41","slug":"die-svo-saisonkarte-fuer-das-fruehjahr-2017-ist-da-sieben-heimspiele-warten-auf-dich","status":"publish","type":"post","link":"https:\/\/sv-oberperfuss.at\/fussball\/die-svo-saisonkarte-fuer-das-fruehjahr-2017-ist-da-sieben-heimspiele-warten-auf-dich\/","title":{"rendered":"Die SV Oberperfuss Saisonkarte f\u00fcr das Fr\u00fchjahr 2017 ist da. Sieben Heimspiele warten auf&nbsp;Dich."},"content":{"rendered":"<p>Siebenmal, siebenmal, das ist meine Lieblingszahl.<\/p>\n<p>Die Fr\u00fchjahrssaison 2017 in der Landesliga West bringt sieben Heimspiel f\u00fcr den SV Oberperfuss.<\/p>\n<p>Sichere Dir jetzt Deine Fr\u00fchjahrssaisonkarte.<\/p>\n<p><a href=\"https:\/\/sv-oberperfuss.at\/fussball\/files\/2017\/01\/svo_saison_fr_17.jpg\"><img loading=\"lazy\" class=\"aligncenter size-full wp-image-4253\" src=\"https:\/\/sv-oberperfuss.at\/fussball\/files\/2017\/01\/svo_saison_fr_17.jpg\" alt=\"svo_saison_fr_17\" width=\"1676\" height=\"2112\" srcset=\"https:\/\/sv-oberperfuss.at\/fussball\/files\/2017\/01\/svo_saison_fr_17.jpg 1676w, https:\/\/sv-oberperfuss.at\/fussball\/files\/2017\/01\/svo_saison_fr_17-238x300.jpg 238w, https:\/\/sv-oberperfuss.at\/fussball\/files\/2017\/01\/svo_saison_fr_17-768x968.jpg 768w, https:\/\/sv-oberperfuss.at\/fussball\/files\/2017\/01\/svo_saison_fr_17-813x1024.jpg 813w\" sizes=\"(max-width: 1676px) 100vw, 1676px\"><\/a><\/p>\n","protected":false},"excerpt":{"rendered":"<p>Siebenmal, siebenmal, das ist meine Lieblingszahl. Die Fr\u00fchjahrssaison 2017 in der Landesliga West bringt sieben Heimspiel f\u00fcr den SV Oberperfuss. Sichere Dir jetzt Deine Fr\u00fchjahrssaisonkarte.<\/p>\n","protected":false},"author":8,"featured_media":0,"comment_status":"open","ping_status":"closed","sticky":false,"template":"","format":"standard","meta":{"wp_typography_post_enhancements_disabled":false},"categories":[4],"tags":[],"_links":{"self":[{"href":"https:\/\/sv-oberperfuss.at\/fussball\/wp-json\/wp\/v2\/posts\/4252"}],"collection":[{"href":"https:\/\/sv-oberperfuss.at\/fussball\/wp-json\/wp\/v2\/posts"}],"about":[{"href":"https:\/\/sv-oberperfuss.at\/fussball\/wp-json\/wp\/v2\/types\/post"}],"author":[{"embeddable":true,"href":"https:\/\/sv-oberperfuss.at\/fussball\/wp-json\/wp\/v2\/users\/8"}],"replies":[{"embeddable":true,"href":"https:\/\/sv-oberperfuss.at\/fussball\/wp-json\/wp\/v2\/comments?post=4252"}],"version-history":[{"count":2,"href":"https:\/\/sv-oberperfuss.at\/fussball\/wp-json\/wp\/v2\/posts\/4252\/revisions"}],"predecessor-version":[{"id":4255,"href":"https:\/\/sv-oberperfuss.at\/fussball\/wp-json\/wp\/v2\/posts\/4252\/revisions\/4255"}],"wp:attachment":[{"href":"https:\/\/sv-oberperfuss.at\/fussball\/wp-json\/wp\/v2\/media?parent=4252"}],"wp:term":[{"taxonomy":"category","embeddable":true,"href":"https:\/\/sv-oberperfuss.at\/fussball\/wp-json\/wp\/v2\/categories?post=4252"},{"taxonomy":"post_tag","embeddable":true,"href":"https:\/\/sv-oberperfuss.at\/fussball\/wp-json\/wp\/v2\/tags?post=4252"}],"curies":[{"name":"wp","href":"https:\/\/api.w.org\/{rel}","templated":true}]}}