{"id":3975,"date":"2016-03-23T16:45:16","date_gmt":"2016-03-23T14:45:16","guid":{"rendered":"https:\/\/sv-oberperfuss.at\/fussball\/?p=3975"},"modified":"2016-03-23T17:07:08","modified_gmt":"2016-03-23T15:07:08","slug":"der-ball-ruht","status":"publish","type":"post","link":"https:\/\/sv-oberperfuss.at\/fussball\/der-ball-ruht\/","title":{"rendered":"Der Ball&nbsp;ruht!"},"content":{"rendered":"<p>Aktion \u201eder Ball ruht\u201c bringt viel Bewegung<!--more--><\/p>\n<p>Es tut sich was auf den heimischen Fussballpl\u00e4tzen, aber nicht nur am gr\u00fcnen Rasen. Die Aktion \u201eder Ball ruht \u2013 Nein zur Registrierkassenpflicht \u2013 Rechtssicherheit f\u00fcr Ehrenamtliche\u201c sorgt f\u00fcr grosses Aufsehen und erfreut sich vieler Unterst\u00fctzer. Der Tiroler Fussball setzt am Osterwochenende konkrete Aktionen.<\/p>\n<p>Zahlreiche E\u2011Mails, viele Telefonate, grosser Zuspruch auf der Facebookseite der Aktion \u201eder Ball ruht\u201c. Arno Bucher und Peter Abfalterer sind mit ihrer Aktion am Puls der Zeit. \u201eWenn die Informationsbrosch\u00fcre des Bundesministeriums f\u00fcr Finanzen f\u00fcr Vereine 100 Seiten umfasst, dann zeigt das wohl deutlich, welche umfangreichen Aufgaben und Verpflichten die ehrenamtlichen Funktion\u00e4re \u00fcbernehmen.\u201c, halten Arno Bucher und Peter Abfalterer fest. \u201eDie Vielzahl an Rechtsvorschriften verunsichern die Betroffenen enorm und die Registrierkassenpflicht hat das Fass nun zum \u00dcberlaufen gebracht.\u201c<\/p>\n<p>Von der Impressumspflicht auf der Webseite, \u00fcber Inventarlisten bis zur Buchhaltung. Die Hintergrundarbeit in einem Verein ist umfangreich, zeitaufwendig und kompliziert. Arno Bucher: \u201eDie Vereinsvertreter \u00fcbernehmen pflichtbewusst ihre Aufgaben, aber der Gesetzgeber hat in der letzten Zeit einfach zu viele H\u00fcrden aufgebaut.\u201c Und Peter Abfalterer erg\u00e4nzt: \u201eWenn ein Traditionsverein in der N\u00e4he von Innsbruck, der n\u00e4chstes Jahr sein 65-j\u00e4hriges Jubil\u00e4um feiert, seine Kantinenbetrieb schlie\u00dft, dann kann das wohl nicht im Interesse der Politik liegen.\u201c<\/p>\n<p>Am Osterwochenende wird die erste Aktion durchgef\u00fchrt. Mit einem Sitzstreik in den Spielen der verschiedenen Tiroler Ligen wird auf die Wichtigkeit der Ehrenamtlichkeit hingewiesen. Eine Minute \u201eruht der Ball\u201c auf der gr\u00fcnen Wiese. \u201eDie grosse Unterst\u00fctzung der Vereine zeigt, dass wir Akzente setzen m\u00fcssen\u201c, sind Arno Bucher und Peter Abfalterer \u00fcberzeugt. \u201eDer Sitzstreik ist das erste \u00f6ffentliche Zeichen und wir nutzen viele M\u00f6glichkeiten um die Bewegr\u00fcnde unserer Aktion der \u00d6ffentlichkeit zu erkl\u00e4ren.\u201c<\/p>\n<p>\u201eWir sind aber auch auf weiteren Ebenen aktiv. Die Mitglieder der Tiroler Landesregierung und des Tiroler Landtages wurde von uns informiert und gebeten, sich die Probleme ihres Heimatvereins anzuh\u00f6ren. Wir werden aber auch an die Tiroler Abgeordneten im Nationalrat herantreten.\u201c, halten Arno Bucher und Peter Abfalterer fest.<\/p>\n<p>\u201eDer Zuspruch ist gro\u00df, die Unterst\u00fctzung der Vereine ist vorhanden. Jetzt wollen wir mit unserer ersten Aktion am Wochenende f\u00fcr entsprechendes \u00f6ffentliches Aufsehen sorgen.\u201c, sind Arno Bucher und Peter Abfalterer voller Tatendrang.<\/p>\n\n\t\t<style type=\"text\/css\">\n\t\t\t#gallery-1 {\n\t\t\t\tmargin: auto;\n\t\t\t}\n\t\t\t#gallery-1 .gallery-item {\n\t\t\t\tfloat: left;\n\t\t\t\tmargin-top: 10px;\n\t\t\t\ttext-align: center;\n\t\t\t\twidth: 33%;\n\t\t\t}\n\t\t\t#gallery-1 img {\n\t\t\t\tborder: 2px solid #cfcfcf;\n\t\t\t}\n\t\t\t#gallery-1 .gallery-caption {\n\t\t\t\tmargin-left: 0;\n\t\t\t}\n\t\t\t\/* see gallery_shortcode() in wp-includes\/media.php *\/\n\t\t<\/style>\n\t\t<div id=\"gallery-1\" class=\"gallery galleryid-3975 gallery-columns-3 gallery-size-thumbnail\"><dl class=\"gallery-item\">\n\t\t\t<dt class=\"gallery-icon landscape\">\n\t\t\t\t<a href=\"https:\/\/sv-oberperfuss.at\/fussball\/files\/2016\/03\/ballruht.jpg\"><img width=\"150\" height=\"150\" src=\"https:\/\/sv-oberperfuss.at\/fussball\/files\/2016\/03\/ballruht-150x150.jpg\" class=\"attachment-thumbnail size-thumbnail\" alt loading=\"lazy\"><\/a>\n\t\t\t<\/dt><\/dl><dl class=\"gallery-item\">\n\t\t\t<dt class=\"gallery-icon landscape\">\n\t\t\t\t<a href=\"https:\/\/sv-oberperfuss.at\/fussball\/files\/2016\/03\/demo_sitzstreik_oberperfuss.jpg\"><img width=\"150\" height=\"150\" src=\"https:\/\/sv-oberperfuss.at\/fussball\/files\/2016\/03\/demo_sitzstreik_oberperfuss-150x150.jpg\" class=\"attachment-thumbnail size-thumbnail\" alt loading=\"lazy\"><\/a>\n\t\t\t<\/dt><\/dl><dl class=\"gallery-item\">\n\t\t\t<dt class=\"gallery-icon landscape\">\n\t\t\t\t<a href=\"https:\/\/sv-oberperfuss.at\/fussball\/files\/2016\/03\/derballruht-rundschau.jpg\"><img width=\"150\" height=\"150\" src=\"https:\/\/sv-oberperfuss.at\/fussball\/files\/2016\/03\/derballruht-rundschau-150x150.jpg\" class=\"attachment-thumbnail size-thumbnail\" alt loading=\"lazy\" aria-describedby=\"gallery-1-3992\"><\/a>\n\t\t\t<\/dt>\n\t\t\t\t<dd class=\"wp-caption-text gallery-caption\" id=\"gallery-1-3992\">\n\t\t\t\tRundschau 23.03.2016\n\t\t\t\t<\/dd><\/dl><br style=\"clear: both\"><dl class=\"gallery-item\">\n\t\t\t<dt class=\"gallery-icon landscape\">\n\t\t\t\t<a href=\"https:\/\/sv-oberperfuss.at\/fussball\/files\/2016\/03\/nichtstillerProtest-Bezirksbl\u00e4tter.jpg\"><img width=\"150\" height=\"150\" src=\"https:\/\/sv-oberperfuss.at\/fussball\/files\/2016\/03\/nichtstillerProtest-Bezirksbl\u00e4tter-150x150.jpg\" class=\"attachment-thumbnail size-thumbnail\" alt loading=\"lazy\" aria-describedby=\"gallery-1-3983\"><\/a>\n\t\t\t<\/dt>\n\t\t\t\t<dd class=\"wp-caption-text gallery-caption\" id=\"gallery-1-3983\">\n\t\t\t\tBezirksbl\u00e4tter 23.03.2016\n\t\t\t\t<\/dd><\/dl><dl class=\"gallery-item\">\n\t\t\t<dt class=\"gallery-icon portrait\">\n\t\t\t\t<a href=\"https:\/\/sv-oberperfuss.at\/fussball\/files\/2016\/03\/derballruht-TT.jpg\"><img width=\"150\" height=\"150\" src=\"https:\/\/sv-oberperfuss.at\/fussball\/files\/2016\/03\/derballruht-TT-150x150.jpg\" class=\"attachment-thumbnail size-thumbnail\" alt loading=\"lazy\" aria-describedby=\"gallery-1-3985\"><\/a>\n\t\t\t<\/dt>\n\t\t\t\t<dd class=\"wp-caption-text gallery-caption\" id=\"gallery-1-3985\">\n\t\t\t\tTT Titelseite 17.03.2016\n\t\t\t\t<\/dd><\/dl><dl class=\"gallery-item\">\n\t\t\t<dt class=\"gallery-icon portrait\">\n\t\t\t\t<a href=\"https:\/\/sv-oberperfuss.at\/fussball\/files\/2016\/03\/derballruht2-TT.jpg\"><img width=\"150\" height=\"150\" src=\"https:\/\/sv-oberperfuss.at\/fussball\/files\/2016\/03\/derballruht2-TT-150x150.jpg\" class=\"attachment-thumbnail size-thumbnail\" alt loading=\"lazy\" aria-describedby=\"gallery-1-3988\"><\/a>\n\t\t\t<\/dt>\n\t\t\t\t<dd class=\"wp-caption-text gallery-caption\" id=\"gallery-1-3988\">\n\t\t\t\tTT 17.03.2016\n\t\t\t\t<\/dd><\/dl><br style=\"clear: both\"><dl class=\"gallery-item\">\n\t\t\t<dt class=\"gallery-icon portrait\">\n\t\t\t\t<a href=\"https:\/\/sv-oberperfuss.at\/fussball\/files\/2016\/03\/derballruht-Krone.jpg\"><img width=\"150\" height=\"150\" src=\"https:\/\/sv-oberperfuss.at\/fussball\/files\/2016\/03\/derballruht-Krone-150x150.jpg\" class=\"attachment-thumbnail size-thumbnail\" alt loading=\"lazy\" aria-describedby=\"gallery-1-3987\"><\/a>\n\t\t\t<\/dt>\n\t\t\t\t<dd class=\"wp-caption-text gallery-caption\" id=\"gallery-1-3987\">\n\t\t\t\tKronen Zeitung 17.03.2016\n\t\t\t\t<\/dd><\/dl>\n\t\t\t<br style=\"clear: both\">\n\t\t<\/div>\n\n<p>&nbsp;<\/p>\n<p>&nbsp;<\/p>\n","protected":false},"excerpt":{"rendered":"<p>Aktion \u201eder Ball ruht\u201c bringt viel Bewegung<\/p>\n","protected":false},"author":8,"featured_media":0,"comment_status":"open","ping_status":"closed","sticky":false,"template":"","format":"standard","meta":{"wp_typography_post_enhancements_disabled":false},"categories":[4],"tags":[],"_links":{"self":[{"href":"https:\/\/sv-oberperfuss.at\/fussball\/wp-json\/wp\/v2\/posts\/3975"}],"collection":[{"href":"https:\/\/sv-oberperfuss.at\/fussball\/wp-json\/wp\/v2\/posts"}],"about":[{"href":"https:\/\/sv-oberperfuss.at\/fussball\/wp-json\/wp\/v2\/types\/post"}],"author":[{"embeddable":true,"href":"https:\/\/sv-oberperfuss.at\/fussball\/wp-json\/wp\/v2\/users\/8"}],"replies":[{"embeddable":true,"href":"https:\/\/sv-oberperfuss.at\/fussball\/wp-json\/wp\/v2\/comments?post=3975"}],"version-history":[{"count":12,"href":"https:\/\/sv-oberperfuss.at\/fussball\/wp-json\/wp\/v2\/posts\/3975\/revisions"}],"predecessor-version":[{"id":3995,"href":"https:\/\/sv-oberperfuss.at\/fussball\/wp-json\/wp\/v2\/posts\/3975\/revisions\/3995"}],"wp:attachment":[{"href":"https:\/\/sv-oberperfuss.at\/fussball\/wp-json\/wp\/v2\/media?parent=3975"}],"wp:term":[{"taxonomy":"category","embeddable":true,"href":"https:\/\/sv-oberperfuss.at\/fussball\/wp-json\/wp\/v2\/categories?post=3975"},{"taxonomy":"post_tag","embeddable":true,"href":"https:\/\/sv-oberperfuss.at\/fussball\/wp-json\/wp\/v2\/tags?post=3975"}],"curies":[{"name":"wp","href":"https:\/\/api.w.org\/{rel}","templated":true}]}}