{"id":3961,"date":"2016-03-14T16:43:08","date_gmt":"2016-03-14T14:43:08","guid":{"rendered":"https:\/\/sv-oberperfuss.at\/fussball\/?p=3961"},"modified":"2016-03-14T16:43:57","modified_gmt":"2016-03-14T14:43:57","slug":"die-kueche-bleibt-kalt","status":"publish","type":"post","link":"https:\/\/sv-oberperfuss.at\/fussball\/die-kueche-bleibt-kalt\/","title":{"rendered":"Die K\u00fcche bleibt kalt&nbsp;!"},"content":{"rendered":"<p>Leider hat sich auch auf unseren Aufruf im Dorfblatt niemand gemeldet, der gerne in der K\u00fcche\/Bar in der Sportplatzkantine mitarbeiten bzw. selbst\u00e4ndige Arbeiten \u00fcbernehmen m\u00f6chte.<\/p>\n<p>Aus diesem Grund ist es uns leider nicht m\u00f6glich, den K\u00fcchenbetrieb in der Fr\u00fchjahrssaison aufrecht zu erhalten.&nbsp;\ud83d\ude25<\/p>\n<p>Vielleicht melden sich ja noch der ein oder andere Freiwillige, der bereit ist, zu verhindern, dass die K\u00fcche kalt bleibt!<\/p>\n<p>Der SVO \u2014 Fussball und alle Fans w\u00fcrden sich sehr dar\u00fcber freuen.<\/p>\n","protected":false},"excerpt":{"rendered":"<p>Leider hat sich auch auf unseren Aufruf im Dorfblatt niemand gemeldet, der gerne in der K\u00fcche\/Bar in der Sportplatzkantine mitarbeiten bzw. selbst\u00e4ndige Arbeiten \u00fcbernehmen m\u00f6chte. Aus diesem Grund ist es uns leider nicht m\u00f6glich, den K\u00fcchenbetrieb in der Fr\u00fchjahrssaison aufrecht zu erhalten.&nbsp;\ud83d\ude25 Vielleicht melden sich ja noch der ein oder andere Freiwillige, der bereit ist,&nbsp;[\u2026]<\/p>\n","protected":false},"author":8,"featured_media":0,"comment_status":"open","ping_status":"closed","sticky":false,"template":"","format":"standard","meta":{"wp_typography_post_enhancements_disabled":false},"categories":[4],"tags":[],"_links":{"self":[{"href":"https:\/\/sv-oberperfuss.at\/fussball\/wp-json\/wp\/v2\/posts\/3961"}],"collection":[{"href":"https:\/\/sv-oberperfuss.at\/fussball\/wp-json\/wp\/v2\/posts"}],"about":[{"href":"https:\/\/sv-oberperfuss.at\/fussball\/wp-json\/wp\/v2\/types\/post"}],"author":[{"embeddable":true,"href":"https:\/\/sv-oberperfuss.at\/fussball\/wp-json\/wp\/v2\/users\/8"}],"replies":[{"embeddable":true,"href":"https:\/\/sv-oberperfuss.at\/fussball\/wp-json\/wp\/v2\/comments?post=3961"}],"version-history":[{"count":3,"href":"https:\/\/sv-oberperfuss.at\/fussball\/wp-json\/wp\/v2\/posts\/3961\/revisions"}],"predecessor-version":[{"id":3964,"href":"https:\/\/sv-oberperfuss.at\/fussball\/wp-json\/wp\/v2\/posts\/3961\/revisions\/3964"}],"wp:attachment":[{"href":"https:\/\/sv-oberperfuss.at\/fussball\/wp-json\/wp\/v2\/media?parent=3961"}],"wp:term":[{"taxonomy":"category","embeddable":true,"href":"https:\/\/sv-oberperfuss.at\/fussball\/wp-json\/wp\/v2\/categories?post=3961"},{"taxonomy":"post_tag","embeddable":true,"href":"https:\/\/sv-oberperfuss.at\/fussball\/wp-json\/wp\/v2\/tags?post=3961"}],"curies":[{"name":"wp","href":"https:\/\/api.w.org\/{rel}","templated":true}]}}