{"id":3942,"date":"2015-11-02T19:04:48","date_gmt":"2015-11-02T17:04:48","guid":{"rendered":"https:\/\/sv-oberperfuss.at\/fussball\/?p=3942"},"modified":"2015-11-02T19:07:46","modified_gmt":"2015-11-02T17:07:46","slug":"oberperfuss-entfuehrt-dreier-aus-zams","status":"publish","type":"post","link":"https:\/\/sv-oberperfuss.at\/fussball\/oberperfuss-entfuehrt-dreier-aus-zams\/","title":{"rendered":"Oberperfuss entf\u00fchrt Dreier aus&nbsp;Zams"},"content":{"rendered":"<p>Dank einer starken Schlussphase drehte Oberperfuss die strittige Zammer F\u00fchrung und f\u00fcgte den eigentlich heimstarken Hausherren die bereits dritte Saisonpleite vor vertrauter Kulisse zu.<\/p>\n<p><!--more--><\/p>\n<p>Nach der 1:4\u2011Niederlage in Absam hat Zams auch am Samstag bei der 1:3\u2011Heimpleite gegen Oberperfuss die Gelegenheit verpasst, sich f\u00fcr das Fr\u00fchjahr eine gute Ausgangsposition zu verschaffen. Nach dem erfolglosen Hinrundenabschluss betr\u00e4gt der R\u00fcckstand auf Leader Absam bereits stattliche acht Punkte.<\/p>\n<p>Anders als in Absam konnte Zams die Begegnung offen und ausgeglichen gestalten. Und durch Philipp Santeler sogar in F\u00fchrung gehen (38.). Wohl irregul\u00e4r, zumal sich zuvor Assistgeber Dominik Schweisgut durch ein angeblich klares Foulspiel einen entscheidenden Vorteil verschaffte. Zams-Trainer J\u00fcrgen Landerer konnte den \u00c4rger der G\u00e4ste, in Folge dessen Oberperfuss-Coach Mario Venier auf die Trib\u00fcne geschickt wurde, deshalb nachvollziehen.<\/p>\n<p>Die \u201cstarke Ersatzbank\u201d mit den Jokern Dominik P\u00f6der, Christoph Mersa und Gerald Bucher sah Venier als das Z\u00fcnglein an der Waage, um den R\u00fcckstand zu drehen.<\/p>\n<p>Einen Freisto\u00df, der abgef\u00e4lscht wurde, nutzte Verteidiger Florian Bucher zum Ausgleich (68.). \u00c4rgerlich f\u00fcr die Hausherren: Der ruhende Ball wurde durch eine Schiedsrichter-Kritik von Kapit\u00e4n Fabian Birschner provoziert. Chancen auf die erneute F\u00fchrung lie\u00dfen Santeler und Edi Stubenb\u00f6ck ungenutzt \u2014 G\u00e4ste-Keeper Thomas Meischberger parierte hervorragend.<\/p>\n<p>Wenig sp\u00e4ter stellte sich Zams in der Defensive ungeschickt an, Tormann Peter Pangratz konnte Stefan Kirchmair nur noch mit einem Foul stoppen \u2014 den unstrittigen Elfmeter verwertete Marco Wegscheider zur Oberperfer F\u00fchrung (77.). Pikant: Zuletzt hatte der gefoulte Kirchmair zwei Elfmeter in Serie verschossen. Weshalb er dieses Mal seinem Teamkameraden den Vortritt lie\u00df.<\/p>\n<p>Im Konter setzte Gerald Bucher per Heber den Deckel drauf. In den Reihen von Zams klagte man eine Abseitsstellung an, Goalie Pangratz f\u00fcr Schiri Simon Fuchs zu lautstark \u2014 Gelb-Rot (87.).<\/p>\n<p><strong>Fazit: <\/strong><\/p>\n<p>Ohne die Leistungstr\u00e4ger Fabian Burger, Simon Gastl und Julian Platter blieben die Hausherren leistungstechnisch unter den Erwartungen. Oberperfuss kr\u00f6nte eine starke zweite Hinrunden-H\u00e4lfte mit einem nicht gerade eingeplanten Ausw\u00e4rtsdreier.<br>\nSV Zams \u2014 SV Oberperfuss 1:3 (1:0)<br>\nEurogast-Grissemann-Arena, 250 Zuschauer<\/p>\n<p>Tore:<br>\n1:0 \u2014 Philipp Santeler (38.)<br>\n1:1 \u2014 Florian Bucher (68.)<br>\n1:2 \u2014 Marco Wegscheider (77.\/Elfmeter)<br>\n1:3 \u2014 Gerald Bucher (86.)<\/p>\n<p>Ausschluss:<br>\nGelb-Rot \u2014 Peter Pangratz (87.\/Kritik\/Zams)<\/p>\n<p>Diese Woche im Team der Runde: &nbsp;<strong>Christoph Lerchster<\/strong> (LLW) und <strong>Stefan Brida<\/strong> (1.Kl.W)! &nbsp;Wir gratulieren herzlich!&nbsp;\ud83d\ude1b<\/p>\n<p>(Bericht: www.fanreport.com)<\/p>\n","protected":false},"excerpt":{"rendered":"<p>Dank einer starken Schlussphase drehte Oberperfuss die strittige Zammer F\u00fchrung und f\u00fcgte den eigentlich heimstarken Hausherren die bereits dritte Saisonpleite vor vertrauter Kulisse zu.<\/p>\n","protected":false},"author":8,"featured_media":0,"comment_status":"open","ping_status":"closed","sticky":false,"template":"","format":"standard","meta":{"wp_typography_post_enhancements_disabled":false},"categories":[4],"tags":[],"_links":{"self":[{"href":"https:\/\/sv-oberperfuss.at\/fussball\/wp-json\/wp\/v2\/posts\/3942"}],"collection":[{"href":"https:\/\/sv-oberperfuss.at\/fussball\/wp-json\/wp\/v2\/posts"}],"about":[{"href":"https:\/\/sv-oberperfuss.at\/fussball\/wp-json\/wp\/v2\/types\/post"}],"author":[{"embeddable":true,"href":"https:\/\/sv-oberperfuss.at\/fussball\/wp-json\/wp\/v2\/users\/8"}],"replies":[{"embeddable":true,"href":"https:\/\/sv-oberperfuss.at\/fussball\/wp-json\/wp\/v2\/comments?post=3942"}],"version-history":[{"count":6,"href":"https:\/\/sv-oberperfuss.at\/fussball\/wp-json\/wp\/v2\/posts\/3942\/revisions"}],"predecessor-version":[{"id":3948,"href":"https:\/\/sv-oberperfuss.at\/fussball\/wp-json\/wp\/v2\/posts\/3942\/revisions\/3948"}],"wp:attachment":[{"href":"https:\/\/sv-oberperfuss.at\/fussball\/wp-json\/wp\/v2\/media?parent=3942"}],"wp:term":[{"taxonomy":"category","embeddable":true,"href":"https:\/\/sv-oberperfuss.at\/fussball\/wp-json\/wp\/v2\/categories?post=3942"},{"taxonomy":"post_tag","embeddable":true,"href":"https:\/\/sv-oberperfuss.at\/fussball\/wp-json\/wp\/v2\/tags?post=3942"}],"curies":[{"name":"wp","href":"https:\/\/api.w.org\/{rel}","templated":true}]}}