{"id":3928,"date":"2015-10-18T20:49:56","date_gmt":"2015-10-18T18:49:56","guid":{"rendered":"https:\/\/sv-oberperfuss.at\/fussball\/?p=3928"},"modified":"2015-10-19T14:04:36","modified_gmt":"2015-10-19T12:04:36","slug":"adams-mit-neuem-trainer-zum-derby-sieg","status":"publish","type":"post","link":"https:\/\/sv-oberperfuss.at\/fussball\/adams-mit-neuem-trainer-zum-derby-sieg\/","title":{"rendered":"Axams mit neuem Trainer zum Derby-Sieg"},"content":{"rendered":"<p>In Axams hat Wolfgang Schwarz das Traineramt \u00fcbernommen und durfte sich \u00fcber einen Sieg gegen Oberperfuss freuen!<!--more--><\/p>\n<p>Der Schritt war f\u00fcr Ende Oktober geplant, wurde beim SV Axams aber bereits fr\u00fcher vollzogen. Der bisherige Trainer Robert Galle \u00fcbernimmt mit 1. November ein Traineramt an der Fu\u00dfballakademie, der Abschied war deshalb schon fix. Aufgrund eines fr\u00fcheren Dienstantritts wurde ihm nichts in Weg gelegt \u2013 Wolfgang Schwarz \u00fcbernahm das Traineramt und feierte im Landesligaderby gege Oberperfuss einen gelungenen Einstand. Die R\u00fcckkehr auf die Siegerstra\u00dfe sorgte f\u00fcr Erleichterung: Der 3:0\u2011Heimsieg bedeutete den ersten Erfolg nach drei sieglosen Runden mit zwei Niederlagen und einem Remis. Die Axamer sind damit im dicht gedr\u00e4ngten Spitzenfeld mit dabei, die Oberperfer werden diese Niederlge verkraften k\u00f6nnen und liegen weiterhin auf dem 10.&nbsp;Platz.<\/p>\n<p>(Bericht: www.meinbezirk.at)<\/p>\n<p>&nbsp;<\/p>\n<p>Nach den Niederlagen gegen Prutz und in Zams hat sich Axams am Samstag durch den klaren 3:0\u2011Heimerfolg im Derby \u00fcber Oberperfuss rehabilitiert. Die Hausherren profitierten auch von einem fr\u00fchen G\u00e4ste-Ausschluss.<\/p>\n<p>Axams hat sich am Samstag im Derby gegen Oberperfuss klar mit 3:0 durchgesetzt und bleibt damit voll im Rennen um die Winterkrone. Den Tabellenf\u00fchrer Absam und den F\u00fcnften Mils trennt zwei Runden vor der Winterpause nur ein Punkt \u2014 spannender geht\u2019s nicht! Richtungsweisend wird f\u00fcr Axams das Gastspiel in Zirl am kommenden Freitag. Da geht\u2019s ans Eingemachte!<\/p>\n<p>Die Generalprobe klappte. Nach zwei Niederlagen in Folge ein wichtiger Dreier. Bereits nach neun Minuten brachte Manuel Weichselbraun, der mit Nail Duran st\u00fcrmte, die Axamer in F\u00fchrung. Sein Heber \u00fcber den herauslaufenden Thomas Meischberger entpuppte sich als die richtige Entscheidung. Bereits zuvor h\u00e4tten Weichselbraun und Pr\u00fcnster f\u00fcr die F\u00fchrung sorgen k\u00f6nnen, wenn nicht sogar m\u00fcssen.<\/p>\n<p>Welchen Respekt Axams in der Liga genie\u00dft, zeigte der Expertentipp der aktuellen Runde. Oberperfuss-Kicker Patrick Huber tippte auf ein Unentschieden. Eine klare Botschaft, zumal die Experten erfahrungsgem\u00e4\u00df immer auf einen Sieger ihrer Mannschaft setzen.<\/p>\n<p><strong>Oberperfuss \u00fcber eine Stunde zu&nbsp;zehnt&nbsp;<\/strong><\/p>\n<p>Dass sich Oberperfuss im Axamer Ruifachstadion schwer tun w\u00fcrde, das hatte Huber wohl geahnt. Quasi eine Mission impossible wurde die Situation nach der fr\u00fchen Gelb-Roten Karte f\u00fcr Dominik P\u00f6der (27.) wegen eines Foulspiels. \u201cVor allem die zweite Gelbe Karte war sehr hart. Er hat den Gegenspieler nicht gesehen\u201d, haderte Oberperfuss-Coach Mario Venier mit dem Ausschluss.<\/p>\n<p>Trotz Axamer \u00dcberlegenheit und Chancenplus konnte Oberperfuss den 0:1\u2011R\u00fcckstand relativ lange halten. Auch dank der tollen Reflexe von Keeper Meischberger, auf den Venier ein besonderes Loblied sang: \u201cAxams war auf allen Positionen besser besetzt als wir \u2014 au\u00dfer im&nbsp;Tor.\u201d<\/p>\n<p><strong>\u201cH\u00e4tten Sack fr\u00fcher zumachen m\u00fcssen\u201d<\/strong><\/p>\n<p>Nach der Pause fand Oberperfuss mit zehn Mann sogar die Doppelchance auf den Ausgleich vor, Christian Bucher vergab. Mit dem 2:0 durch Florian Pr\u00fcnster, der von Weichselbraun bedient wurde, war die Partie fr\u00fchzeitig entschieden (57.). Den Endstand fixierte Daniel Stern, der f\u00fcr den gesperrten Fabian Saurer als linker Au\u00dfenverteidiger auflief, durch einen Abschluss im Strafraum (81.).<\/p>\n<p>\u201cIn Axams darf man verlieren\u201d, zollt Venier dem Luxus-Kader der Hausherren Tribut. Der Axamer Neo-Trainer Wolfgang Schwarz wollte nicht so recht in Euphorie ausbrechen: \u201cWir h\u00e4tten den Sack fr\u00fcher zumachen m\u00fcssen. Im Endeffekt trotzdem eine klare&nbsp;Sache.\u201d<\/p>\n<p>Fazit: Sp\u00e4testens nach dem P\u00f6der-Ausschluss stand Oberperfuss in Axams auf verlorenem Posten. Die favorisierten Gastgeber setzten sich letztlich klar durch. Auch in dieser H\u00f6he verdient. F\u00fcr Oberperfuss die erste Niederlage nach sieben Punkten aus drei Runden.<br>\nSV Axams \u2014 SV Oberperfuss 3:0 (1:0)<br>\nRuifachstadion Axams, 350 Zuschauer<\/p>\n<p>Tore:<br>\n1:0 \u2014 Manuel Weichselbraun (9.)<br>\n2:0 \u2014 Florian Pr\u00fcnster (56.)<br>\n3:0 \u2014 Daniel Stern (81.)<\/p>\n<p>Ausschluss:<br>\nGelb-Rot \u2014 Dominik P\u00f6der (27.\/Foul\/Oberperfuss)<\/p>\n<p>(Bericht: www.fanreport.com)<\/p>\n","protected":false},"excerpt":{"rendered":"<p>In Axams hat Wolfgang Schwarz das Traineramt \u00fcbernommen und durfte sich \u00fcber einen Sieg gegen Oberperfuss freuen!<\/p>\n","protected":false},"author":8,"featured_media":0,"comment_status":"open","ping_status":"closed","sticky":false,"template":"","format":"standard","meta":{"wp_typography_post_enhancements_disabled":false},"categories":[4],"tags":[],"_links":{"self":[{"href":"https:\/\/sv-oberperfuss.at\/fussball\/wp-json\/wp\/v2\/posts\/3928"}],"collection":[{"href":"https:\/\/sv-oberperfuss.at\/fussball\/wp-json\/wp\/v2\/posts"}],"about":[{"href":"https:\/\/sv-oberperfuss.at\/fussball\/wp-json\/wp\/v2\/types\/post"}],"author":[{"embeddable":true,"href":"https:\/\/sv-oberperfuss.at\/fussball\/wp-json\/wp\/v2\/users\/8"}],"replies":[{"embeddable":true,"href":"https:\/\/sv-oberperfuss.at\/fussball\/wp-json\/wp\/v2\/comments?post=3928"}],"version-history":[{"count":4,"href":"https:\/\/sv-oberperfuss.at\/fussball\/wp-json\/wp\/v2\/posts\/3928\/revisions"}],"predecessor-version":[{"id":3932,"href":"https:\/\/sv-oberperfuss.at\/fussball\/wp-json\/wp\/v2\/posts\/3928\/revisions\/3932"}],"wp:attachment":[{"href":"https:\/\/sv-oberperfuss.at\/fussball\/wp-json\/wp\/v2\/media?parent=3928"}],"wp:term":[{"taxonomy":"category","embeddable":true,"href":"https:\/\/sv-oberperfuss.at\/fussball\/wp-json\/wp\/v2\/categories?post=3928"},{"taxonomy":"post_tag","embeddable":true,"href":"https:\/\/sv-oberperfuss.at\/fussball\/wp-json\/wp\/v2\/tags?post=3928"}],"curies":[{"name":"wp","href":"https:\/\/api.w.org\/{rel}","templated":true}]}}