{"id":3916,"date":"2015-10-05T16:06:13","date_gmt":"2015-10-05T14:06:13","guid":{"rendered":"https:\/\/sv-oberperfuss.at\/fussball\/?p=3916"},"modified":"2015-10-05T16:06:13","modified_gmt":"2015-10-05T14:06:13","slug":"spaeter-ausgleichstreffer-fuer-mils","status":"publish","type":"post","link":"https:\/\/sv-oberperfuss.at\/fussball\/spaeter-ausgleichstreffer-fuer-mils\/","title":{"rendered":"Sp\u00e4ter Ausgleichstreffer f\u00fcr&nbsp;Mils"},"content":{"rendered":"<p>Mils kam zuhause gegen Oberperfuss nicht \u00fcber ein 1:1\u2011Unentschieden hinaus. Mehr war aufgrund des sp\u00e4ten Ausgleichstreffers und der durchwachsenen Vorstellung auch nicht&nbsp;drin.<\/p>\n<p><!--more--><\/p>\n<p>Laut Udo J\u00fcrgens f\u00e4ngt das Leben bekanntlich erst mit 66 an. Demgem\u00e4\u00df hat Roland Killinger noch sechs Jahre, bevor\u2019s losgeht. Der Milser Vereinsfotograf wurde am Samstag 60 und bekam von den Kickern vor dem Heimspiel gegen Oberperfuss ein personifiziertes Trikot \u00fcberreicht. Auch wir von fanreport.com d\u00fcrfen die tollen Bilder von Roland verwenden und schlie\u00dfen uns den Gl\u00fcckw\u00fcnschen an!<\/p>\n<p>Wenn man schon von Geschenken spricht, dann \u00fcberreichte sein Sohn Thomas Killinger den G\u00e4sten aus Oberperfuss auch eines. Ungl\u00fccklich lenkte der Milser Innenverteidiger einen Stanglpass von Sam Abfalterer ins eigene Tor (8.). In der ersten Viertelstunde standen die Hausherren neben den Schuhen, war Oberperfuss k\u00f6rperlich und geistig \u00fcberlegen, ohne nennenswerte Chancen zu kreieren.<\/p>\n<p><strong>Angerer mit sp\u00e4tem Ausgleich<\/strong><\/p>\n<p>Bezeichnend f\u00fcr den entt\u00e4uschenden Milser Auftritt in den ersten 45 Minuten: Martin Angerer und Co. kamen zu keiner zwingenden M\u00f6glichkeit. Oberperfuss aber auch&nbsp;nicht\u2026<\/p>\n<p>Mit dem Seitenwechsel ver\u00e4nderte sich auch die Milser Verfassung \u2014 ins Positive. Einen Angerer-Eckball k\u00f6pfte Daniel Zauner an die Querlatte. Nach der Gelb-Roten Karte f\u00fcr Oberperfuss-Abwehrspieler Florian Bucher dr\u00fcckten die Gastgeber noch vehementer auf den Ausgleich.<\/p>\n<p>In der Schlussphase spielte Angerer einen gegnerischen Verteidiger und Torh\u00fcter Thomas Meischberger aus, sein Schuss wurde dann allerdings von der Linie gekratzt. Im zweiten Versuch hatte die Solospitze mehr Erfolg: Der eingewechselte Julian Kleinheinz setzte Daniel Strickner in Szene, der von Marco Wegscheider nur mit einem Foul gestoppt werden konnte. Angerer verwandelte den Strafsto\u00df zum sp\u00e4ten 1:1\u2011Ausgleich (87.).<\/p>\n<p><strong>Fazit:<\/strong> Aufgrund des sp\u00e4ten Treffers muss Mils mit der Punkteteilung ausgezeichnet leben k\u00f6nnen. Angesichts der durchwachsenen und verhaltenen Vorstellung war mehr ohnehin nicht drin. Alles in allem ein gerechtes Unentschieden.<br>\nSC Mils \u2014 SV Oberperfuss 1:1 (0:1)<br>\nSportplatz Mils, 100 Zuschauer<\/p>\n<p><em>Tore:<\/em><br>\n0:1 \u2014 Thomas Killinger (8.\/Eigentor)<br>\n1:1 \u2014 Martin Angerer (87.\/Elfmeter)<\/p>\n<p><em>Ausschluss:<\/em><br>\nGelb-Rot \u2014 Florian Bucher (73.\/Foul\/Oberperfuss)<\/p>\n<p>&nbsp;<\/p>\n<h4>(Bericht: www.fanreport.com)<\/h4>\n","protected":false},"excerpt":{"rendered":"<p>Mils kam zuhause gegen Oberperfuss nicht \u00fcber ein 1:1\u2011Unentschieden hinaus. Mehr war aufgrund des sp\u00e4ten Ausgleichstreffers und der durchwachsenen Vorstellung auch nicht&nbsp;drin.<\/p>\n","protected":false},"author":8,"featured_media":0,"comment_status":"open","ping_status":"closed","sticky":false,"template":"","format":"standard","meta":{"wp_typography_post_enhancements_disabled":false},"categories":[4],"tags":[],"_links":{"self":[{"href":"https:\/\/sv-oberperfuss.at\/fussball\/wp-json\/wp\/v2\/posts\/3916"}],"collection":[{"href":"https:\/\/sv-oberperfuss.at\/fussball\/wp-json\/wp\/v2\/posts"}],"about":[{"href":"https:\/\/sv-oberperfuss.at\/fussball\/wp-json\/wp\/v2\/types\/post"}],"author":[{"embeddable":true,"href":"https:\/\/sv-oberperfuss.at\/fussball\/wp-json\/wp\/v2\/users\/8"}],"replies":[{"embeddable":true,"href":"https:\/\/sv-oberperfuss.at\/fussball\/wp-json\/wp\/v2\/comments?post=3916"}],"version-history":[{"count":1,"href":"https:\/\/sv-oberperfuss.at\/fussball\/wp-json\/wp\/v2\/posts\/3916\/revisions"}],"predecessor-version":[{"id":3917,"href":"https:\/\/sv-oberperfuss.at\/fussball\/wp-json\/wp\/v2\/posts\/3916\/revisions\/3917"}],"wp:attachment":[{"href":"https:\/\/sv-oberperfuss.at\/fussball\/wp-json\/wp\/v2\/media?parent=3916"}],"wp:term":[{"taxonomy":"category","embeddable":true,"href":"https:\/\/sv-oberperfuss.at\/fussball\/wp-json\/wp\/v2\/categories?post=3916"},{"taxonomy":"post_tag","embeddable":true,"href":"https:\/\/sv-oberperfuss.at\/fussball\/wp-json\/wp\/v2\/tags?post=3916"}],"curies":[{"name":"wp","href":"https:\/\/api.w.org\/{rel}","templated":true}]}}