{"id":3872,"date":"2015-09-04T12:14:31","date_gmt":"2015-09-04T10:14:31","guid":{"rendered":"https:\/\/sv-oberperfuss.at\/fussball\/?p=3872"},"modified":"2015-09-04T13:44:02","modified_gmt":"2015-09-04T11:44:02","slug":"sammelstelle-fuer-nicht-mehr-benoetigte-fussballutensilien","status":"publish","type":"post","link":"https:\/\/sv-oberperfuss.at\/fussball\/sammelstelle-fuer-nicht-mehr-benoetigte-fussballutensilien\/","title":{"rendered":"Sammelstelle f\u00fcr nicht mehr ben\u00f6tigte Fussballutensilien!"},"content":{"rendered":"<p><strong>Sammelstelle SV Kematen:<\/strong><\/p>\n<h1><strong>Mittwoch, 09.09.2015<\/strong><\/h1>\n<p><strong>Ab 16 Uhr<\/strong> in der Sportplatzkantine<!--more--><\/p>\n<p>Neben Schulsachen, die bei uns abgeben werden k\u00f6nnen, erweitern die Aktion aber auch um Fu\u00dfb\u00e4lle, gut erhaltene Fu\u00dfballschuhe und Kinderdressen von internationalen Vereinen, die ebenfalls bei uns abgegeben werden k\u00f6nnen.<\/p>\n<p>Come on you&nbsp;Kids!<\/p>\n<p>&nbsp;<\/p>\n<p><a href=\"https:\/\/sv-oberperfuss.at\/fussball\/files\/2015\/09\/Sammelstelle-SV-Kematen.docx\">Sammelstelle SV Kematen<\/a><\/p>\n","protected":false},"excerpt":{"rendered":"<p>Sammelstelle SV Kematen: Mittwoch, 09.09.2015 Ab 16 Uhr in der Sportplatzkantine<\/p>\n","protected":false},"author":8,"featured_media":0,"comment_status":"open","ping_status":"closed","sticky":false,"template":"","format":"standard","meta":{"wp_typography_post_enhancements_disabled":false},"categories":[4],"tags":[],"_links":{"self":[{"href":"https:\/\/sv-oberperfuss.at\/fussball\/wp-json\/wp\/v2\/posts\/3872"}],"collection":[{"href":"https:\/\/sv-oberperfuss.at\/fussball\/wp-json\/wp\/v2\/posts"}],"about":[{"href":"https:\/\/sv-oberperfuss.at\/fussball\/wp-json\/wp\/v2\/types\/post"}],"author":[{"embeddable":true,"href":"https:\/\/sv-oberperfuss.at\/fussball\/wp-json\/wp\/v2\/users\/8"}],"replies":[{"embeddable":true,"href":"https:\/\/sv-oberperfuss.at\/fussball\/wp-json\/wp\/v2\/comments?post=3872"}],"version-history":[{"count":3,"href":"https:\/\/sv-oberperfuss.at\/fussball\/wp-json\/wp\/v2\/posts\/3872\/revisions"}],"predecessor-version":[{"id":3876,"href":"https:\/\/sv-oberperfuss.at\/fussball\/wp-json\/wp\/v2\/posts\/3872\/revisions\/3876"}],"wp:attachment":[{"href":"https:\/\/sv-oberperfuss.at\/fussball\/wp-json\/wp\/v2\/media?parent=3872"}],"wp:term":[{"taxonomy":"category","embeddable":true,"href":"https:\/\/sv-oberperfuss.at\/fussball\/wp-json\/wp\/v2\/categories?post=3872"},{"taxonomy":"post_tag","embeddable":true,"href":"https:\/\/sv-oberperfuss.at\/fussball\/wp-json\/wp\/v2\/tags?post=3872"}],"curies":[{"name":"wp","href":"https:\/\/api.w.org\/{rel}","templated":true}]}}