{"id":3834,"date":"2015-08-10T10:01:15","date_gmt":"2015-08-10T08:01:15","guid":{"rendered":"https:\/\/sv-oberperfuss.at\/fussball\/?p=3834"},"modified":"2015-08-10T10:01:15","modified_gmt":"2015-08-10T08:01:15","slug":"zum-auftakt-einen-dreier-fuer-absam","status":"publish","type":"post","link":"https:\/\/sv-oberperfuss.at\/fussball\/zum-auftakt-einen-dreier-fuer-absam\/","title":{"rendered":"Zum Auftakt einen \u201cDreier\u201d f\u00fcr&nbsp;Absam"},"content":{"rendered":"<p>Erst hielt Goalie Feichtner Absam am Samstag im Spiel, dann trafen Moosbrugger und M\u00fcller zum 2:0\u2011Sieg in Oberperfuss.<\/p>\n<p><!--more--><\/p>\n<p>Diese Partie h\u00e4tte durchaus auch anders enden k\u00f6nnen! Denn Sieger Absam hatte gro\u00dfes Gl\u00fcck und mit Florian Feichtner einen starken Torh\u00fcter im Kasten, der nach einem fahrl\u00e4ssigen R\u00fcckpass von Philip Moosbrugger gegen den heranst\u00fcrmenden Oberperfer Gerald Bucher in extremis rettete.<\/p>\n<p>Die G\u00e4ste fanden erst Mitte der ersten Halbzeit ins Spiel, gingen dann relativ schnell aus dem Nichts durch Moosbrugger nach einer Standardaktion in F\u00fchrung. Treffer mit links, Fehler ausgebessert!<\/p>\n<p>\u201cNach den ersten 25 Minuten, wo Oberperfuss besser war, haben wir die Kontrolle \u00fcbernommen\u201d, betont Absam-Kapit\u00e4n Dominik M\u00fcller, dem in Halbzeit zwei nach einem gewonnen Laufduell die Entscheidung zum 2:0 gelang. (76.). Zuvor traf M\u00fcller per Kopf nur Aluminium, wie Tomislav Tomic im Finish mit dem&nbsp;Fu\u00df.<\/p>\n<p><b>\u201cUnentschieden w\u00e4re gerecht gewesen\u201d \u2014 Aber M\u00fcller machte alles&nbsp;klar!<\/b><\/p>\n<p>Oberperfuss trat bem\u00fcht, an diesem Tag allerdings gerade vor dem Tor gl\u00fccklos auf. Gerald Bucher konnte seine Gelegenheit in Halbzeit zwei ebenso wenig nutzen wie sein eingewechselter Bruder Florian. \u201cIch bin mir nicht sicher, ob das Spiel nicht gekippt w\u00e4re, wenn Oberperfuss nach der Pause unsere schl\u00e4frige Phase ausgenutzt h\u00e4tte\u201d, blickt Absam-Coach Christian Kellner zur\u00fcck.<\/p>\n<p>\u201cMich stimmt positiv, dass wir zu Chancen gekommen sind. Wenn das nicht der Fall w\u00e4re, dann m\u00fcsste ich mir Gedanken machen\u201d, war Oberperfuss-Trainer Mario Venier, der von der \u00dcbergangs- zur Langzeitl\u00f6sung wurde, gar nicht unzufrieden: \u201cEin Unentschieden w\u00e4re gerecht gewesen.\u201d<\/p>\n<p>F\u00fcr Absam geht\u2019s jetzt darum, den Sieg zu best\u00e4tigen. Trainer Christian Kellner wird darauf hinweisen, dass man in den vergangenen Jahren gerade zu Saisonbeginn regelm\u00e4\u00dfig unter den Erwartungen blieb. Dadurch erhielten die Hoffnungen, vorne mitzuspielen, stets einen D\u00e4mpfer. Wird heuer alles anders?<\/p>\n<p><b>Fazit:<\/b> Mit einem passendem Spielverlauf h\u00e4tte Oberperfuss auch einen bis drei Punkte einfahren k\u00f6nnen. Die verpasste Gelegenheit von Gerald Bucher r\u00e4chte sich aber. Absam hat beide Tore zum jeweils richtigen Zeitpunkt erzielt und damit sah der Sieg souver\u00e4ner aus, als er es eigentlich war.<\/p>\n<p><b>SV Oberperfuss \u2014 SV Absam 0:2 (0:1)<\/b><br>\nSportplatz Oberperfuss, 200 Zuschauer<\/p>\n<p><b>Tore:<\/b><br>\n0:1 \u2014 <a href=\"http:\/\/www.fanreport.com\/at\/fussballspieler\/philip-moosbrugger-193624\/\">Philip Moosbrugger<\/a> (30.)<br>\n0:2 \u2014 <a href=\"http:\/\/www.fanreport.com\/at\/fussballspieler\/dominik-mueller-193625\/\">Dominik M\u00fcller<\/a> (76.)<\/p>\n<p>&nbsp;<\/p>\n<p>(Bericht: www.fanreport.com; Daniel Lenninger \u2014 Redakteur, <a href=\"mailto:daniel.lenninger@fanreport.at\">daniel.lenninger@fanreport.at<\/a>)<\/p>\n","protected":false},"excerpt":{"rendered":"<p>Erst hielt Goalie Feichtner Absam am Samstag im Spiel, dann trafen Moosbrugger und M\u00fcller zum 2:0\u2011Sieg in Oberperfuss.<\/p>\n","protected":false},"author":8,"featured_media":0,"comment_status":"open","ping_status":"closed","sticky":false,"template":"","format":"standard","meta":{"wp_typography_post_enhancements_disabled":false},"categories":[4],"tags":[],"_links":{"self":[{"href":"https:\/\/sv-oberperfuss.at\/fussball\/wp-json\/wp\/v2\/posts\/3834"}],"collection":[{"href":"https:\/\/sv-oberperfuss.at\/fussball\/wp-json\/wp\/v2\/posts"}],"about":[{"href":"https:\/\/sv-oberperfuss.at\/fussball\/wp-json\/wp\/v2\/types\/post"}],"author":[{"embeddable":true,"href":"https:\/\/sv-oberperfuss.at\/fussball\/wp-json\/wp\/v2\/users\/8"}],"replies":[{"embeddable":true,"href":"https:\/\/sv-oberperfuss.at\/fussball\/wp-json\/wp\/v2\/comments?post=3834"}],"version-history":[{"count":3,"href":"https:\/\/sv-oberperfuss.at\/fussball\/wp-json\/wp\/v2\/posts\/3834\/revisions"}],"predecessor-version":[{"id":3837,"href":"https:\/\/sv-oberperfuss.at\/fussball\/wp-json\/wp\/v2\/posts\/3834\/revisions\/3837"}],"wp:attachment":[{"href":"https:\/\/sv-oberperfuss.at\/fussball\/wp-json\/wp\/v2\/media?parent=3834"}],"wp:term":[{"taxonomy":"category","embeddable":true,"href":"https:\/\/sv-oberperfuss.at\/fussball\/wp-json\/wp\/v2\/categories?post=3834"},{"taxonomy":"post_tag","embeddable":true,"href":"https:\/\/sv-oberperfuss.at\/fussball\/wp-json\/wp\/v2\/tags?post=3834"}],"curies":[{"name":"wp","href":"https:\/\/api.w.org\/{rel}","templated":true}]}}