{"id":378,"date":"2009-11-23T20:46:13","date_gmt":"2009-11-23T18:46:13","guid":{"rendered":"https:\/\/sv-oberperfuss.at\/fussball\/?p=378"},"modified":"2009-11-23T21:38:20","modified_gmt":"2009-11-23T19:38:20","slug":"ruckblick-auf-die-herbstmeisterschaft","status":"publish","type":"post","link":"https:\/\/sv-oberperfuss.at\/fussball\/ruckblick-auf-die-herbstmeisterschaft\/","title":{"rendered":"R\u00fcckblick auf die Herbstmeisterschaft"},"content":{"rendered":"<p>Nach dem Abstiegsschock und dem damit verbundenen Umbau der Mannschaft (Karriereende bzw. Abg\u00e4nge von mehreren Stammspielern) ist der zweite Tabellenplatz in der Landesliga West mit 33 Punkten (11 Siege\/4 Niederlagen) hinter dem SV Reutte ein voller Erfolg f\u00fcr das neue Trainerduo Christoph Hupfauf und Franz Haid. &nbsp;Mit dem Aufbautraining f\u00fcr die kommende Fr\u00fchjahrssaison wird schon Anfang Dezember beim Laufen und Hallentraining begonnen, um f\u00fcr die R\u00fcckrunden bestens ger\u00fcstet zu&nbsp;sein.<\/p>\n<p><!--more--><\/p>\n<p>Zu k\u00e4mpfen hatte die zweite Kampfmannschaft in der ersten Klasse West, aber mit dem zu letzt gezeigten Aufw\u00e4rtstrend, wird es dem Trainer, Martin Leitner, und seinen Jungs sicher gelingen im Fr\u00fchjahr die Abstiegsr\u00e4nge zu verlassen.<\/p>\n<p>Venier Mario und seine U16-Mannschaft hat nach anf\u00e4nglichen Startschwierigkeiten bei den Derbyerfolgen gegen Kematen viel Ehrgeiz entwickelt und sich schlussendlich noch f\u00fcr das Fr\u00fchjahrs-Play off qualifiziert.<\/p>\n<p>Auch die U13 schaffte mit dem 2. Tabellenrang den Aufstieg ins Meister-Play off. Somit k\u00f6nnen die Trainer Walter Mersa und Thomas Brantner mit Freude in die kurze (denn wie wir wissen, wird auch im Winter hart trainiert) Winterpause gehen.<\/p>\n<p>Unsere Kinder des Jahrgangs 1999 bis 2001 spielten gleich doppelt in der U10- bzw. U11- Gruppe. Die viele Arbeit der Trainer Helmut und Hannes Kirchmair sowie Thomas Weber wurde mit einem 4. Tabellenplatz belohnt.<\/p>\n<p>Die Kinder der U9 werden mit viel Geduld von Werner Heis und Clemens Mair betreut und man hofft im n\u00e4chsten Jahr die ersten Siege erleben zu d\u00fcrfen. Im Vordergrund steht jedoch der Spa\u00df am Spiel und die sportliche Ausbildung. Mit den neuen Trainingsanz\u00fcgen, gesponsert durch Axonlab und SSP Bau Consult, k\u00f6nnen die Kleinsten nun voll motiviert in die Hallensaison starten.<\/p>\n<p><strong>Der Ausschuss der Sektion Fu\u00dfball w\u00fcnscht allen Fans, Helfern und Sponsoren ein friedvolles und besinnliches Weihnachtsfest sowie einen guten Rutsch ins neue&nbsp;Jahr!<\/strong><\/p>\n<p>Der Startschuss f\u00fcr die neue Saison erfolgt Anfang April 2010 und wir hoffen, euch alle wieder am Fu\u00dfballplatz begr\u00fc\u00dfen zu d\u00fcrfen.<\/p>\n","protected":false},"excerpt":{"rendered":"<p>Nach dem Abstiegsschock und dem damit verbundenen Umbau der Mannschaft (Karriereende bzw. Abg\u00e4nge von mehreren Stammspielern) ist der zweite Tabellenplatz in der Landesliga West mit 33 Punkten (11 Siege\/4 Niederlagen) hinter dem SV Reutte ein voller Erfolg f\u00fcr das neue Trainerduo Christoph Hupfauf und Franz Haid. &nbsp;Mit dem Aufbautraining f\u00fcr die kommende Fr\u00fchjahrssaison wird&nbsp;schon&nbsp;[\u2026]<\/p>\n","protected":false},"author":8,"featured_media":0,"comment_status":"open","ping_status":"closed","sticky":false,"template":"","format":"standard","meta":{"wp_typography_post_enhancements_disabled":false},"categories":[4],"tags":[],"_links":{"self":[{"href":"https:\/\/sv-oberperfuss.at\/fussball\/wp-json\/wp\/v2\/posts\/378"}],"collection":[{"href":"https:\/\/sv-oberperfuss.at\/fussball\/wp-json\/wp\/v2\/posts"}],"about":[{"href":"https:\/\/sv-oberperfuss.at\/fussball\/wp-json\/wp\/v2\/types\/post"}],"author":[{"embeddable":true,"href":"https:\/\/sv-oberperfuss.at\/fussball\/wp-json\/wp\/v2\/users\/8"}],"replies":[{"embeddable":true,"href":"https:\/\/sv-oberperfuss.at\/fussball\/wp-json\/wp\/v2\/comments?post=378"}],"version-history":[{"count":7,"href":"https:\/\/sv-oberperfuss.at\/fussball\/wp-json\/wp\/v2\/posts\/378\/revisions"}],"predecessor-version":[{"id":381,"href":"https:\/\/sv-oberperfuss.at\/fussball\/wp-json\/wp\/v2\/posts\/378\/revisions\/381"}],"wp:attachment":[{"href":"https:\/\/sv-oberperfuss.at\/fussball\/wp-json\/wp\/v2\/media?parent=378"}],"wp:term":[{"taxonomy":"category","embeddable":true,"href":"https:\/\/sv-oberperfuss.at\/fussball\/wp-json\/wp\/v2\/categories?post=378"},{"taxonomy":"post_tag","embeddable":true,"href":"https:\/\/sv-oberperfuss.at\/fussball\/wp-json\/wp\/v2\/tags?post=378"}],"curies":[{"name":"wp","href":"https:\/\/api.w.org\/{rel}","templated":true}]}}