{"id":360,"date":"2009-11-24T22:03:12","date_gmt":"2009-11-24T20:03:12","guid":{"rendered":"https:\/\/sv-oberperfuss.at\/fussball\/?p=360"},"modified":"2009-11-28T21:47:37","modified_gmt":"2009-11-28T19:47:37","slug":"unser-nachwuchs-im-herbst-09","status":"publish","type":"post","link":"https:\/\/sv-oberperfuss.at\/fussball\/unser-nachwuchs-im-herbst-09\/","title":{"rendered":"Unser Nachwuchs im Herbst 09"},"content":{"rendered":"<h1>U16<\/h1>\n<p>Mario Venier kann mit einigen Ergebnissen seiner Mannschaft durchaus zufrieden sein. Der Tabellenplatz in der vorderen H\u00e4lfte bringt die U16-Fu\u00dfballer in das Fr\u00fchjahrs Play-Off.<\/p>\n<p><span style=\"text-decoration: underline\">Die besten Torsch\u00fctzen<\/span><\/p>\n<p><img loading=\"lazy\" class=\"size-full wp-image-374 \" title=\"u16-PlattnerAlesx\" src=\"https:\/\/sv-oberperfuss.at\/fussball\/files\/2009\/11\/u16-PlattnerAlesx.jpg\" alt=\"u16-PlattnerAlesx\" width=\"112\" height=\"125\"> <img loading=\"lazy\" class=\"alignnone size-full wp-image-375\" title=\"u16-PichlerDomi\" src=\"https:\/\/sv-oberperfuss.at\/fussball\/files\/2009\/11\/u16-PichlerDomi.jpg\" alt=\"u16-PichlerDomi\" width=\"112\" height=\"140\"> <img loading=\"lazy\" class=\"alignnone size-full wp-image-396\" title=\"u16-BridaMichi\" src=\"https:\/\/sv-oberperfuss.at\/fussball\/files\/2009\/11\/u16-BridaMichi.jpg\" alt=\"u16-BridaMichi\" width=\"112\" height=\"114\"> <img loading=\"lazy\" class=\"alignnone size-full wp-image-397\" title=\"u16-Triendl Clemens\" src=\"https:\/\/sv-oberperfuss.at\/fussball\/files\/2009\/11\/u16-Triendl-Clemens.jpg\" alt=\"u16-Triendl Clemens\" width=\"105\" height=\"140\"><br>\n6 Tore: Plattner Alexander; 4 Tore: Pichler Dominik, Brida Michael, Triendl Clemens<br>\n<!--more--><\/p>\n<table style=\"width: 470px;height: 267px\" border=\"1\" cellpadding=\"0\" width=\"470\">\n<tbody>\n<tr>\n<td colspan=\"9\" valign=\"top\">\n<h2><strong>U16&nbsp; PLAY-OFF\u20115 herbst09<\/strong><\/h2>\n<\/td>\n<\/tr>\n<tr>\n<td valign=\"top\"><\/td>\n<td valign=\"top\">\n<p align=\"center\"><strong>Mannschaft<\/strong><\/p>\n<\/td>\n<td valign=\"top\">\n<p align=\"center\"><strong>Sp.<\/strong><\/p>\n<\/td>\n<td valign=\"top\">\n<p align=\"center\"><strong>S<\/strong><\/p>\n<\/td>\n<td valign=\"top\">\n<p align=\"center\"><strong>U<\/strong><\/p>\n<\/td>\n<td valign=\"top\">\n<p align=\"center\"><strong>N<\/strong><\/p>\n<\/td>\n<td valign=\"top\">\n<p align=\"center\"><strong>Tore<\/strong><\/p>\n<\/td>\n<td valign=\"top\">\n<p align=\"center\"><strong>+\/-<\/strong><\/p>\n<\/td>\n<td valign=\"top\">\n<p align=\"center\"><strong>Punkte<\/strong><\/p>\n<\/td>\n<\/tr>\n<tr>\n<td valign=\"top\">\n<p align=\"center\">1<\/p>\n<\/td>\n<td valign=\"top\"><a href=\"http:\/\/www.fussballoesterreich.at\/fv\/portal\/verein\/aktuelles.pu?verbandKuerzel=T&amp;awVerband=T_&amp;vereinNr=6053\" target=\"_blank\">SPG Stams\/Silz\/M\u00f6tz<\/a><\/td>\n<td valign=\"top\">\n<p align=\"center\">12<\/p>\n<\/td>\n<td valign=\"top\">\n<p align=\"center\">12<\/p>\n<\/td>\n<td valign=\"top\">\n<p align=\"center\">0<\/p>\n<\/td>\n<td valign=\"top\">\n<p align=\"center\">0<\/p>\n<\/td>\n<td valign=\"top\">\n<p align=\"center\">96:20<\/p>\n<\/td>\n<td valign=\"top\">\n<p align=\"center\">76<\/p>\n<\/td>\n<td valign=\"top\">\n<p align=\"center\">36<\/p>\n<\/td>\n<\/tr>\n<tr>\n<td valign=\"top\">\n<p align=\"center\">2<\/p>\n<\/td>\n<td valign=\"top\"><a href=\"http:\/\/www.fussballoesterreich.at\/fv\/portal\/verein\/aktuelles.pu?verbandKuerzel=T&amp;awVerband=T_&amp;vereinNr=6202\" target=\"_blank\">SPG Mieminger Plateau&nbsp;<\/a><\/td>\n<td valign=\"top\">\n<p align=\"center\">12<\/p>\n<\/td>\n<td valign=\"top\">\n<p align=\"center\">8<\/p>\n<\/td>\n<td valign=\"top\">\n<p align=\"center\">0<\/p>\n<\/td>\n<td valign=\"top\">\n<p align=\"center\">4<\/p>\n<\/td>\n<td valign=\"top\">\n<p align=\"center\">47:31<\/p>\n<\/td>\n<td valign=\"top\">\n<p align=\"center\">16<\/p>\n<\/td>\n<td valign=\"top\">\n<p align=\"center\">24<\/p>\n<\/td>\n<\/tr>\n<tr>\n<td valign=\"top\">\n<p align=\"center\"><strong>3<\/strong><\/p>\n<\/td>\n<td valign=\"top\"><strong><a href=\"http:\/\/www.fussballoesterreich.at\/fv\/portal\/verein\/aktuelles.pu?verbandKuerzel=T&amp;awVerband=T_&amp;vereinNr=6057\" target=\"_blank\">Oberperfuss<\/a><\/strong><\/td>\n<td valign=\"top\">\n<p align=\"center\"><strong>12<\/strong><\/p>\n<\/td>\n<td valign=\"top\">\n<p align=\"center\"><strong>7<\/strong><\/p>\n<\/td>\n<td valign=\"top\">\n<p align=\"center\"><strong>1<\/strong><\/p>\n<\/td>\n<td valign=\"top\">\n<p align=\"center\"><strong>4<\/strong><\/p>\n<\/td>\n<td valign=\"top\">\n<p align=\"center\"><strong>47:29<\/strong><\/p>\n<\/td>\n<td valign=\"top\">\n<p align=\"center\"><strong>18<\/strong><\/p>\n<\/td>\n<td valign=\"top\">\n<p align=\"center\"><strong>22<\/strong><\/p>\n<\/td>\n<\/tr>\n<tr>\n<td valign=\"top\">\n<p align=\"center\">4<\/p>\n<\/td>\n<td valign=\"top\"><a href=\"http:\/\/www.fussballoesterreich.at\/fv\/portal\/verein\/aktuelles.pu?verbandKuerzel=T&amp;awVerband=T_&amp;vereinNr=6056\" target=\"_blank\">Zirl<\/a><\/td>\n<td valign=\"top\">\n<p align=\"center\">12<\/p>\n<\/td>\n<td valign=\"top\">\n<p align=\"center\">7<\/p>\n<\/td>\n<td valign=\"top\">\n<p align=\"center\">0<\/p>\n<\/td>\n<td valign=\"top\">\n<p align=\"center\">5<\/p>\n<\/td>\n<td valign=\"top\">\n<p align=\"center\">35:56<\/p>\n<\/td>\n<td valign=\"top\">\n<p align=\"center\">-21<\/p>\n<\/td>\n<td valign=\"top\">\n<p align=\"center\">21<\/p>\n<\/td>\n<\/tr>\n<tr>\n<td valign=\"top\">\n<p align=\"center\">5<\/p>\n<\/td>\n<td valign=\"top\"><a href=\"http:\/\/www.fussballoesterreich.at\/fv\/portal\/verein\/aktuelles.pu?verbandKuerzel=T&amp;awVerband=T_&amp;vereinNr=6015\" target=\"_blank\">Kematen<\/a><\/td>\n<td valign=\"top\">\n<p align=\"center\">12<\/p>\n<\/td>\n<td valign=\"top\">\n<p align=\"center\">5<\/p>\n<\/td>\n<td valign=\"top\">\n<p align=\"center\">0<\/p>\n<\/td>\n<td valign=\"top\">\n<p align=\"center\">7<\/p>\n<\/td>\n<td valign=\"top\">\n<p align=\"center\">65:40<\/p>\n<\/td>\n<td valign=\"top\">\n<p align=\"center\">25<\/p>\n<\/td>\n<td valign=\"top\">\n<p align=\"center\">15<\/p>\n<\/td>\n<\/tr>\n<tr>\n<td valign=\"top\">\n<p align=\"center\">6<\/p>\n<\/td>\n<td valign=\"top\"><a href=\"http:\/\/www.fussballoesterreich.at\/fv\/portal\/verein\/aktuelles.pu?verbandKuerzel=T&amp;awVerband=T_&amp;vereinNr=6081\" target=\"_blank\">Rietz<\/a><\/td>\n<td valign=\"top\">\n<p align=\"center\">12<\/p>\n<\/td>\n<td valign=\"top\">\n<p align=\"center\">2<\/p>\n<\/td>\n<td valign=\"top\">\n<p align=\"center\">1<\/p>\n<\/td>\n<td valign=\"top\">\n<p align=\"center\">9<\/p>\n<\/td>\n<td valign=\"top\">\n<p align=\"center\">24:77<\/p>\n<\/td>\n<td valign=\"top\">\n<p align=\"center\">-53<\/p>\n<\/td>\n<td valign=\"top\">\n<p align=\"center\">7<\/p>\n<\/td>\n<\/tr>\n<tr>\n<td valign=\"top\">\n<p align=\"center\">7<\/p>\n<\/td>\n<td valign=\"top\"><a href=\"http:\/\/www.fussballoesterreich.at\/fv\/portal\/verein\/aktuelles.pu?verbandKuerzel=T&amp;awVerband=T_&amp;vereinNr=6078\" target=\"_blank\">SPG Seefelder Plateau<\/a><\/td>\n<td valign=\"top\">\n<p align=\"center\">12<\/p>\n<\/td>\n<td valign=\"top\">\n<p align=\"center\">0<\/p>\n<\/td>\n<td valign=\"top\">\n<p align=\"center\">0<\/p>\n<\/td>\n<td valign=\"top\">\n<p align=\"center\">12<\/p>\n<\/td>\n<td valign=\"top\">\n<p align=\"center\">10:71<\/p>\n<\/td>\n<td valign=\"top\">\n<p align=\"center\">-61<\/p>\n<\/td>\n<td valign=\"top\">\n<p align=\"center\">0<\/p>\n<\/td>\n<\/tr>\n<\/tbody>\n<\/table>\n<h1><\/h1>\n<h1>U13<\/h1>\n<p>Die Trainer der U13, Walter Mersa und Brantner Thomas k\u00f6nnen mit Freude in die kurze (denn wie wir wissen, wird auch im Winter hart trainiert) Winterpause gehen!<br>\nMit dem 2. Tabellenplatz d\u00fcrfen die jungen Burschen im Fr\u00fchjahr in der Meistergruppe mitspielen.<\/p>\n<p><span style=\"text-decoration: underline\">Die besten Torsch\u00fctzen:&nbsp;<\/span><br>\n!!Torschsch\u00fctzenlistenf\u00fchrende!!:<br>\n<img loading=\"lazy\" class=\"alignnone size-full wp-image-398\" title=\"u13-AbfiSam\" src=\"https:\/\/sv-oberperfuss.at\/fussball\/files\/2009\/11\/u13-AbfiSam.jpg\" alt=\"u13-AbfiSam\" width=\"112\" height=\"140\"> <img loading=\"lazy\" class=\"alignnone size-full wp-image-399\" title=\"u13-RofnerDom\" src=\"https:\/\/sv-oberperfuss.at\/fussball\/files\/2009\/11\/u13-RofnerDom.jpg\" alt=\"u13-RofnerDom\" width=\"105\" height=\"140\"> <img loading=\"lazy\" class=\"alignnone size-full wp-image-400\" title=\"u13-KoflerFabi\" src=\"https:\/\/sv-oberperfuss.at\/fussball\/files\/2009\/11\/u13-KoflerFabi.jpg\" alt=\"u13-KoflerFabi\" width=\"112\" height=\"140\"> <img loading=\"lazy\" class=\"alignnone size-full wp-image-401\" title=\"u13-MersaChri\" src=\"https:\/\/sv-oberperfuss.at\/fussball\/files\/2009\/11\/u13-MersaChri.jpg\" alt=\"u13-MersaChri\" width=\"112\" height=\"140\"><br>\n<strong>20 Tore Abfalterer Sam, <\/strong><strong>19 Tore Rofner Dominik, <\/strong>6 Tore Kofler Fabian, 5 Tore Mersa Christoph<\/p>\n<table style=\"width: 458px;height: 249px\" border=\"1\" cellpadding=\"0\" width=\"458\">\n<tbody>\n<tr>\n<td colspan=\"9\" valign=\"top\">\n<h2><strong>U13 PLAY-OFF\u2011C herbst09<\/strong><\/h2>\n<\/td>\n<\/tr>\n<tr>\n<td valign=\"top\"><\/td>\n<td valign=\"top\">\n<p align=\"center\"><strong>Mannschaft<\/strong><\/p>\n<\/td>\n<td valign=\"top\">\n<p align=\"center\"><strong>Sp.<\/strong><\/p>\n<\/td>\n<td valign=\"top\">\n<p align=\"center\"><strong>S<\/strong><\/p>\n<\/td>\n<td valign=\"top\">\n<p align=\"center\"><strong>U<\/strong><\/p>\n<\/td>\n<td valign=\"top\">\n<p align=\"center\"><strong>N<\/strong><\/p>\n<\/td>\n<td valign=\"top\">\n<p align=\"center\"><strong>Tore<\/strong><\/p>\n<\/td>\n<td valign=\"top\">\n<p align=\"center\"><strong>+\/-<\/strong><\/p>\n<\/td>\n<td valign=\"top\">\n<p align=\"center\"><strong>Punkte<\/strong><\/p>\n<\/td>\n<\/tr>\n<tr>\n<td valign=\"top\">\n<p align=\"center\">1<\/p>\n<\/td>\n<td valign=\"top\"><a href=\"http:\/\/www.fussballoesterreich.at\/fv\/portal\/verein\/aktuelles.pu?verbandKuerzel=T&amp;awVerband=T_&amp;vereinNr=6159\" target=\"_blank\">FC Wacker Innsbruck B<\/a><\/td>\n<td valign=\"top\">\n<p align=\"center\">12<\/p>\n<\/td>\n<td valign=\"top\">\n<p align=\"center\">10<\/p>\n<\/td>\n<td valign=\"top\">\n<p align=\"center\">0<\/p>\n<\/td>\n<td valign=\"top\">\n<p align=\"center\">2<\/p>\n<\/td>\n<td valign=\"top\">\n<p align=\"center\">57:20<\/p>\n<\/td>\n<td valign=\"top\">\n<p align=\"center\">37<\/p>\n<\/td>\n<td valign=\"top\">\n<p align=\"center\">30<\/p>\n<\/td>\n<\/tr>\n<tr>\n<td valign=\"top\">\n<p align=\"center\"><strong>2<\/strong><\/p>\n<\/td>\n<td valign=\"top\"><strong><a href=\"http:\/\/www.fussballoesterreich.at\/fv\/portal\/verein\/aktuelles.pu?verbandKuerzel=T&amp;awVerband=T_&amp;vereinNr=6057\" target=\"_blank\">Oberperfuss<\/a><\/strong><strong> <\/strong><\/td>\n<td valign=\"top\">\n<p align=\"center\"><strong>12<\/strong><\/p>\n<\/td>\n<td valign=\"top\">\n<p align=\"center\"><strong>9<\/strong><\/p>\n<\/td>\n<td valign=\"top\">\n<p align=\"center\"><strong>2<\/strong><\/p>\n<\/td>\n<td valign=\"top\">\n<p align=\"center\"><strong>1<\/strong><\/p>\n<\/td>\n<td valign=\"top\">\n<p align=\"center\"><strong>57:21<\/strong><\/p>\n<\/td>\n<td valign=\"top\">\n<p align=\"center\"><strong>36<\/strong><\/p>\n<\/td>\n<td valign=\"top\">\n<p align=\"center\"><strong>29<\/strong><\/p>\n<\/td>\n<\/tr>\n<tr>\n<td valign=\"top\">\n<p align=\"center\">3<\/p>\n<\/td>\n<td valign=\"top\"><a href=\"http:\/\/www.fussballoesterreich.at\/fv\/portal\/verein\/aktuelles.pu?verbandKuerzel=T&amp;awVerband=T_&amp;vereinNr=6112\" target=\"_blank\">L\u00e4ngenfeld<\/a><\/td>\n<td valign=\"top\">\n<p align=\"center\">12<\/p>\n<\/td>\n<td valign=\"top\">\n<p align=\"center\">7<\/p>\n<\/td>\n<td valign=\"top\">\n<p align=\"center\">0<\/p>\n<\/td>\n<td valign=\"top\">\n<p align=\"center\">5<\/p>\n<\/td>\n<td valign=\"top\">\n<p align=\"center\">52:31<\/p>\n<\/td>\n<td valign=\"top\">\n<p align=\"center\">21<\/p>\n<\/td>\n<td valign=\"top\">\n<p align=\"center\">21<\/p>\n<\/td>\n<\/tr>\n<tr>\n<td valign=\"top\">\n<p align=\"center\">4<\/p>\n<\/td>\n<td valign=\"top\"><a href=\"http:\/\/www.fussballoesterreich.at\/fv\/portal\/verein\/aktuelles.pu?verbandKuerzel=T&amp;awVerband=T_&amp;vereinNr=6033\" target=\"_blank\">Landeck<\/a><\/td>\n<td valign=\"top\">\n<p align=\"center\">12<\/p>\n<\/td>\n<td valign=\"top\">\n<p align=\"center\">6<\/p>\n<\/td>\n<td valign=\"top\">\n<p align=\"center\">1<\/p>\n<\/td>\n<td valign=\"top\">\n<p align=\"center\">5<\/p>\n<\/td>\n<td valign=\"top\">\n<p align=\"center\">26:35<\/p>\n<\/td>\n<td valign=\"top\">\n<p align=\"center\">-9<\/p>\n<\/td>\n<td valign=\"top\">\n<p align=\"center\">19<\/p>\n<\/td>\n<\/tr>\n<tr>\n<td valign=\"top\">\n<p align=\"center\">5<\/p>\n<\/td>\n<td valign=\"top\"><a href=\"http:\/\/www.fussballoesterreich.at\/fv\/portal\/verein\/aktuelles.pu?verbandKuerzel=T&amp;awVerband=T_&amp;vereinNr=6002\" target=\"_blank\">SPG Ausserfern<\/a><\/td>\n<td valign=\"top\">\n<p align=\"center\">12<\/p>\n<\/td>\n<td valign=\"top\">\n<p align=\"center\">6<\/p>\n<\/td>\n<td valign=\"top\">\n<p align=\"center\">0<\/p>\n<\/td>\n<td valign=\"top\">\n<p align=\"center\">6<\/p>\n<\/td>\n<td valign=\"top\">\n<p align=\"center\">51:51<\/p>\n<\/td>\n<td valign=\"top\">\n<p align=\"center\">0<\/p>\n<\/td>\n<td valign=\"top\">\n<p align=\"center\">18<\/p>\n<\/td>\n<\/tr>\n<tr>\n<td valign=\"top\">\n<p align=\"center\">6<\/p>\n<\/td>\n<td valign=\"top\"><a href=\"http:\/\/www.fussballoesterreich.at\/fv\/portal\/verein\/aktuelles.pu?verbandKuerzel=T&amp;awVerband=T_&amp;vereinNr=6048\" target=\"_blank\">Zams<\/a><\/td>\n<td valign=\"top\">\n<p align=\"center\">12<\/p>\n<\/td>\n<td valign=\"top\">\n<p align=\"center\">2<\/p>\n<\/td>\n<td valign=\"top\">\n<p align=\"center\">0<\/p>\n<\/td>\n<td valign=\"top\">\n<p align=\"center\">10<\/p>\n<\/td>\n<td valign=\"top\">\n<p align=\"center\">20:55<\/p>\n<\/td>\n<td valign=\"top\">\n<p align=\"center\">-35<\/p>\n<\/td>\n<td valign=\"top\">\n<p align=\"center\">6<\/p>\n<\/td>\n<\/tr>\n<tr>\n<td valign=\"top\">\n<p align=\"center\">7<\/p>\n<\/td>\n<td valign=\"top\"><a href=\"http:\/\/www.fussballoesterreich.at\/fv\/portal\/verein\/aktuelles.pu?verbandKuerzel=T&amp;awVerband=T_&amp;vereinNr=6213\" target=\"_blank\">SPG Oberes Gericht<\/a><\/td>\n<td valign=\"top\">\n<p align=\"center\">12<\/p>\n<\/td>\n<td valign=\"top\">\n<p align=\"center\">0<\/p>\n<\/td>\n<td valign=\"top\">\n<p align=\"center\">1<\/p>\n<\/td>\n<td valign=\"top\">\n<p align=\"center\">11<\/p>\n<\/td>\n<td valign=\"top\">\n<p align=\"center\">24:74<\/p>\n<\/td>\n<td valign=\"top\">\n<p align=\"center\">-50<\/p>\n<\/td>\n<td valign=\"top\">\n<p align=\"center\">1<\/p>\n<\/td>\n<\/tr>\n<\/tbody>\n<\/table>\n<h1><\/h1>\n<h1>U11 bzw.&nbsp;U10<\/h1>\n<p>Die Trainer Hannes und Helli Kirchmair,&nbsp;sowie Thomas Weber&nbsp;k\u00f6nnen zufrieden auf die Herbstsaison zur\u00fcckblicken. Die Punktepr\u00e4mien&nbsp;fehlen der Mannschaft zwar noch ein bisschen, aber die Motivation und Freude der Kinder ist deutlich zu sp\u00fcren und das hat oberste Priorit\u00e4t. Nebenbei bemerkt sind die Spieler meist noch von j\u00fcngeren Jahrg\u00e4ngen (1999 bis&nbsp;2001).<\/p>\n<p><span style=\"text-decoration: underline\">Die besten Torsch\u00fctzen:<br>\n<img loading=\"lazy\" class=\"alignnone size-full wp-image-404\" title=\"u11-MarthaMari\" src=\"https:\/\/sv-oberperfuss.at\/fussball\/files\/2009\/11\/u11-MarthaMari.jpg\" alt=\"u11-MarthaMari\" width=\"112\" height=\"140\"><\/span> <span style=\"text-decoration: underline\"><img loading=\"lazy\" class=\"alignnone size-full wp-image-405\" title=\"u11-KirchmairSimon\" src=\"https:\/\/sv-oberperfuss.at\/fussball\/files\/2009\/11\/u11-KirchmairSimon.jpg\" alt=\"u11-KirchmairSimon\" width=\"112\" height=\"140\"><\/span> <img loading=\"lazy\" class=\"alignnone size-full wp-image-406\" title=\"u11-LeitnerMichi\" src=\"https:\/\/sv-oberperfuss.at\/fussball\/files\/2009\/11\/u11-LeitnerMichi.jpg\" alt=\"u11-LeitnerMichi\" width=\"112\" height=\"140\"> <img loading=\"lazy\" class=\"alignnone size-full wp-image-407\" title=\"u11-VenierBenni\" src=\"https:\/\/sv-oberperfuss.at\/fussball\/files\/2009\/11\/u11-VenierBenni.jpg\" alt=\"u11-VenierBenni\" width=\"112\" height=\"140\"><br>\n4 Tore Martha Marius,3 Tore Kirchmair Simon, Leitner Michael, 2 Tore Venier Benjamin<\/p>\n<table style=\"width: 513px;height: 287px\" border=\"1\" cellpadding=\"0\" width=\"513\">\n<tbody>\n<tr>\n<td colspan=\"9\">\n<h2><strong>U11 Gruppe5 herbst09<\/strong><\/h2>\n<\/td>\n<\/tr>\n<tr>\n<td><\/td>\n<td>\n<p align=\"center\"><strong>Mannschaft<\/strong><\/p>\n<\/td>\n<td>\n<p align=\"center\"><strong>Sp.<\/strong><\/p>\n<\/td>\n<td>\n<p align=\"center\"><strong>S<\/strong><\/p>\n<\/td>\n<td>\n<p align=\"center\"><strong>U<\/strong><\/p>\n<\/td>\n<td>\n<p align=\"center\"><strong>N<\/strong><\/p>\n<\/td>\n<td>\n<p align=\"center\"><strong>Tore<\/strong><\/p>\n<\/td>\n<td>\n<p align=\"center\"><strong>+\/-<\/strong><\/p>\n<\/td>\n<td>\n<p align=\"center\"><strong>Punkte<\/strong><\/p>\n<\/td>\n<\/tr>\n<tr>\n<td>1<\/td>\n<td><a href=\"http:\/\/www.fussballoesterreich.at\/fv\/portal\/verein\/aktuelles.pu?verbandKuerzel=T&amp;awVerband=T_&amp;vereinNr=6032\" target=\"_blank\">Steinach<\/a><\/td>\n<td>9<\/td>\n<td>8<\/td>\n<td>0<\/td>\n<td>1<\/td>\n<td>42:8<\/td>\n<td>34<\/td>\n<td>24<\/td>\n<\/tr>\n<tr>\n<td>2<\/td>\n<td><a href=\"http:\/\/www.fussballoesterreich.at\/fv\/portal\/verein\/aktuelles.pu?verbandKuerzel=T&amp;awVerband=T_&amp;vereinNr=6007\" target=\"_blank\">IAC B<\/a><\/td>\n<td>9<\/td>\n<td>7<\/td>\n<td>1<\/td>\n<td>1<\/td>\n<td>54:15<\/td>\n<td>39<\/td>\n<td>22<\/td>\n<\/tr>\n<tr>\n<td>3<\/td>\n<td><a href=\"http:\/\/www.fussballoesterreich.at\/fv\/portal\/verein\/aktuelles.pu?verbandKuerzel=T&amp;awVerband=T_&amp;vereinNr=6122\" target=\"_blank\">Sistrans<\/a><\/td>\n<td>9<\/td>\n<td>7<\/td>\n<td>0<\/td>\n<td>2<\/td>\n<td>37:18<\/td>\n<td>19<\/td>\n<td>21<\/td>\n<\/tr>\n<tr>\n<td>4<\/td>\n<td><a href=\"http:\/\/www.fussballoesterreich.at\/fv\/portal\/verein\/aktuelles.pu?verbandKuerzel=T&amp;awVerband=T_&amp;vereinNr=6075\" target=\"_blank\">Veldidena<\/a><\/td>\n<td>9<\/td>\n<td>6<\/td>\n<td>1<\/td>\n<td>2<\/td>\n<td>34:16<\/td>\n<td>18<\/td>\n<td>19<\/td>\n<\/tr>\n<tr>\n<td>5<\/td>\n<td><a href=\"http:\/\/www.fussballoesterreich.at\/fv\/portal\/verein\/aktuelles.pu?verbandKuerzel=T&amp;awVerband=T_&amp;vereinNr=6214\" target=\"_blank\">SPG Innsbruck B<\/a><\/td>\n<td>9<\/td>\n<td>5<\/td>\n<td>1<\/td>\n<td>3<\/td>\n<td>28:9<\/td>\n<td>19<\/td>\n<td>16<\/td>\n<\/tr>\n<tr>\n<td>6<\/td>\n<td><a href=\"http:\/\/www.fussballoesterreich.at\/fv\/portal\/verein\/aktuelles.pu?verbandKuerzel=T&amp;awVerband=T_&amp;vereinNr=6121\" target=\"_blank\">SPG Westl. Mittelgebirge<\/a><\/td>\n<td>9<\/td>\n<td>3<\/td>\n<td>0<\/td>\n<td>6<\/td>\n<td>16:42<\/td>\n<td>-26<\/td>\n<td>9<\/td>\n<\/tr>\n<tr>\n<td>7<\/td>\n<td><a href=\"http:\/\/www.fussballoesterreich.at\/fv\/portal\/verein\/aktuelles.pu?verbandKuerzel=T&amp;awVerband=T_&amp;vereinNr=6047\" target=\"_blank\">Neustift<\/a><\/td>\n<td>9<\/td>\n<td>2<\/td>\n<td>1<\/td>\n<td>6<\/td>\n<td>9:38<\/td>\n<td>-29<\/td>\n<td>7<\/td>\n<\/tr>\n<tr>\n<td><strong>8<\/strong><\/td>\n<td><strong><a href=\"http:\/\/www.fussballoesterreich.at\/fv\/portal\/verein\/aktuelles.pu?verbandKuerzel=T&amp;awVerband=T_&amp;vereinNr=6057\" target=\"_blank\">Oberperfuss<\/a><\/strong><\/td>\n<td><strong>9<\/strong><\/td>\n<td><strong>1<\/strong><\/td>\n<td><strong>3<\/strong><\/td>\n<td><strong>5<\/strong><\/td>\n<td><strong>14:23<\/strong><\/td>\n<td><strong>-9<\/strong><\/td>\n<td><strong>6<\/strong><\/td>\n<\/tr>\n<tr>\n<td>9<\/td>\n<td><a href=\"http:\/\/www.fussballoesterreich.at\/fv\/portal\/verein\/aktuelles.pu?verbandKuerzel=T&amp;awVerband=T_&amp;vereinNr=6080\" target=\"_blank\">Natters<\/a><\/td>\n<td>9<\/td>\n<td>1<\/td>\n<td>1<\/td>\n<td>7<\/td>\n<td>19:48<\/td>\n<td>-29<\/td>\n<td>4<\/td>\n<\/tr>\n<tr>\n<td>10<\/td>\n<td><a href=\"http:\/\/www.fussballoesterreich.at\/fv\/portal\/verein\/aktuelles.pu?verbandKuerzel=T&amp;awVerband=T_&amp;vereinNr=6049\" target=\"_blank\">V\u00f6ls<\/a><\/td>\n<td>9<\/td>\n<td>1<\/td>\n<td>0<\/td>\n<td>8<\/td>\n<td>13:49<\/td>\n<td>-36<\/td>\n<td>3<\/td>\n<\/tr>\n<\/tbody>\n<\/table>\n<h1><\/h1>\n<h1>U9<\/h1>\n<p>\u2026.die eigentlich eine U8 (Jahrg\u00e4nge 2001und 2002) ist, wird von Werner Heis, Clemens Mair und Gerhard Feichtner (Koordinationscoach) trainiert. Den Meisterschaftsbetrieb Herbst 2009 haben die 13 Fu\u00dfballerInnen der Oberperfer U9 &nbsp;mit m\u00e4\u00dfigem Erfolg abgeschlossen (2 Pkt.). Auch Turnierluft wurde von den Jungen geschnuppert.<br>\nIm Vordergrund stand\/steht jedoch die sportliche Ausbildung der Kinder und ganz wichtig der Spa\u00df am Sport, diese Ziele wollen &nbsp;die Trainer auch in Zukunft verfolgen.<br>\nDie Kinder werden derzeit mit Trainingsanz\u00fcgen eingekleidet, f\u00fcr die Sponsorbeitr\u00e4ge m\u00f6chte sich die U9 bei Axonlab, SSP BauConsult GmbH, Falkner Erich, Plunser Hermann und der Vereinsf\u00fchrung bedanken.<\/p>\n<h1>U8 und noch j\u00fcnger<\/h1>\n<p>Auch mit den sehr &nbsp;jungen Kickern&nbsp;sind deutliche Fortschritte mit dem Ball erreicht worden&nbsp;und Hermann Plunser kann mit seiner Truppe sogar&nbsp;bei einigen Turnieren gute Resultate vorweisen.<br>\nVielleicht finden sich im Fr\u00fchjahr noch ein&nbsp;paar der Jahrg\u00e4nge 2oo3 und 2004. Auch diese konnten schon 2x&nbsp;pro Woche ein erstes Fu\u00dfballtraining genie\u00dfen, doch Verst\u00e4rkung ist noch dringend notwendig.<\/p>\n","protected":false},"excerpt":{"rendered":"<p>U16 Mario Venier kann mit einigen Ergebnissen seiner Mannschaft durchaus zufrieden sein. Der Tabellenplatz in der vorderen H\u00e4lfte bringt die U16-Fu\u00dfballer in das Fr\u00fchjahrs Play-Off. Die besten Torsch\u00fctzen 6 Tore: Plattner Alexander; 4 Tore: Pichler Dominik, Brida Michael, Triendl Clemens<\/p>\n","protected":false},"author":10,"featured_media":0,"comment_status":"open","ping_status":"closed","sticky":false,"template":"","format":"standard","meta":{"wp_typography_post_enhancements_disabled":false},"categories":[4],"tags":[],"_links":{"self":[{"href":"https:\/\/sv-oberperfuss.at\/fussball\/wp-json\/wp\/v2\/posts\/360"}],"collection":[{"href":"https:\/\/sv-oberperfuss.at\/fussball\/wp-json\/wp\/v2\/posts"}],"about":[{"href":"https:\/\/sv-oberperfuss.at\/fussball\/wp-json\/wp\/v2\/types\/post"}],"author":[{"embeddable":true,"href":"https:\/\/sv-oberperfuss.at\/fussball\/wp-json\/wp\/v2\/users\/10"}],"replies":[{"embeddable":true,"href":"https:\/\/sv-oberperfuss.at\/fussball\/wp-json\/wp\/v2\/comments?post=360"}],"version-history":[{"count":29,"href":"https:\/\/sv-oberperfuss.at\/fussball\/wp-json\/wp\/v2\/posts\/360\/revisions"}],"predecessor-version":[{"id":424,"href":"https:\/\/sv-oberperfuss.at\/fussball\/wp-json\/wp\/v2\/posts\/360\/revisions\/424"}],"wp:attachment":[{"href":"https:\/\/sv-oberperfuss.at\/fussball\/wp-json\/wp\/v2\/media?parent=360"}],"wp:term":[{"taxonomy":"category","embeddable":true,"href":"https:\/\/sv-oberperfuss.at\/fussball\/wp-json\/wp\/v2\/categories?post=360"},{"taxonomy":"post_tag","embeddable":true,"href":"https:\/\/sv-oberperfuss.at\/fussball\/wp-json\/wp\/v2\/tags?post=360"}],"curies":[{"name":"wp","href":"https:\/\/api.w.org\/{rel}","templated":true}]}}