{"id":3500,"date":"2014-06-25T21:34:16","date_gmt":"2014-06-25T19:34:16","guid":{"rendered":"https:\/\/sv-oberperfuss.at\/fussball\/?p=3500"},"modified":"2014-06-25T21:34:16","modified_gmt":"2014-06-25T19:34:16","slug":"nussbaum-wechselt-nach-oberperfuss","status":"publish","type":"post","link":"https:\/\/sv-oberperfuss.at\/fussball\/nussbaum-wechselt-nach-oberperfuss\/","title":{"rendered":"Nussbaum wechselt nach Oberperfuss"},"content":{"rendered":"<p>Dominique Nussbaum wechselt von der SPG Innsbruck West zu Liga-Rivale Oberperfuss. Via fanreport.com richtet der Mittelfeldspieler ein paar herzliche Worte an seine nunmehrigen Ex-Kameraden: \u201cDiese drei Jahre waren die l\u00e4ssigsten meiner Karriere.\u201d<\/p>\n<p><!--more--><\/p>\n<p>Damit meint der 24-J\u00e4hrige vor allem die Zeit nach dem Sommer 2011, als Nussbaum nach vierj\u00e4hrigem Engagement beim IAC wieder f\u00fcr seinen Heimatverein in H\u00f6tting West kickte. Innerhalb von nur zwei Spielzeiten ging\u2019s von der Bezirksliga in die Landesliga. Im ersten Jahr mit Lohbach, danach mit der resultierenden Spielgemeinschaft Innsbruck West \u2014 die Kooperation zwischen Lohbach und dem ISK ben\u00f6tigte jedenfalls keine Anlaufzeit.<\/p>\n<p>In der Anfang Juni abgelaufenen Landesliga-Saison belegte die Elf des scheidenden Chefbetreuers Michael Schober (nun Union Innsbruck) den neunten Tabellenplatz. Nussbaum, der in 18 Eins\u00e4tzen f\u00fcnf Treffer erzielte, konnte in den abschlie\u00dfenden Spielen verletzungsbedingt nicht aktiv mitwirken \u2014 und sich damit auch nicht verabschieden.<\/p>\n<p>Wie uns Oberperfuss-Obmann Peter Abfalterer best\u00e4tigte, steht der Nussbaum-Transfer so gut wie fest: \u201cNur die Unterschriften fehlen noch.\u201d Der junge Familienvater zog von Innsbruck nach Oberperfuss \u2014 der Wechsel zum Liga-Rivalen bot sich&nbsp;an.<\/p>\n<p>\u201cEs sind einige Dinge zusammengekommen \u2014 die famili\u00e4ren und beruflichen Bedingungen waren der Hauptgrund f\u00fcr den Wechsel nach Oberperfuss\u201d, erkl\u00e4rt Nussbaum, der anfangs sogar mit einem Karriereende spekulierte: \u201cImmer wieder das rechte Knie. Ich hoffe, dass ich jetzt endlich einmal eine verletzungsfreie Saison absolvieren kann, denn das Kicken macht mir weiter gro\u00dfen Spa\u00df.\u201d<\/p>\n<p><b>\u201cIch freue mich auf die Zeit in Oberperfuss\u201d<br>\n<\/b><br>\nIn den kommenden Tagen soll das beleidigte, mittlerweile schon verfluchte K\u00f6rperteil durch eine Spritze bes\u00e4nftigt werden. L\u00e4uft alles nach Plan, steht Nussbaum am Freitag beim Trainingsauftakt unter Neo-Trainer Christian Mautner am Oberperfer Fu\u00dfballplatz. \u201cIch freue mich auf die Zeit und auf die neuen Menschen, die ich kennenlernen werde\u201d, so Nussbaum.<br>\nVorher n\u00fctzt der leidenschaftliche Italien-Fan die Gelegenheit, um sich bei seinen ehemaligen Teamkameraden in H\u00f6tting West f\u00fcr die gemeinsame Zeit zu bedanken: \u201cLeider habe ich mich noch nicht richtig verabschieden k\u00f6nnen. Ich hoffe, dass ihr nicht allzu sauer auf mich seid. Diese drei Jahre mit dem zweifachen Aufstieg waren die l\u00e4ssigsten in meiner Karriere. Ich w\u00fcnsche euch alles Gute f\u00fcr die Zukunft.\u201d<\/p>\n<p>Das Wiedersehen mit Innsbruck West folgt bereits in der n\u00e4chsten Saison, wenn Oberperfuss in der Liga auf die Landeshauptst\u00e4dter trifft. Dann wird Nussbaum jedoch f\u00fcr das andere Lager spielen \u2014 irgendwie eine verkehrte Welt.<\/p>\n<p><a href=\"http:\/\/media1.fanreport.com\/at\/media\/6wMUBYPL5YPsKGOf543rh3VMxpN_wVuUgkqbThtK-LY\/1369561\/nussbaum\/nussbaum.jpg?img=2\" rel=\"gallery[recap]\"><img title=\"Nussbaum\" alt=\"Nussbaum\" src=\"http:\/\/media1.fanreport.com\/at\/media\/xQEt1G-d0rxHOHUNL15sWvsBB5v7j1CofMxFl898YaQ\/1369561\/nussbaum\/nussbaum.jpg?img=2\"><\/a><\/p>\n<div>K\u00e4mpft in der kommenden Saison in Oberperfuss um den Ball \u2014 Dominique Nussbaum (rechts).\n<div>Foto: Schiefer<\/div>\n<div>Bericht: www.fanreport.com<\/div>\n<div><\/div>\n<\/div>\n","protected":false},"excerpt":{"rendered":"<p>Dominique Nussbaum wechselt von der SPG Innsbruck West zu Liga-Rivale Oberperfuss. Via fanreport.com richtet der Mittelfeldspieler ein paar herzliche Worte an seine nunmehrigen Ex-Kameraden: \u201cDiese drei Jahre waren die l\u00e4ssigsten meiner Karriere.\u201d<\/p>\n","protected":false},"author":8,"featured_media":0,"comment_status":"open","ping_status":"closed","sticky":false,"template":"","format":"standard","meta":{"wp_typography_post_enhancements_disabled":false},"categories":[4],"tags":[],"_links":{"self":[{"href":"https:\/\/sv-oberperfuss.at\/fussball\/wp-json\/wp\/v2\/posts\/3500"}],"collection":[{"href":"https:\/\/sv-oberperfuss.at\/fussball\/wp-json\/wp\/v2\/posts"}],"about":[{"href":"https:\/\/sv-oberperfuss.at\/fussball\/wp-json\/wp\/v2\/types\/post"}],"author":[{"embeddable":true,"href":"https:\/\/sv-oberperfuss.at\/fussball\/wp-json\/wp\/v2\/users\/8"}],"replies":[{"embeddable":true,"href":"https:\/\/sv-oberperfuss.at\/fussball\/wp-json\/wp\/v2\/comments?post=3500"}],"version-history":[{"count":3,"href":"https:\/\/sv-oberperfuss.at\/fussball\/wp-json\/wp\/v2\/posts\/3500\/revisions"}],"predecessor-version":[{"id":3503,"href":"https:\/\/sv-oberperfuss.at\/fussball\/wp-json\/wp\/v2\/posts\/3500\/revisions\/3503"}],"wp:attachment":[{"href":"https:\/\/sv-oberperfuss.at\/fussball\/wp-json\/wp\/v2\/media?parent=3500"}],"wp:term":[{"taxonomy":"category","embeddable":true,"href":"https:\/\/sv-oberperfuss.at\/fussball\/wp-json\/wp\/v2\/categories?post=3500"},{"taxonomy":"post_tag","embeddable":true,"href":"https:\/\/sv-oberperfuss.at\/fussball\/wp-json\/wp\/v2\/tags?post=3500"}],"curies":[{"name":"wp","href":"https:\/\/api.w.org\/{rel}","templated":true}]}}