{"id":3387,"date":"2014-06-15T16:47:02","date_gmt":"2014-06-15T14:47:02","guid":{"rendered":"https:\/\/sv-oberperfuss.at\/fussball\/?p=3387"},"modified":"2014-06-15T20:42:44","modified_gmt":"2014-06-15T18:42:44","slug":"26-runde-oberperfuss-sichert-klassenerhalt","status":"publish","type":"post","link":"https:\/\/sv-oberperfuss.at\/fussball\/26-runde-oberperfuss-sichert-klassenerhalt\/","title":{"rendered":"26. Runde:   Oberperfuss sichert Klassenerhalt"},"content":{"rendered":"<div>Der SV Oberperfuss hat am Freitag in der letzten Runde den Klassenerhalt fixiert. Das 0:0\u2011Heimremis gegen Thaur reicht, um der Landesliga West die Treue zu halten. Christian Mautner folgt Interimstrainer Daniel Hupfauf. Weitere Neuzug\u00e4nge sind im Gespr\u00e4ch.<\/div>\n<div><!--more--><\/div>\n<div align=\"justify\">Das in dieser Saison in die Niederungen der Landesliga West gerutschte Oberperfuss musste bis zuletzt Geduld beweisen, um den Ligaverbleib zu fixieren. Die Nullnummer zuhause gegen Thaur sicherte den Oberperfern eine weitere Spielzeit in der zweith\u00f6chsten Unterhaus-Etage. Im Fernduell erreichte S\u00f6ll, der Vorletzte der Landesliga Ost, gegen Kolsass\/Weer ebenfalls nur ein Unentschieden (2:2), womit Oberperfuss aufgrund des besseren Torverh\u00e4ltnisses oben bleibt.\u201cIn letzter Konsequenz hat es gereicht\u201d, freut sich Interimstrainer Daniel Hupfauf, der seine Mission damit erfolgreich erledigt hat und das Zepter nun an Nachfolger Christian Mautner (zuvor Inzing und Flaurling\/Polling) \u00fcbergibt. Am Mittwoch feiert Oberperfuss mit einem Trainingsspiel \u201cAlt gegen Jung\u201d inklusive dem Verzehr eines Spanferkels den positiven Saisonabschluss.Die Hausherren h\u00e4tten es sich aber gegen letharisch Thaurer (ohne Pr\u00fcnster und Sandbichler) leichter machen k\u00f6nnen, keinen Blick in den Osten zur S\u00f6ll-Partie werfen m\u00fcssen. Doch Oberperfuss verpasste es, den Klassenerhalt mit einem Sieg aus eigener Kraft zu realisieren. Die mangelhafte Effizienz war es, die die Elf rund um Kapit\u00e4n Clemens Mair zittern lie\u00df. Oberperfuss vergab nach durchwachsener Anfangsphase mehrere Top-Chancen: Philipp Andr\u00e4, Marco Wegscheider, Christian Bucher und auch Dominik P\u00f6der fehlte die Pr\u00e4zision \u2014 Oberperfuss starb den Chancentod. Auch weil sich Thaur-Torh\u00fcter Joachim Staudacher als der gewohnt sichere R\u00fcckhalt entpuppte.<\/div>\n<div align=\"justify\"><\/div>\n<div align=\"justify\"><b>Einige gro\u00dfe Namen bei Oberperfuss im Gespr\u00e4ch<\/b><\/div>\n<div align=\"justify\">Die G\u00e4ste dagegen fanden kein Rezept, um die kompakte Oberperfer Hintermannschaft zu durchdringen. Nennenswerte Gelegenheiten f\u00fcr Thaur? Fehlanzeige. Allenfalls das eine oder andere Sch\u00fcsschen st\u00f6rte Heim-Goalie Gerhard Lonauer an seinem ansonsten ruhigen Abend. Chancentod gegen harmlose Offensive \u2014 es blieb beim logischen torlosen Remis. Thaur, zur Winterpause noch Liga-Schlusslicht, schloss die Saison als Tabellenelfter ab. Dieses Ergebnis h\u00e4tte die Mannschaft von Coach Alexander W\u00fcrzl (der in Thaur bleibt) vor Beginn der R\u00fcckrunde wohl sofort unterschrieben.W\u00e4hrend Thaur Daniel Gschwentner aus Sistrans (Meister der Bezirksliga Ost) holt und Stefan Sandbichler (Sistrans) sowie Martin Krug, Stefan Plank und Romed Posch (Karriereende\/Karrierepause) verliert, tummeln sich bei Oberperfuss einige Namen in der Ger\u00fcchtek\u00fcche. Immer wieder ein hei\u00dfes Thema ist die R\u00fcckkehr von Gerald Bucher, der 2013\/14 f\u00fcr Reichenau in der Tirol-Liga bisher stolze 18 Mal traf. Zudem steht Dominique Nussbaum (Innsbruck West) vor einem Engagement. F\u00fcr die vakante Torh\u00fcter-Position kommt wohl einer aus dem Duo Kristijan Basic (Union Innsbruck)\/Thomas Meischberger (Kematen).<b>Fazit:<\/b>&nbsp;Oberperfuss h\u00e4tte am Freitag noch Stunden spielen k\u00f6nnen \u2014 ein Tor w\u00e4re wahrscheinlich trotzdem nicht gelungen. Thaur-Goalie Staudacher bewahrte sein Team vor einer Niederlage. Die mangelhafte Chancenverwertung h\u00e4tte in den Reihen der Hausherren so richtig geschmerzt, wenn man deshalb am Klassenerhalt gescheitert w\u00e4re.<b><b><a href=\"http:\/\/media1.fanreport.com\/at\/media\/6wMUBYPL5YPsKGOf543rh3VMxpN_wVuUgkqbThtK-LY\/294795\/stefan-kirchmair\/stefan-kirchmair.jpg?img=2\" rel=\"gallery[recap]\"><img title=\"Stefan Kirchmair\" alt=\"Stefan Kirchmair\" src=\"http:\/\/media1.fanreport.com\/at\/media\/xQEt1G-d0rxHOHUNL15sWvsBB5v7j1CofMxFl898YaQ\/294795\/stefan-kirchmair\/stefan-kirchmair.jpg?img=2\"><\/a><\/b><\/b>\n<div>Oberperfuss (mit Stefan Kirchmair) freut sich \u00fcber den Klassenerhalt in der Landesliga West.\n<div>Foto: Schiefer<\/div>\n<div>(Bericht: www.fanreport.com)<\/div>\n<div><\/div>\n<div><!--more--><\/div>\n<\/div>\n<p>&nbsp;<\/p>\n<\/div>\n<div align=\"justify\"><\/div>\n<div align=\"justify\"><b>Ergebnisse &nbsp;26. Runde:<\/b><\/div>\n<div align=\"justify\"><\/div>\n<div align=\"justify\"><b>SV Oberperfuss \u2014 SV Thaur &nbsp; 0:0 &nbsp;(0:0)<\/b><\/div>\n<div align=\"justify\"><b>SV Oberperfuss 1b \u2014 SPG Lechtal &nbsp;1 : 2 &nbsp;(1:1)<\/b><\/div>\n","protected":false},"excerpt":{"rendered":"<p>Der SV Oberperfuss hat am Freitag in der letzten Runde den Klassenerhalt fixiert. Das 0:0\u2011Heimremis gegen Thaur reicht, um der Landesliga West die Treue zu halten. Christian Mautner folgt Interimstrainer Daniel Hupfauf. Weitere Neuzug\u00e4nge sind im Gespr\u00e4ch.<\/p>\n","protected":false},"author":8,"featured_media":0,"comment_status":"open","ping_status":"closed","sticky":false,"template":"","format":"standard","meta":{"wp_typography_post_enhancements_disabled":false},"categories":[4],"tags":[],"_links":{"self":[{"href":"https:\/\/sv-oberperfuss.at\/fussball\/wp-json\/wp\/v2\/posts\/3387"}],"collection":[{"href":"https:\/\/sv-oberperfuss.at\/fussball\/wp-json\/wp\/v2\/posts"}],"about":[{"href":"https:\/\/sv-oberperfuss.at\/fussball\/wp-json\/wp\/v2\/types\/post"}],"author":[{"embeddable":true,"href":"https:\/\/sv-oberperfuss.at\/fussball\/wp-json\/wp\/v2\/users\/8"}],"replies":[{"embeddable":true,"href":"https:\/\/sv-oberperfuss.at\/fussball\/wp-json\/wp\/v2\/comments?post=3387"}],"version-history":[{"count":8,"href":"https:\/\/sv-oberperfuss.at\/fussball\/wp-json\/wp\/v2\/posts\/3387\/revisions"}],"predecessor-version":[{"id":3395,"href":"https:\/\/sv-oberperfuss.at\/fussball\/wp-json\/wp\/v2\/posts\/3387\/revisions\/3395"}],"wp:attachment":[{"href":"https:\/\/sv-oberperfuss.at\/fussball\/wp-json\/wp\/v2\/media?parent=3387"}],"wp:term":[{"taxonomy":"category","embeddable":true,"href":"https:\/\/sv-oberperfuss.at\/fussball\/wp-json\/wp\/v2\/categories?post=3387"},{"taxonomy":"post_tag","embeddable":true,"href":"https:\/\/sv-oberperfuss.at\/fussball\/wp-json\/wp\/v2\/tags?post=3387"}],"curies":[{"name":"wp","href":"https:\/\/api.w.org\/{rel}","templated":true}]}}