{"id":3324,"date":"2014-05-03T10:48:51","date_gmt":"2014-05-03T08:48:51","guid":{"rendered":"https:\/\/sv-oberperfuss.at\/fussball\/?p=3324"},"modified":"2014-05-03T10:48:51","modified_gmt":"2014-05-03T08:48:51","slug":"trainerwechsel-km-i","status":"publish","type":"post","link":"https:\/\/sv-oberperfuss.at\/fussball\/trainerwechsel-km-i\/","title":{"rendered":"Trainerwechsel KM&nbsp;I"},"content":{"rendered":"<p>Nachdem ich in den kommenden Wochen beruflich und durch &nbsp;Fortbildungen nicht mehr zu 100 Prozent f\u00fcr meine Mannschaft zur Verf\u00fcgung stehen kann, haben wir (Trainerteam und Mannschaft) beschlossen, ab n\u00e4chster Woche sportlich getrennte Wege zu gehen. Die Mannschaft braucht in dieser schwierigen Phase volle Aufmerksamkeit, die durch einen neuen Trainer erf\u00fcllt werden soll.<\/p>\n<p>Ich m\u00f6chte mich an dieser Stelle vor allem bei jenen bedanken, die mich in den fast drei Jahren so gro\u00dfartig unterst\u00fctzt haben:<\/p>\n<p>Allen voran bei meinen Trainern Kirchmair Helli, Brantner Thomas, Lener Alexander, Hupfauf Daniel und Prantner Benjamin. Sie haben alles f\u00fcr mich und die Mannschaft gegeben und sich st\u00e4ndig bem\u00fcht, ein optimales Training zu gestalten.<\/p>\n<p>Ebenso bedanken m\u00f6chte ich mich beim Obmann Peter Abfalterer und seinem Team, die ein hervorragendes Umfeld geschaffen haben, das sich manch anderer Verein nur ertr\u00e4umen kann.<\/p>\n<p>Ein herzliches Vergelt\u00b4s Gott gilt auch allen, die die Mannschaft immer unterst\u00fctzten und dies hoffentlich auch in Zukunft weiterhin tun werden.<\/p>\n<p>Nat\u00fcrlich m\u00f6chte ich mich auch bei der Mannschaft bedanken, die bei jedem Training mit viel Einsatz und Konzentration zu Werke ging. Vor allem die Anwesenheit (nie unter 80%) bei den vielen Trainingseinheiten war hervorragend. \u201eWeiterk\u00e4mpfen, ihr schafft das!\u201c<\/p>\n<p>Von all den Kritikern, die es durch die fehlenden sportlichen Erfolge im letzten Jahr verst\u00e4ndlicher Weise gibt, w\u00fcnsche ich mir, dass sie durch den Trainerwechsel wieder Mut sch\u00f6pfen und dem Verein und der Mannschaft wieder mit mehr Engagement zur Seite stehen.<\/p>\n<p>Generell ist zu bedenken, dass es in Oberperfuss mittlerweile Fanclubs von allen m\u00f6glichen Profi-Vereinen Europas gibt, in welche sehr viel Zeit und Geld investiert wird. Dabei haben wir vor unserer Haust\u00fcre den tollsten Verein der Welt, in den man Zeit investieren und mehr zur\u00fcck bekommen k\u00f6nnte als eine Mitgliedschaftsrechnung vom FC Barcelona oder dem FC Bayern.<\/p>\n<p>Ich werde immer ein Teil der SVO Familie bleiben und auch in Zukunft alles daf\u00fcr geben, dass es dem Verein, in dem ich unz\u00e4hlige sch\u00f6ne Momente in meinem Leben genie\u00dfen durfte, gut&nbsp;geht.<\/p>\n<p>&nbsp;<\/p>\n<p>Mit sportlichen Gr\u00fc\u00dfen<\/p>\n<p>Kirchmair Hannes<\/p>\n","protected":false},"excerpt":{"rendered":"<p>Nachdem ich in den kommenden Wochen beruflich und durch &nbsp;Fortbildungen nicht mehr zu 100 Prozent f\u00fcr meine Mannschaft zur Verf\u00fcgung stehen kann, haben wir (Trainerteam und Mannschaft) beschlossen, ab n\u00e4chster Woche sportlich getrennte Wege zu gehen. Die Mannschaft braucht in dieser schwierigen Phase volle Aufmerksamkeit, die durch einen neuen Trainer erf\u00fcllt werden soll. Ich m\u00f6chte&nbsp;[\u2026]<\/p>\n","protected":false},"author":8,"featured_media":0,"comment_status":"open","ping_status":"closed","sticky":false,"template":"","format":"standard","meta":{"wp_typography_post_enhancements_disabled":false},"categories":[4],"tags":[],"_links":{"self":[{"href":"https:\/\/sv-oberperfuss.at\/fussball\/wp-json\/wp\/v2\/posts\/3324"}],"collection":[{"href":"https:\/\/sv-oberperfuss.at\/fussball\/wp-json\/wp\/v2\/posts"}],"about":[{"href":"https:\/\/sv-oberperfuss.at\/fussball\/wp-json\/wp\/v2\/types\/post"}],"author":[{"embeddable":true,"href":"https:\/\/sv-oberperfuss.at\/fussball\/wp-json\/wp\/v2\/users\/8"}],"replies":[{"embeddable":true,"href":"https:\/\/sv-oberperfuss.at\/fussball\/wp-json\/wp\/v2\/comments?post=3324"}],"version-history":[{"count":1,"href":"https:\/\/sv-oberperfuss.at\/fussball\/wp-json\/wp\/v2\/posts\/3324\/revisions"}],"predecessor-version":[{"id":3325,"href":"https:\/\/sv-oberperfuss.at\/fussball\/wp-json\/wp\/v2\/posts\/3324\/revisions\/3325"}],"wp:attachment":[{"href":"https:\/\/sv-oberperfuss.at\/fussball\/wp-json\/wp\/v2\/media?parent=3324"}],"wp:term":[{"taxonomy":"category","embeddable":true,"href":"https:\/\/sv-oberperfuss.at\/fussball\/wp-json\/wp\/v2\/categories?post=3324"},{"taxonomy":"post_tag","embeddable":true,"href":"https:\/\/sv-oberperfuss.at\/fussball\/wp-json\/wp\/v2\/tags?post=3324"}],"curies":[{"name":"wp","href":"https:\/\/api.w.org\/{rel}","templated":true}]}}