{"id":3313,"date":"2014-04-28T09:43:16","date_gmt":"2014-04-28T07:43:16","guid":{"rendered":"https:\/\/sv-oberperfuss.at\/fussball\/?p=3313"},"modified":"2014-04-30T09:43:38","modified_gmt":"2014-04-30T07:43:38","slug":"runde-18-zams-laesst-oberperfuss-keine-chance","status":"publish","type":"post","link":"https:\/\/sv-oberperfuss.at\/fussball\/runde-18-zams-laesst-oberperfuss-keine-chance\/","title":{"rendered":"Runde 18:  Zams l\u00e4sst Oberperfuss keine Chance"},"content":{"rendered":"<div class=\"content_text_2_teasertext_1 content_text_2_teasertext_1_ow_1\">Zams feierte am Samstagnachmittag den h\u00f6chsten Sieg der 18. Runde der Landesliga West. 6:0 \u00fcber Oberperfuss \u2014 mehr Tore schossen die Oberl\u00e4nder 2013\/2014 nur im Cup gegen das unterklassige Paznaun.<\/div>\n<div class=\"inline_ad left\" style=\"margin-top: 0 !important\"><!--more--><\/div>\n<div style=\"text-align: justify\">Nicht nur f\u00fcr die Offensive war es ein Erfolg, sondern auch f\u00fcr die Hintermannschaft. Torh\u00fcter Thomas Unterwelz, der nach zwei Spielen auf der Bank wieder f\u00fcr Peter Pangratz in die Startelf r\u00fcckte, hielt zum zweiten Mal in dieser Spielzeit, aber zum ersten Mal vor heimischer Kulisse, seinen Kasten sauber. Vor ihm dirigierte der vom Mittelfeld in die Abwehr beorderte Fabian Birschner die Viererkette. Der immer flei\u00dfige Markus Reheis r\u00fcckte daf\u00fcr auf die linke Au\u00dfenverteidiger-Position.Umstellungen gab es auch in der Aufstellung der G\u00e4ste aus Oberperfuss. Trainer Hannes Kirchmair wollte sich eigentlich nicht mehr die Schuhe schn\u00fcren, Personalnot und die derzeitige brenzlige Lage im Tabellenkeller lie\u00dfen ihn umdenken. Ob der 32-J\u00e4hrige ein weiteres Mal aufl\u00e4uft, m\u00fcsse man in der kommenden Woche beim Training sehen, so Kirchmair bei <span style=\"font-weight: bold\"><span style=\"color: #0000ff\">fanreport.com<\/span><\/span>.Der Qualit\u00e4tsunterschied zwischen stark aufspielenden Zammern und an Harmlosigkeit kaum zu \u00fcberbietenden Oberperfern schlug sich auch im Ergebnis nieder. Eine St\u00e4rke spielten die Hausherren unmittelbar nach Anpfiff aus. Die weiten Einw\u00fcrfe von Edi Stubenb\u00f6ck sind mittlerweile in der ganzen Liga bekannt, ein Gegengift konnten noch die wenigsten ausfindig machen: Was er mit den H\u00e4nden kann, k\u00f6nnen andere nur mit den F\u00fc\u00dfen. So werden die Einw\u00fcrfe zu Eckb\u00e4llen oder Freist\u00f6\u00dfen. Daraus resultierte auch die 1:0\u2011F\u00fchrung durch Florian Binder (2.).<span style=\"font-weight: bold\">Doppelpacks f\u00fcr Mimm und Binder \u2014 Oberperfuss empf\u00e4ngt schon am Donnerstag Kematen<\/span>\n<div class=\"inline-image right\"><a href=\"http:\/\/media1.fanreport.com\/at\/media\/6wMUBYPL5YPsKGOf543rh3VMxpN_wVuUgkqbThtK-LY\/1327091\/stubenboeck\/stubenboeck.jpg?img=2\" rel=\"gallery[recap]\"> <img title=\"Stubenb\u00f6ck\" alt=\"Stubenb\u00f6ck\" src=\"http:\/\/media1.fanreport.com\/at\/media\/xQEt1G-d0rxHOHUNL15sWvsBB5v7j1CofMxFl898YaQ\/1327091\/stubenboeck\/stubenboeck.jpg?img=2\"> <\/a>\n<div class=\"image_content_underline_text\" style=\"width: 230px !important\">Zwei Stubenb\u00f6ck-Einw\u00fcrfe f\u00fchrten gegen Oberperfuss zu Torerfolgen. Kein Novum in&nbsp;Zams.\n<div class=\"image_content_underline_text_credit\">Foto: Schiefer<\/div>\n<\/div>\n<\/div>\n<\/div>\n<div style=\"text-align: justify\"><\/div>\n<div style=\"text-align: justify\">In Minute elf erh\u00f6hte Julian Platter bei seiner Startelf-Premiere in diesem Fr\u00fchjahr. Zuletzt gegen Thaur kam er von der Bank, vorher war er gesperrt, weil er sich Ende Oktober bei einem Einsatz f\u00fcr die Reserve-Mannschaft die Rote Karte abholte. Seinem Treffer ging eine Kombination zwischen Mathias Mimm und Florian Binder voraus. Das 3:0 steuerte der einmal mehr \u00fcberzeugende Youngster Rene Mark bei. Der ehemalige Akademie-Kicker schoss Zams nach Platter-Ablage zur Vorentscheidung.Auch in Minute 44 hatte Platter seine F\u00fc\u00dfe im Spiel. Seinen Stangerlpass verwertete Mimm, ehe der \u00fcber den linken Fl\u00fcgel kommende Offensivmann nach einem weiteren Einwurf von Stubenb\u00f6ck mit einem Kopfball den Doppelpack schn\u00fcrte (49.). 5:0 \u2014 aber Zams hatte noch nicht genug und legte in Person von Florian Binder noch einen drauf. Perfekt bedient von Giorgio Gabuzza \u00fcber die Abwehrkette der Oberperfer, stellte der offensive Mittelfeldspieler den Endstand her.Oberperfuss f\u00fchlte sich von Beginn an mit Gegenwind konfrontiert. Bereits in der Anfangsphase musste Daniel Mersa verletzt raus, die G\u00e4ste waren gezwungen, umzustellen und fanden anschlie\u00dfend nie in die Spur. Bei einer Aktion hatte Zams Dusel: Als ein Oberperfer auf H\u00f6he der Mittellinie zu Fall gebracht wurde, k\u00f6nnte es auch Schiedsrichter geben, die diese Aktion wegen Notbremse mit Rot quittieren.Die G\u00e4ste m\u00fcssen damit weiter um den Liga-Verbleib bangen. Der Vorletzte streitet sich von Runde zu Runde mit Schlusslicht Tarrenz um die rote Laterne. Ja, die Landesliga West ist ziemlich ausgeglichen. Doch Oberperfuss und Tarrenz sind in der derzeitigen Verfassung eine Ausnahme. Das Programm wird nicht leichter: Am Donnerstag empf\u00e4ngt die Kirchmair-Elf Tabellenf\u00fchrer Kematen. Die Rollen sind klar verteilt.\n<\/div>\n<div style=\"text-align: justify\"><\/div>\n<div style=\"text-align: justify\">(Bericht: www.fanreport.com)<\/div>\n<div style=\"text-align: justify\"><\/div>\n<div style=\"text-align: justify\"><\/div>\n<div style=\"text-align: justify\">Ergebnisse 18.&nbsp;Runde:<\/div>\n<div style=\"text-align: justify\"><\/div>\n<div style=\"text-align: justify\">Zams : SVO&nbsp;&nbsp;&nbsp; 6:0<\/div>\n<div style=\"text-align: justify\">Union Innsbruck 1b : SVO 1b&nbsp;&nbsp;&nbsp;&nbsp;&nbsp; 3:3<\/div>\n","protected":false},"excerpt":{"rendered":"<p>Zams feierte am Samstagnachmittag den h\u00f6chsten Sieg der 18. Runde der Landesliga West. 6:0 \u00fcber Oberperfuss \u2014 mehr Tore schossen die Oberl\u00e4nder 2013\/2014 nur im Cup gegen das unterklassige Paznaun.<\/p>\n","protected":false},"author":8,"featured_media":0,"comment_status":"open","ping_status":"closed","sticky":false,"template":"","format":"standard","meta":{"wp_typography_post_enhancements_disabled":false},"categories":[4],"tags":[],"_links":{"self":[{"href":"https:\/\/sv-oberperfuss.at\/fussball\/wp-json\/wp\/v2\/posts\/3313"}],"collection":[{"href":"https:\/\/sv-oberperfuss.at\/fussball\/wp-json\/wp\/v2\/posts"}],"about":[{"href":"https:\/\/sv-oberperfuss.at\/fussball\/wp-json\/wp\/v2\/types\/post"}],"author":[{"embeddable":true,"href":"https:\/\/sv-oberperfuss.at\/fussball\/wp-json\/wp\/v2\/users\/8"}],"replies":[{"embeddable":true,"href":"https:\/\/sv-oberperfuss.at\/fussball\/wp-json\/wp\/v2\/comments?post=3313"}],"version-history":[{"count":4,"href":"https:\/\/sv-oberperfuss.at\/fussball\/wp-json\/wp\/v2\/posts\/3313\/revisions"}],"predecessor-version":[{"id":3317,"href":"https:\/\/sv-oberperfuss.at\/fussball\/wp-json\/wp\/v2\/posts\/3313\/revisions\/3317"}],"wp:attachment":[{"href":"https:\/\/sv-oberperfuss.at\/fussball\/wp-json\/wp\/v2\/media?parent=3313"}],"wp:term":[{"taxonomy":"category","embeddable":true,"href":"https:\/\/sv-oberperfuss.at\/fussball\/wp-json\/wp\/v2\/categories?post=3313"},{"taxonomy":"post_tag","embeddable":true,"href":"https:\/\/sv-oberperfuss.at\/fussball\/wp-json\/wp\/v2\/tags?post=3313"}],"curies":[{"name":"wp","href":"https:\/\/api.w.org\/{rel}","templated":true}]}}