{"id":3263,"date":"2014-04-21T13:28:44","date_gmt":"2014-04-21T11:28:44","guid":{"rendered":"https:\/\/sv-oberperfuss.at\/fussball\/?p=3263"},"modified":"2014-04-21T21:00:07","modified_gmt":"2014-04-21T19:00:07","slug":"treffen-der-oldie-torhueter","status":"publish","type":"post","link":"https:\/\/sv-oberperfuss.at\/fussball\/treffen-der-oldie-torhueter\/","title":{"rendered":"Runde 17: Treffen der \u201cOldie-Torh\u00fcter\u201d"},"content":{"rendered":"<p>Zwei Axamer Torh\u00fcter fehlten beim Derby in Oberperfuss \u2014 deshalb durfte sich erneut der 52-j\u00e4hrige Mate Odak beweisen. Er war beim 3:0\u2011Sieg seiner Mannschaft kein Handicap, kl\u00e4rte die wenigen brenzligen Situationen mit all seiner Erfahrung.<!--more--><\/p>\n<p>Nachdem die Nummer eins Best Tabe aus wichtigen privaten Gr\u00fcnden in der Heimat in Kamerun verweilt und Ersatz Wilhelm Fringer zuletzt gegen Thaur mit Rot vom Feld musste, stand Torwart-Trainer Mate Odak auch am Samstagnachmittag im Axamer Kasten.<\/p>\n<p>Wenngleich beim Derby in Oberperfuss die Not zur Tugend gemacht werden musste, hegte Coach Harald Schroll keinen Zweifel: \u201cIch habe gewusst, dass er seine Sache gut machen wird.\u201d<\/p>\n<p>Die in der Offensive zahnlosen Hausherren stellten den 52-J\u00e4hrigen nie vor ernsthafte Probleme. Und wenn Odak eingreifen musste, dann tat er dies mit all seiner Routine, die sich in vielen aktiven Goalie-Jahren angeh\u00e4uft hatte.<\/p>\n<p><strong>Stern trifft vom Punkt zur F\u00fchrung<\/strong><\/p>\n<p>Die G\u00e4ste best\u00e4tigten ihren Aufw\u00e4rtstrend im Fr\u00fchjahr und siegten letztlich verdient mit 3:0. Oberperfuss musste dem Fu\u00dfballgott danken \u2014 zur Pause stand es trotz Axamer Chancenplus noch 0:0. Was sich in der zweiten Halbzeit \u00e4ndern sollte.<\/p>\n<p>Das Oberperfer Unheil begann, als Schiri Et bei der Abwehr von David Haller im Strafraum ein Handspiel sah. Elfmeter durch Daniel Stern \u2014 1:0 f\u00fcr Axams (54.). Per Doppelpack sorgte Youngster Robert Dukic letzlich f\u00fcr einen klaren Axamer Erfolg. Erst nach sch\u00f6ner Vorarbeit von Matthias Riedl \u00fcber rechts (67.), ein paar Minuten sp\u00e4ter mit einem Drehschuss (76.).<\/p>\n<p>W\u00e4hrend Axams nun mit dem Abstieg nicht mehr in Verbindung gebracht wird, brennt in Oberperfuss der Hut. Die Elf von Trainer Hannes Kirchmair wollte, konnte aber nicht. Die Hoffnung aller Keller-Klubs dieser Welt sollte eigentlich in den Heimspielen liegen. Wenn man auch dort meilenweit von einem Punktgewinn entfernt ist, sagt dies alles aus \u00fcber die momentane Situation des Tabellenvorletzten. Weil auch Schlusslicht Tarrenz einmal mehr nicht anz\u00e4hlen durfte, bleibt die rote Laterne aber im Tiroler Oberland h\u00e4ngen.<\/p>\n<p>&nbsp;<\/p>\n<p><a style=\"line-height: 1.5em\" href=\"http:\/\/media1.fanreport.com\/at\/media\/6wMUBYPL5YPsKGOf543rh3VMxpN_wVuUgkqbThtK-LY\/294795\/stefan-kirchmair\/stefan-kirchmair.jpg?img=2\" rel=\"gallery[recap]\"><img title=\"Stefan Kirchmair\" alt=\"Stefan Kirchmair\" src=\"http:\/\/media1.fanreport.com\/at\/media\/xQEt1G-d0rxHOHUNL15sWvsBB5v7j1CofMxFl898YaQ\/294795\/stefan-kirchmair\/stefan-kirchmair.jpg?img=2\"><\/a><\/p>\n<p><a style=\"line-height: 1.5em\" href=\"http:\/\/media1.fanreport.com\/at\/media\/6wMUBYPL5YPsKGOf543rh3VMxpN_wVuUgkqbThtK-LY\/294795\/stefan-kirchmair\/stefan-kirchmair.jpg?img=2\" rel=\"gallery[recap]\">(Foto: Schiefer; Bericht: www.fanreport.com)<\/a><\/p>\n<div>\n<div><\/div>\n<div><!--more--><\/div>\n<div>\n<h1>Derbysieg f\u00fcr Axams in Oberperfuss<\/h1>\n<section id=\"articleContent\">Souver\u00e4ner 3:0\u2011Sieg der Axamer bei schwachen Gastgebern!Der SV Axams musste erneut mit dem 52-j\u00e4hrigen Tormanntrainer Mate Odak auflaufen, h\u00e4tte aber auch die Eckfahne ins Tor stellen k\u00f6nnen. Der SV Oberperfuss fand n\u00e4mlich offensiv \u00fcberhaupt nicht statt und offenbarte sowohl im Mittelfeld als auch in der Abwehr arge Schw\u00e4chen. Freilich demonstrierten die Axamer einmal mehr, warum sie in 17 Spielen erst 19 Gegentreffer kassiert haben \u2013 die Abwehrformation ist ein Bollwerk, dess ebenso wie bereits in der Vorwoche gegen Thaur keine Chancen zulie\u00df. Den 19 erhaltenen Toren standen vor der Partie aber auch erst 14 eigene Tore gegen\u00fcber, womit die vorw\u00f6chige 0:1\u2011Niederlage erkl\u00e4rt ist.<br>\nIn Oberperfuss wollten die Axamer den Sieg und zwangen die Gastgeber in der zweiten Halbzeit in die Knie. Freilich bedurfte es eines umstirttenen Elfmeters, den Daniel Stern sicher verwandelte. Die G\u00e4ste blieben die \u00fcberlegene Mannschaft und lie\u00dfen sich diesmal auch noch zweimal bitten. Robert Dukic zeigte seine Offensivqualit\u00e4ten und erzielte noch zwei Treffer zum 3:0\u2011Ausw\u00e4rtssieg, mit dem die Axamer zwei Pl\u00e4tze gut machten und mit sieben Punkten Vorsprung auf die Abstiegsr\u00e4nge ein sattes Polster geschaffen haben. Ganz tief unten steht hingegen der SV Oberperfuss, der sich im Abstiegskampf lediglich noch auf den SV Tarrenz verlassen darf, der ebenso wie die Oberperfer bereits f\u00fcnf Z\u00e4hler R\u00fcckstand auf Rang 12 und (noch) die schlechtere Tordifferenz hat.<br>\nAnbei gibt es viele Bilder der Partie Oberperfuss gegen&nbsp;Axams!<\/section>\n<p>&nbsp;<a href=\"http:\/\/www.meinbezirk.at\/axams\/sport\/derbysieg-fuer-axams-in-oberperfuss-m6205617,921085.html\"><img title alt src=\"http:\/\/media05.regionaut.meinbezirk.at\/2014\/04\/19\/6205617_preview.jpg?1397936673\">&nbsp; &nbsp;&nbsp;<\/a><a href=\"http:\/\/www.meinbezirk.at\/axams\/sport\/derbysieg-fuer-axams-in-oberperfuss-m6205622,921085.html\"><img title alt src=\"http:\/\/media05.regionaut.meinbezirk.at\/2014\/04\/19\/6205622_preview.jpg?1397936678\"><\/a><\/p>\n<p>(Bericht\/Fotos: www. meinbezirk.at)<\/p>\n<p>&nbsp;<\/p>\n<p><strong style=\"line-height: 1.5em\">Ergebnisse Runde&nbsp;17:<\/strong><\/p>\n<\/div>\n<div>Oberperfuss &nbsp;\u2013 &nbsp;Axams &nbsp; 0:3<\/div>\n<div>Oberperfuss 1b &nbsp;\u2014 &nbsp;SK Sautens &nbsp; 2:2<\/div>\n<div><\/div>\n<div>\n\n\t\t<style type=\"text\/css\">\n\t\t\t#gallery-1 {\n\t\t\t\tmargin: auto;\n\t\t\t}\n\t\t\t#gallery-1 .gallery-item {\n\t\t\t\tfloat: left;\n\t\t\t\tmargin-top: 10px;\n\t\t\t\ttext-align: center;\n\t\t\t\twidth: 20%;\n\t\t\t}\n\t\t\t#gallery-1 img {\n\t\t\t\tborder: 2px solid #cfcfcf;\n\t\t\t}\n\t\t\t#gallery-1 .gallery-caption {\n\t\t\t\tmargin-left: 0;\n\t\t\t}\n\t\t\t\/* see gallery_shortcode() in wp-includes\/media.php *\/\n\t\t<\/style>\n\t\t<div id=\"gallery-1\" class=\"gallery galleryid-3263 gallery-columns-5 gallery-size-thumbnail\"><dl class=\"gallery-item\">\n\t\t\t<dt class=\"gallery-icon landscape\">\n\t\t\t\t<a href=\"https:\/\/sv-oberperfuss.at\/fussball\/files\/2014\/04\/DSC00795v.jpg\"><img width=\"150\" height=\"150\" src=\"https:\/\/sv-oberperfuss.at\/fussball\/files\/2014\/04\/DSC00795v-150x150.jpg\" class=\"attachment-thumbnail size-thumbnail\" alt loading=\"lazy\"><\/a>\n\t\t\t<\/dt><\/dl><dl class=\"gallery-item\">\n\t\t\t<dt class=\"gallery-icon landscape\">\n\t\t\t\t<a href=\"https:\/\/sv-oberperfuss.at\/fussball\/files\/2014\/04\/DSC00796v.jpg\"><img width=\"150\" height=\"150\" src=\"https:\/\/sv-oberperfuss.at\/fussball\/files\/2014\/04\/DSC00796v-150x150.jpg\" class=\"attachment-thumbnail size-thumbnail\" alt loading=\"lazy\"><\/a>\n\t\t\t<\/dt><\/dl><dl class=\"gallery-item\">\n\t\t\t<dt class=\"gallery-icon landscape\">\n\t\t\t\t<a href=\"https:\/\/sv-oberperfuss.at\/fussball\/files\/2014\/04\/DSC00826v.jpg\"><img width=\"150\" height=\"150\" src=\"https:\/\/sv-oberperfuss.at\/fussball\/files\/2014\/04\/DSC00826v-150x150.jpg\" class=\"attachment-thumbnail size-thumbnail\" alt loading=\"lazy\"><\/a>\n\t\t\t<\/dt><\/dl><dl class=\"gallery-item\">\n\t\t\t<dt class=\"gallery-icon landscape\">\n\t\t\t\t<a href=\"https:\/\/sv-oberperfuss.at\/fussball\/files\/2014\/04\/DSC00849v.jpg\"><img width=\"150\" height=\"150\" src=\"https:\/\/sv-oberperfuss.at\/fussball\/files\/2014\/04\/DSC00849v-150x150.jpg\" class=\"attachment-thumbnail size-thumbnail\" alt loading=\"lazy\"><\/a>\n\t\t\t<\/dt><\/dl><dl class=\"gallery-item\">\n\t\t\t<dt class=\"gallery-icon landscape\">\n\t\t\t\t<a href=\"https:\/\/sv-oberperfuss.at\/fussball\/files\/2014\/04\/DSC00850v.jpg\"><img width=\"150\" height=\"150\" src=\"https:\/\/sv-oberperfuss.at\/fussball\/files\/2014\/04\/DSC00850v-150x150.jpg\" class=\"attachment-thumbnail size-thumbnail\" alt loading=\"lazy\"><\/a>\n\t\t\t<\/dt><\/dl><br style=\"clear: both\"><dl class=\"gallery-item\">\n\t\t\t<dt class=\"gallery-icon landscape\">\n\t\t\t\t<a href=\"https:\/\/sv-oberperfuss.at\/fussball\/files\/2014\/04\/DSC00876v.jpg\"><img width=\"150\" height=\"150\" src=\"https:\/\/sv-oberperfuss.at\/fussball\/files\/2014\/04\/DSC00876v-150x150.jpg\" class=\"attachment-thumbnail size-thumbnail\" alt loading=\"lazy\"><\/a>\n\t\t\t<\/dt><\/dl><dl class=\"gallery-item\">\n\t\t\t<dt class=\"gallery-icon landscape\">\n\t\t\t\t<a href=\"https:\/\/sv-oberperfuss.at\/fussball\/files\/2014\/04\/DSC00882v.jpg\"><img width=\"150\" height=\"150\" src=\"https:\/\/sv-oberperfuss.at\/fussball\/files\/2014\/04\/DSC00882v-150x150.jpg\" class=\"attachment-thumbnail size-thumbnail\" alt loading=\"lazy\"><\/a>\n\t\t\t<\/dt><\/dl><dl class=\"gallery-item\">\n\t\t\t<dt class=\"gallery-icon landscape\">\n\t\t\t\t<a href=\"https:\/\/sv-oberperfuss.at\/fussball\/files\/2014\/04\/DSC00901v.jpg\"><img width=\"150\" height=\"150\" src=\"https:\/\/sv-oberperfuss.at\/fussball\/files\/2014\/04\/DSC00901v-150x150.jpg\" class=\"attachment-thumbnail size-thumbnail\" alt loading=\"lazy\"><\/a>\n\t\t\t<\/dt><\/dl><dl class=\"gallery-item\">\n\t\t\t<dt class=\"gallery-icon landscape\">\n\t\t\t\t<a href=\"https:\/\/sv-oberperfuss.at\/fussball\/files\/2014\/04\/DSC00904v.jpg\"><img width=\"150\" height=\"150\" src=\"https:\/\/sv-oberperfuss.at\/fussball\/files\/2014\/04\/DSC00904v-150x150.jpg\" class=\"attachment-thumbnail size-thumbnail\" alt loading=\"lazy\"><\/a>\n\t\t\t<\/dt><\/dl><dl class=\"gallery-item\">\n\t\t\t<dt class=\"gallery-icon landscape\">\n\t\t\t\t<a href=\"https:\/\/sv-oberperfuss.at\/fussball\/files\/2014\/04\/DSC00920v.jpg\"><img width=\"150\" height=\"150\" src=\"https:\/\/sv-oberperfuss.at\/fussball\/files\/2014\/04\/DSC00920v-150x150.jpg\" class=\"attachment-thumbnail size-thumbnail\" alt loading=\"lazy\"><\/a>\n\t\t\t<\/dt><\/dl><br style=\"clear: both\"><dl class=\"gallery-item\">\n\t\t\t<dt class=\"gallery-icon landscape\">\n\t\t\t\t<a href=\"https:\/\/sv-oberperfuss.at\/fussball\/files\/2014\/04\/DSC00927v.jpg\"><img width=\"150\" height=\"150\" src=\"https:\/\/sv-oberperfuss.at\/fussball\/files\/2014\/04\/DSC00927v-150x150.jpg\" class=\"attachment-thumbnail size-thumbnail\" alt loading=\"lazy\"><\/a>\n\t\t\t<\/dt><\/dl><dl class=\"gallery-item\">\n\t\t\t<dt class=\"gallery-icon landscape\">\n\t\t\t\t<a href=\"https:\/\/sv-oberperfuss.at\/fussball\/files\/2014\/04\/DSC00936v.jpg\"><img width=\"150\" height=\"150\" src=\"https:\/\/sv-oberperfuss.at\/fussball\/files\/2014\/04\/DSC00936v-150x150.jpg\" class=\"attachment-thumbnail size-thumbnail\" alt loading=\"lazy\"><\/a>\n\t\t\t<\/dt><\/dl><dl class=\"gallery-item\">\n\t\t\t<dt class=\"gallery-icon landscape\">\n\t\t\t\t<a href=\"https:\/\/sv-oberperfuss.at\/fussball\/files\/2014\/04\/DSC00939v.jpg\"><img width=\"150\" height=\"150\" src=\"https:\/\/sv-oberperfuss.at\/fussball\/files\/2014\/04\/DSC00939v-150x150.jpg\" class=\"attachment-thumbnail size-thumbnail\" alt loading=\"lazy\"><\/a>\n\t\t\t<\/dt><\/dl><dl class=\"gallery-item\">\n\t\t\t<dt class=\"gallery-icon landscape\">\n\t\t\t\t<a href=\"https:\/\/sv-oberperfuss.at\/fussball\/files\/2014\/04\/DSC00945v.jpg\"><img width=\"150\" height=\"150\" src=\"https:\/\/sv-oberperfuss.at\/fussball\/files\/2014\/04\/DSC00945v-150x150.jpg\" class=\"attachment-thumbnail size-thumbnail\" alt loading=\"lazy\"><\/a>\n\t\t\t<\/dt><\/dl><dl class=\"gallery-item\">\n\t\t\t<dt class=\"gallery-icon landscape\">\n\t\t\t\t<a href=\"https:\/\/sv-oberperfuss.at\/fussball\/files\/2014\/04\/DSC00970v.jpg\"><img width=\"150\" height=\"150\" src=\"https:\/\/sv-oberperfuss.at\/fussball\/files\/2014\/04\/DSC00970v-150x150.jpg\" class=\"attachment-thumbnail size-thumbnail\" alt loading=\"lazy\"><\/a>\n\t\t\t<\/dt><\/dl><br style=\"clear: both\"><dl class=\"gallery-item\">\n\t\t\t<dt class=\"gallery-icon landscape\">\n\t\t\t\t<a href=\"https:\/\/sv-oberperfuss.at\/fussball\/files\/2014\/04\/DSC00993v.jpg\"><img width=\"150\" height=\"150\" src=\"https:\/\/sv-oberperfuss.at\/fussball\/files\/2014\/04\/DSC00993v-150x150.jpg\" class=\"attachment-thumbnail size-thumbnail\" alt loading=\"lazy\"><\/a>\n\t\t\t<\/dt><\/dl><dl class=\"gallery-item\">\n\t\t\t<dt class=\"gallery-icon landscape\">\n\t\t\t\t<a href=\"https:\/\/sv-oberperfuss.at\/fussball\/files\/2014\/04\/DSC00996v.jpg\"><img width=\"150\" height=\"150\" src=\"https:\/\/sv-oberperfuss.at\/fussball\/files\/2014\/04\/DSC00996v-150x150.jpg\" class=\"attachment-thumbnail size-thumbnail\" alt loading=\"lazy\"><\/a>\n\t\t\t<\/dt><\/dl><dl class=\"gallery-item\">\n\t\t\t<dt class=\"gallery-icon landscape\">\n\t\t\t\t<a href=\"https:\/\/sv-oberperfuss.at\/fussball\/files\/2014\/04\/DSC01004v.jpg\"><img width=\"150\" height=\"150\" src=\"https:\/\/sv-oberperfuss.at\/fussball\/files\/2014\/04\/DSC01004v-150x150.jpg\" class=\"attachment-thumbnail size-thumbnail\" alt loading=\"lazy\"><\/a>\n\t\t\t<\/dt><\/dl><dl class=\"gallery-item\">\n\t\t\t<dt class=\"gallery-icon landscape\">\n\t\t\t\t<a href=\"https:\/\/sv-oberperfuss.at\/fussball\/files\/2014\/04\/DSC01032v.jpg\"><img width=\"150\" height=\"150\" src=\"https:\/\/sv-oberperfuss.at\/fussball\/files\/2014\/04\/DSC01032v-150x150.jpg\" class=\"attachment-thumbnail size-thumbnail\" alt loading=\"lazy\"><\/a>\n\t\t\t<\/dt><\/dl><dl class=\"gallery-item\">\n\t\t\t<dt class=\"gallery-icon landscape\">\n\t\t\t\t<a href=\"https:\/\/sv-oberperfuss.at\/fussball\/files\/2014\/04\/DSC01036v.jpg\"><img width=\"150\" height=\"150\" src=\"https:\/\/sv-oberperfuss.at\/fussball\/files\/2014\/04\/DSC01036v-150x150.jpg\" class=\"attachment-thumbnail size-thumbnail\" alt loading=\"lazy\"><\/a>\n\t\t\t<\/dt><\/dl><br style=\"clear: both\"><dl class=\"gallery-item\">\n\t\t\t<dt class=\"gallery-icon landscape\">\n\t\t\t\t<a href=\"https:\/\/sv-oberperfuss.at\/fussball\/files\/2014\/04\/DSC01040v.jpg\"><img width=\"150\" height=\"150\" src=\"https:\/\/sv-oberperfuss.at\/fussball\/files\/2014\/04\/DSC01040v-150x150.jpg\" class=\"attachment-thumbnail size-thumbnail\" alt loading=\"lazy\"><\/a>\n\t\t\t<\/dt><\/dl><dl class=\"gallery-item\">\n\t\t\t<dt class=\"gallery-icon landscape\">\n\t\t\t\t<a href=\"https:\/\/sv-oberperfuss.at\/fussball\/files\/2014\/04\/DSC01058v.jpg\"><img width=\"150\" height=\"150\" src=\"https:\/\/sv-oberperfuss.at\/fussball\/files\/2014\/04\/DSC01058v-150x150.jpg\" class=\"attachment-thumbnail size-thumbnail\" alt loading=\"lazy\"><\/a>\n\t\t\t<\/dt><\/dl><dl class=\"gallery-item\">\n\t\t\t<dt class=\"gallery-icon landscape\">\n\t\t\t\t<a href=\"https:\/\/sv-oberperfuss.at\/fussball\/files\/2014\/04\/DSC01068v.jpg\"><img width=\"150\" height=\"150\" src=\"https:\/\/sv-oberperfuss.at\/fussball\/files\/2014\/04\/DSC01068v-150x150.jpg\" class=\"attachment-thumbnail size-thumbnail\" alt loading=\"lazy\"><\/a>\n\t\t\t<\/dt><\/dl><dl class=\"gallery-item\">\n\t\t\t<dt class=\"gallery-icon landscape\">\n\t\t\t\t<a href=\"https:\/\/sv-oberperfuss.at\/fussball\/files\/2014\/04\/DSC01077v.jpg\"><img width=\"150\" height=\"150\" src=\"https:\/\/sv-oberperfuss.at\/fussball\/files\/2014\/04\/DSC01077v-150x150.jpg\" class=\"attachment-thumbnail size-thumbnail\" alt loading=\"lazy\"><\/a>\n\t\t\t<\/dt><\/dl><dl class=\"gallery-item\">\n\t\t\t<dt class=\"gallery-icon landscape\">\n\t\t\t\t<a href=\"https:\/\/sv-oberperfuss.at\/fussball\/files\/2014\/04\/DSC01081v.jpg\"><img width=\"150\" height=\"150\" src=\"https:\/\/sv-oberperfuss.at\/fussball\/files\/2014\/04\/DSC01081v-150x150.jpg\" class=\"attachment-thumbnail size-thumbnail\" alt loading=\"lazy\"><\/a>\n\t\t\t<\/dt><\/dl><br style=\"clear: both\"><dl class=\"gallery-item\">\n\t\t\t<dt class=\"gallery-icon landscape\">\n\t\t\t\t<a href=\"https:\/\/sv-oberperfuss.at\/fussball\/files\/2014\/04\/DSC01091v.jpg\"><img width=\"150\" height=\"150\" src=\"https:\/\/sv-oberperfuss.at\/fussball\/files\/2014\/04\/DSC01091v-150x150.jpg\" class=\"attachment-thumbnail size-thumbnail\" alt loading=\"lazy\"><\/a>\n\t\t\t<\/dt><\/dl><dl class=\"gallery-item\">\n\t\t\t<dt class=\"gallery-icon landscape\">\n\t\t\t\t<a href=\"https:\/\/sv-oberperfuss.at\/fussball\/files\/2014\/04\/DSC01106v.jpg\"><img width=\"150\" height=\"150\" src=\"https:\/\/sv-oberperfuss.at\/fussball\/files\/2014\/04\/DSC01106v-150x150.jpg\" class=\"attachment-thumbnail size-thumbnail\" alt loading=\"lazy\"><\/a>\n\t\t\t<\/dt><\/dl><dl class=\"gallery-item\">\n\t\t\t<dt class=\"gallery-icon landscape\">\n\t\t\t\t<a href=\"https:\/\/sv-oberperfuss.at\/fussball\/files\/2014\/04\/DSC01110v.jpg\"><img width=\"150\" height=\"150\" src=\"https:\/\/sv-oberperfuss.at\/fussball\/files\/2014\/04\/DSC01110v-150x150.jpg\" class=\"attachment-thumbnail size-thumbnail\" alt loading=\"lazy\"><\/a>\n\t\t\t<\/dt><\/dl><dl class=\"gallery-item\">\n\t\t\t<dt class=\"gallery-icon landscape\">\n\t\t\t\t<a href=\"https:\/\/sv-oberperfuss.at\/fussball\/files\/2014\/04\/DSC01113v.jpg\"><img width=\"150\" height=\"150\" src=\"https:\/\/sv-oberperfuss.at\/fussball\/files\/2014\/04\/DSC01113v-150x150.jpg\" class=\"attachment-thumbnail size-thumbnail\" alt loading=\"lazy\"><\/a>\n\t\t\t<\/dt><\/dl><dl class=\"gallery-item\">\n\t\t\t<dt class=\"gallery-icon landscape\">\n\t\t\t\t<a href=\"https:\/\/sv-oberperfuss.at\/fussball\/files\/2014\/04\/DSC01123v.jpg\"><img width=\"150\" height=\"150\" src=\"https:\/\/sv-oberperfuss.at\/fussball\/files\/2014\/04\/DSC01123v-150x150.jpg\" class=\"attachment-thumbnail size-thumbnail\" alt loading=\"lazy\"><\/a>\n\t\t\t<\/dt><\/dl><br style=\"clear: both\"><dl class=\"gallery-item\">\n\t\t\t<dt class=\"gallery-icon landscape\">\n\t\t\t\t<a href=\"https:\/\/sv-oberperfuss.at\/fussball\/files\/2014\/04\/DSC00888v.jpg\"><img width=\"150\" height=\"150\" src=\"https:\/\/sv-oberperfuss.at\/fussball\/files\/2014\/04\/DSC00888v-150x150.jpg\" class=\"attachment-thumbnail size-thumbnail\" alt loading=\"lazy\"><\/a>\n\t\t\t<\/dt><\/dl>\n\t\t\t<br style=\"clear: both\">\n\t\t<\/div>\n\n<\/div>\n<\/div>\n","protected":false},"excerpt":{"rendered":"<p>Zwei Axamer Torh\u00fcter fehlten beim Derby in Oberperfuss \u2014 deshalb durfte sich erneut der 52-j\u00e4hrige Mate Odak beweisen. Er war beim 3:0\u2011Sieg seiner Mannschaft kein Handicap, kl\u00e4rte die wenigen brenzligen Situationen mit all seiner Erfahrung.<\/p>\n","protected":false},"author":8,"featured_media":0,"comment_status":"open","ping_status":"closed","sticky":false,"template":"","format":"standard","meta":{"wp_typography_post_enhancements_disabled":false},"categories":[4],"tags":[],"_links":{"self":[{"href":"https:\/\/sv-oberperfuss.at\/fussball\/wp-json\/wp\/v2\/posts\/3263"}],"collection":[{"href":"https:\/\/sv-oberperfuss.at\/fussball\/wp-json\/wp\/v2\/posts"}],"about":[{"href":"https:\/\/sv-oberperfuss.at\/fussball\/wp-json\/wp\/v2\/types\/post"}],"author":[{"embeddable":true,"href":"https:\/\/sv-oberperfuss.at\/fussball\/wp-json\/wp\/v2\/users\/8"}],"replies":[{"embeddable":true,"href":"https:\/\/sv-oberperfuss.at\/fussball\/wp-json\/wp\/v2\/comments?post=3263"}],"version-history":[{"count":15,"href":"https:\/\/sv-oberperfuss.at\/fussball\/wp-json\/wp\/v2\/posts\/3263\/revisions"}],"predecessor-version":[{"id":3309,"href":"https:\/\/sv-oberperfuss.at\/fussball\/wp-json\/wp\/v2\/posts\/3263\/revisions\/3309"}],"wp:attachment":[{"href":"https:\/\/sv-oberperfuss.at\/fussball\/wp-json\/wp\/v2\/media?parent=3263"}],"wp:term":[{"taxonomy":"category","embeddable":true,"href":"https:\/\/sv-oberperfuss.at\/fussball\/wp-json\/wp\/v2\/categories?post=3263"},{"taxonomy":"post_tag","embeddable":true,"href":"https:\/\/sv-oberperfuss.at\/fussball\/wp-json\/wp\/v2\/tags?post=3263"}],"curies":[{"name":"wp","href":"https:\/\/api.w.org\/{rel}","templated":true}]}}