{"id":3260,"date":"2014-04-14T21:01:33","date_gmt":"2014-04-14T19:01:33","guid":{"rendered":"https:\/\/sv-oberperfuss.at\/fussball\/?p=3260"},"modified":"2014-04-14T21:01:33","modified_gmt":"2014-04-14T19:01:33","slug":"auch-der-vorletzte-ist-nicht-gerettet","status":"publish","type":"post","link":"https:\/\/sv-oberperfuss.at\/fussball\/auch-der-vorletzte-ist-nicht-gerettet\/","title":{"rendered":"Auch der Vorletzte ist nicht gerettet"},"content":{"rendered":"<div>Oberperfuss w\u00fcrde aus momentaner Sicht als Vorletzter zwar nicht absteigen, darf sich auf dem Polster aber nicht ausruhen. Nicht nur die Ergebnisse von Schlusslicht Tarrenz, sondern auch die Tabellenkonstellation in der Landesliga Ost muss beobachtet werden.<!--more--><\/div>\n<div><\/div>\n<div>Rund 24 Stunden nach der zu hoch ausgefallenen 1:4\u2011Ausw\u00e4rtsniederlage in Mils konnte Oberperfuss durchatmen. Weil der Tabellenletzte Tarrenz das Derby gegen Sch\u00f6nwies\/Mils mit 0:3 verlor, bleibt der Mannschaft von Trainer Hannes Kirchmair die rote Laterne erspart. Die leuchtet weiter im Tiroler Oberland.<\/div>\n<div><\/div>\n<div>W\u00e4hrend sich Thaur, Innsbruck West und Axams im Abstiegskampf der Landesliga West mit einem durchaus erfreulichen R\u00fcckrundenstart Luft verschafft haben, geht der Querlauf f\u00fcr die beiden Schlusslichter Oberperfuss und Tarrenz weiter. Beide sind mit jeweils 12 Punkten \u2014 aber Oberperfuss mit dem besseren Torverh\u00e4ltnis \u2014 Nachbarn im Liga-Keller.<\/div>\n<div><\/div>\n<div>Was beide gemeinsam haben: Das Bewusstsein, dass das realistische Ziel in der heurigen Saison nur mit dem Klassenerhalt festgesetzt werden kann. Und das Warten auf einen vollen Erfolg \u2014 Oberperfuss konnte in den letzten f\u00fcnf, Tarrenz sogar in den letzen neun Spielen keinen Sieg bejubeln.<\/div>\n<div><\/div>\n<div>Das Regelbuch schreibt Folgendes vor: Der Letzte steigt ab, der Vorletzte nur dann nicht, wenn er mehr Punkte als der Vorletzte der Landesliga Ost aufweist. Derzeit beh\u00e4lt Oberperfuss gegen\u00fcber Breitenbach (zehn Punkte, aber bereits ein Dreier im Fr\u00fchjahr) die Oberhand. Ausruhen darf sich das Team aus dem Westen auf diesem Vorsprung freilich nicht.<\/div>\n<div><\/div>\n<div>\n<div>\n<div><a href=\"http:\/\/media1.fanreport.com\/at\/media\/6wMUBYPL5YPsKGOf543rh3VMxpN_wVuUgkqbThtK-LY\/1312410\/oberperfuss\/oberperfuss.jpg?img=1\" rel=\"gallery[recap]\"><img title=\"Oberperfuss\" alt=\"Oberperfuss\" src=\"http:\/\/media1.fanreport.com\/at\/media\/xQEt1G-d0rxHOHUNL15sWvsBB5v7j1CofMxFl898YaQ\/1312410\/oberperfuss\/oberperfuss.jpg?img=1\"><\/a>\n<div>In der laufenden Saison ein seltenes Bild: Oberperfuss beim Jubeln.\n<div>Foto: Killinger<\/div>\n<p>(Bericht: www.fanreport.com)<\/p>\n<\/div>\n<\/div>\n<\/div>\n<\/div>\n","protected":false},"excerpt":{"rendered":"<p>Oberperfuss w\u00fcrde aus momentaner Sicht als Vorletzter zwar nicht absteigen, darf sich auf dem Polster aber nicht ausruhen. Nicht nur die Ergebnisse von Schlusslicht Tarrenz, sondern auch die Tabellenkonstellation in der Landesliga Ost muss beobachtet werden.<\/p>\n","protected":false},"author":8,"featured_media":0,"comment_status":"open","ping_status":"closed","sticky":false,"template":"","format":"standard","meta":{"wp_typography_post_enhancements_disabled":false},"categories":[4],"tags":[],"_links":{"self":[{"href":"https:\/\/sv-oberperfuss.at\/fussball\/wp-json\/wp\/v2\/posts\/3260"}],"collection":[{"href":"https:\/\/sv-oberperfuss.at\/fussball\/wp-json\/wp\/v2\/posts"}],"about":[{"href":"https:\/\/sv-oberperfuss.at\/fussball\/wp-json\/wp\/v2\/types\/post"}],"author":[{"embeddable":true,"href":"https:\/\/sv-oberperfuss.at\/fussball\/wp-json\/wp\/v2\/users\/8"}],"replies":[{"embeddable":true,"href":"https:\/\/sv-oberperfuss.at\/fussball\/wp-json\/wp\/v2\/comments?post=3260"}],"version-history":[{"count":2,"href":"https:\/\/sv-oberperfuss.at\/fussball\/wp-json\/wp\/v2\/posts\/3260\/revisions"}],"predecessor-version":[{"id":3262,"href":"https:\/\/sv-oberperfuss.at\/fussball\/wp-json\/wp\/v2\/posts\/3260\/revisions\/3262"}],"wp:attachment":[{"href":"https:\/\/sv-oberperfuss.at\/fussball\/wp-json\/wp\/v2\/media?parent=3260"}],"wp:term":[{"taxonomy":"category","embeddable":true,"href":"https:\/\/sv-oberperfuss.at\/fussball\/wp-json\/wp\/v2\/categories?post=3260"},{"taxonomy":"post_tag","embeddable":true,"href":"https:\/\/sv-oberperfuss.at\/fussball\/wp-json\/wp\/v2\/tags?post=3260"}],"curies":[{"name":"wp","href":"https:\/\/api.w.org\/{rel}","templated":true}]}}