{"id":3250,"date":"2014-04-07T09:57:28","date_gmt":"2014-04-07T07:57:28","guid":{"rendered":"https:\/\/sv-oberperfuss.at\/fussball\/?p=3250"},"modified":"2014-04-07T09:58:45","modified_gmt":"2014-04-07T07:58:45","slug":"der-svo-haette-die-3-punkte-gut-brauchen-koennen-schade","status":"publish","type":"post","link":"https:\/\/sv-oberperfuss.at\/fussball\/der-svo-haette-die-3-punkte-gut-brauchen-koennen-schade\/","title":{"rendered":"Der SVO h\u00e4tte die 3 Punkte gut brauchen k\u00f6nnen .\u2026 schade!"},"content":{"rendered":"<p>Mehr oder weniger souver\u00e4n gewann Innsbruck West am Samstag zuhause gegen Oberperfuss. Ausschlaggebend f\u00fcr den 2:1\u2011Heimsieg waren ein Eigentor und eine Einzelaktion von Dominique Nussbaum. Der Anschlusstreffer durch G\u00e4ste-Kapit\u00e4n Clemens Mair kam zu&nbsp;sp\u00e4t.<!--more--><\/p>\n<p>Replicas Deutsche Bundesliga Deutlich unter den Erwartungen blieb Aufsteiger Innsbruck West in den letzten Wochen \u2014 auch bei der 0:1\u2011Heimniederlage gegen Thaur zum R\u00fcckrundenauftakt. Sieben Tage sp\u00e4ter nutzten die Landeshauptst\u00e4dter die Chance auf Wiedergutmachung \u2014 im zweiten von insgesamt vier Auftritten vor heimischer Kulisse in Serie. \u201cDas waren wichtige drei Punkte. Wichtig f\u00fcr die Tabelle und wichtig f\u00fcr die Moral\u201d, freut sich Trainer Michael Schober \u00fcber den erst vierten Saisonsieg. Leichte Fehler schlichen sich bei den Hausherren zwar auch am Samstag ein. Doch Gegner Oberperfuss pr\u00e4sentierte sich untauglich f\u00fcr einen Punktezuwachs im tristen Kampf um den Klassenerhalt. Nachdem Winter-Neuzugang Manuel G\u00f6bbel (kam von Wilten) zuvor nur die Stange traf, zwang der mit nach vorne geeilte Au\u00dfenverteidiger Martin Troyer G\u00e4ste-Akteur David Haller mit seiner Hereingabe zu einem Eigentor (37.). Nussbaum erh\u00f6ht auf 2:0 nussbaum Dominique Nussbaum gelang gegen Oberperfuss die Vorentscheidung. Acht Minuten waren in der zweiten Halbzeit gespielt, als Dominique Nussbaum \u2014 der ausgerechnet in Oberperfuss wohnt \u2014 die F\u00fchrung ausbaute. Sein Schuss ins lange Eck bezwang Torwart Daniel Ripfl. Durch G\u00f6bbel und Matthias Told fand Innsbruck West weitere Chancen vor, ein Kantersieg h\u00e4tte allerdings nicht dem Spielverlauf entsprochen. Im Finish ging ein 30-Meter-Freisto\u00df von Oberperfuss-Kapit\u00e4n Clemens Mair an Freund und Feind vorbei, kullierte \u00fcber die Linie. F\u00fcr den Ausgleich fehlte den G\u00e4sten der Nachdruck \u2014 und zwar \u00fcber die gesamten 90 Minuten. Oberperfuss bleibt Vorletzter, auch nach dem Spiel von Tarrenz am Sonntag. Die Oberl\u00e4nder mussten sich in Telfs mit 1:3 geschlagen geben und behalten damit die rote Laterne. Als Tabellenzehnter verf\u00fcgt Innsbruck West, in dessen Reihen Elvir Karahasanovic nach seiner Rot-Sperre zur\u00fcckkehrte, \u00fcber ein Vier-Punkte-Polster auf einen Abstiegsplatz.<\/p>\n<p>(Bericht: www.fanreport.com)<\/p>\n<p>SPG Ibk. West &nbsp;: &nbsp; SVO &nbsp; &nbsp; &nbsp; 2:1<\/p>\n<p>SVI 1b &nbsp;: &nbsp;Oberperfuss 1b &nbsp; &nbsp; &nbsp; 4:2<span style=\"line-height: 1.5em\">&nbsp;<\/span><\/p>\n<p>Erfreulichere Nachrichten gab es an diesem Wochenende vom Nachwuchs zu berichten. Der bei der Aka Tirol U15 spielende Sandro Abfalterer konnte mit seiner Mannschaft beim Nike Premier Cup&nbsp;in Lindabrunn den 2. Rang belegen und wurde als \u201cTormann des Turniers\u201d ausgezeichnet. Herzlichen Gl\u00fcckwunsch!!<\/p>\n\n\t\t<style type=\"text\/css\">\n\t\t\t#gallery-1 {\n\t\t\t\tmargin: auto;\n\t\t\t}\n\t\t\t#gallery-1 .gallery-item {\n\t\t\t\tfloat: left;\n\t\t\t\tmargin-top: 10px;\n\t\t\t\ttext-align: center;\n\t\t\t\twidth: 50%;\n\t\t\t}\n\t\t\t#gallery-1 img {\n\t\t\t\tborder: 2px solid #cfcfcf;\n\t\t\t}\n\t\t\t#gallery-1 .gallery-caption {\n\t\t\t\tmargin-left: 0;\n\t\t\t}\n\t\t\t\/* see gallery_shortcode() in wp-includes\/media.php *\/\n\t\t<\/style>\n\t\t<div id=\"gallery-1\" class=\"gallery galleryid-3250 gallery-columns-2 gallery-size-thumbnail\"><dl class=\"gallery-item\">\n\t\t\t<dt class=\"gallery-icon landscape\">\n\t\t\t\t<a href=\"https:\/\/sv-oberperfuss.at\/fussball\/files\/2014\/04\/DSC00724_1.jpg\"><img width=\"150\" height=\"150\" src=\"https:\/\/sv-oberperfuss.at\/fussball\/files\/2014\/04\/DSC00724_1-150x150.jpg\" class=\"attachment-thumbnail size-thumbnail\" alt loading=\"lazy\"><\/a>\n\t\t\t<\/dt><\/dl><dl class=\"gallery-item\">\n\t\t\t<dt class=\"gallery-icon landscape\">\n\t\t\t\t<a href=\"https:\/\/sv-oberperfuss.at\/fussball\/files\/2014\/04\/DSC00662_1.jpg\"><img width=\"150\" height=\"150\" src=\"https:\/\/sv-oberperfuss.at\/fussball\/files\/2014\/04\/DSC00662_1-150x150.jpg\" class=\"attachment-thumbnail size-thumbnail\" alt loading=\"lazy\"><\/a>\n\t\t\t<\/dt><\/dl><br style=\"clear: both\">\n\t\t<\/div>\n\n<p>&nbsp;<\/p>\n","protected":false},"excerpt":{"rendered":"<p>Mehr oder weniger souver\u00e4n gewann Innsbruck West am Samstag zuhause gegen Oberperfuss. Ausschlaggebend f\u00fcr den 2:1\u2011Heimsieg waren ein Eigentor und eine Einzelaktion von Dominique Nussbaum. Der Anschlusstreffer durch G\u00e4ste-Kapit\u00e4n Clemens Mair kam zu&nbsp;sp\u00e4t.<\/p>\n","protected":false},"author":8,"featured_media":0,"comment_status":"open","ping_status":"closed","sticky":false,"template":"","format":"standard","meta":{"wp_typography_post_enhancements_disabled":false},"categories":[4],"tags":[],"_links":{"self":[{"href":"https:\/\/sv-oberperfuss.at\/fussball\/wp-json\/wp\/v2\/posts\/3250"}],"collection":[{"href":"https:\/\/sv-oberperfuss.at\/fussball\/wp-json\/wp\/v2\/posts"}],"about":[{"href":"https:\/\/sv-oberperfuss.at\/fussball\/wp-json\/wp\/v2\/types\/post"}],"author":[{"embeddable":true,"href":"https:\/\/sv-oberperfuss.at\/fussball\/wp-json\/wp\/v2\/users\/8"}],"replies":[{"embeddable":true,"href":"https:\/\/sv-oberperfuss.at\/fussball\/wp-json\/wp\/v2\/comments?post=3250"}],"version-history":[{"count":6,"href":"https:\/\/sv-oberperfuss.at\/fussball\/wp-json\/wp\/v2\/posts\/3250\/revisions"}],"predecessor-version":[{"id":3258,"href":"https:\/\/sv-oberperfuss.at\/fussball\/wp-json\/wp\/v2\/posts\/3250\/revisions\/3258"}],"wp:attachment":[{"href":"https:\/\/sv-oberperfuss.at\/fussball\/wp-json\/wp\/v2\/media?parent=3250"}],"wp:term":[{"taxonomy":"category","embeddable":true,"href":"https:\/\/sv-oberperfuss.at\/fussball\/wp-json\/wp\/v2\/categories?post=3250"},{"taxonomy":"post_tag","embeddable":true,"href":"https:\/\/sv-oberperfuss.at\/fussball\/wp-json\/wp\/v2\/tags?post=3250"}],"curies":[{"name":"wp","href":"https:\/\/api.w.org\/{rel}","templated":true}]}}