{"id":325,"date":"2009-11-01T20:06:16","date_gmt":"2009-11-01T18:06:16","guid":{"rendered":"https:\/\/sv-oberperfuss.at\/fussball\/?p=325"},"modified":"2009-11-23T20:55:08","modified_gmt":"2009-11-23T18:55:08","slug":"sv-krone-oberperfuss-sv-landeck-21","status":"publish","type":"post","link":"https:\/\/sv-oberperfuss.at\/fussball\/sv-krone-oberperfuss-sv-landeck-21\/","title":{"rendered":"SV Krone Oberperfuss : SV Landeck   2:1"},"content":{"rendered":"<p>Bei wundersch\u00f6nem Herbstwetter waren am Samstag, den 31.10. die Nachwuchsspieler der Tiroler Auswahl Jahrgang 97 und 96 in Oberperfuss zu Gast und die Spiele gegen Rapid endeten mit einem Endstand von&nbsp; 1:4 bzw. 1:1.<\/p>\n<p>Am Nachmittag kam es zum letzten Heimspiel des Jahres 2009.<\/p>\n<p>Nach einer sehr guten ersten Halbzeit, in der der SVO gut und gerne vier\/f\u00fcnf Tore h\u00e4tte schie\u00dfen k\u00f6nnen, retteten die Oberperfer mit viel Gl\u00fcck den 2:1 Halbzeitstand \u00fcber die zweiten 45 Minuten.<\/p>\n<p><!--more--><\/p>\n<p><em>8. Minute: <\/em> Spiegl Christian nimmt den Ball 20 Meter vor dem Tor an und schiesst daran vorbei.<\/p>\n<p><em>11. Minute: <\/em> 1:0 \u2014 nach Zuspiel von Brantner Thomas gelingt Spiegl Christian der F\u00fchrungstreffer.<\/p>\n<p><em>13. Minute<\/em>:&nbsp; ein Schuss der Landecker geht \u00fcber das Oberperfer Geh\u00e4use.<\/p>\n<p><em>15. Minute:<\/em> Freisto\u00df Landeck \u2014 Alexander Lener kann kl\u00e4ren.<\/p>\n<p><em>16. Minute:<\/em> Wegscheider Marco verfehlt das Landecker Tor.<\/p>\n<p><em>26. Minute:<\/em> 2:0 \u2014 Kopie des ersten Treffers \u2014 nach Zuspiel von Brantner Thomas, netzt Spiegl Christian erneut ein \u2014 sein 12. Saisontor!<\/p>\n<p><em>33. Minute:<\/em> Spiegl Christian hat den Hattrick am Fu\u00df, aber im letzten Moment kann der Landecker Verteidiger kl\u00e4ren.<\/p>\n<p><em>46. Minute:<\/em> 2:1 \u2014 aus dem Nichts gelingt der Nr. 12 (Schmid Thomas) der Anschlusstreffer.<\/p>\n<p><em>57. Minute:<\/em> gelbe Karte f\u00fcr die Nr. 4&nbsp; der Landecker&nbsp; (Spiess Mario).<\/p>\n<p><em>64. Minute:<\/em> auch Bucher Christian trifft das Tor&nbsp;nicht.<\/p>\n<p><em>66. Minute:<\/em> Stangenschuss der Landecker Nr. 14 (Senn&nbsp;Marco).<\/p>\n<p><em>75. Minute:<\/em> Nr. 11 (Graber J\u00fcrgen) schiesst am oberperfer Tor vorbei.<\/p>\n<p><em>92. Minute:<\/em> Landeck vergibt die letzte gro\u00dfe Chance.<\/p>\n<p><em>93. Minute<\/em> :&nbsp; Schlusspfiff \u2014 der SV Krone Oberperfuss gewinnt 2:1!<\/p>\n<p>Nachdem Neustift in Reutte 4:1 verloren hat, \u00fcberwintert der SV Krone Oberperfuss mit 33 Punkten auf dem 2. Tabellenplatz der LLW.&nbsp; Herzlichen Gl\u00fcckwunsch!!<br class=\"spacer_\"><\/p>\n<p><br class=\"spacer_\"><\/p>\n<p><br class=\"spacer_\"><\/p>\n","protected":false},"excerpt":{"rendered":"<p>Bei wundersch\u00f6nem Herbstwetter waren am Samstag, den 31.10. die Nachwuchsspieler der Tiroler Auswahl Jahrgang 97 und 96 in Oberperfuss zu Gast und die Spiele gegen Rapid endeten mit einem Endstand von&nbsp; 1:4 bzw. 1:1. Am Nachmittag kam es zum letzten Heimspiel des Jahres 2009. Nach einer sehr guten ersten Halbzeit, in der der SVO&nbsp;gut&nbsp;[\u2026]<\/p>\n","protected":false},"author":8,"featured_media":0,"comment_status":"open","ping_status":"closed","sticky":false,"template":"","format":"standard","meta":{"wp_typography_post_enhancements_disabled":false},"categories":[4],"tags":[],"_links":{"self":[{"href":"https:\/\/sv-oberperfuss.at\/fussball\/wp-json\/wp\/v2\/posts\/325"}],"collection":[{"href":"https:\/\/sv-oberperfuss.at\/fussball\/wp-json\/wp\/v2\/posts"}],"about":[{"href":"https:\/\/sv-oberperfuss.at\/fussball\/wp-json\/wp\/v2\/types\/post"}],"author":[{"embeddable":true,"href":"https:\/\/sv-oberperfuss.at\/fussball\/wp-json\/wp\/v2\/users\/8"}],"replies":[{"embeddable":true,"href":"https:\/\/sv-oberperfuss.at\/fussball\/wp-json\/wp\/v2\/comments?post=325"}],"version-history":[{"count":9,"href":"https:\/\/sv-oberperfuss.at\/fussball\/wp-json\/wp\/v2\/posts\/325\/revisions"}],"predecessor-version":[{"id":384,"href":"https:\/\/sv-oberperfuss.at\/fussball\/wp-json\/wp\/v2\/posts\/325\/revisions\/384"}],"wp:attachment":[{"href":"https:\/\/sv-oberperfuss.at\/fussball\/wp-json\/wp\/v2\/media?parent=325"}],"wp:term":[{"taxonomy":"category","embeddable":true,"href":"https:\/\/sv-oberperfuss.at\/fussball\/wp-json\/wp\/v2\/categories?post=325"},{"taxonomy":"post_tag","embeddable":true,"href":"https:\/\/sv-oberperfuss.at\/fussball\/wp-json\/wp\/v2\/tags?post=325"}],"curies":[{"name":"wp","href":"https:\/\/api.w.org\/{rel}","templated":true}]}}