{"id":3096,"date":"2013-09-02T14:03:44","date_gmt":"2013-09-02T12:03:44","guid":{"rendered":"https:\/\/sv-oberperfuss.at\/fussball\/?p=3096"},"modified":"2013-09-02T20:31:34","modified_gmt":"2013-09-02T18:31:34","slug":"runde-5-oberperfuss-siegt-daheim","status":"publish","type":"post","link":"https:\/\/sv-oberperfuss.at\/fussball\/runde-5-oberperfuss-siegt-daheim\/","title":{"rendered":"Runde 5: Oberperfuss siegt daheim!"},"content":{"rendered":"<p>Zams kommt weiter nicht richtig in Fahrt, musste am Sonntag zum Abschluss der 5. Runde der Landesliga West mit der 0:2\u2011Pleite in Oberperfuss die bereits dritte Niederlage der laufenden Saison hinnehmen. Die Hausherren freuen sich \u00fcber den zweiten Sieg in Folge \u2014 und \u00fcber ein Lob des Gegners.<\/p>\n<p><!--more-->Zams-Coach J\u00fcrgen Landerer outete sich nach der Partie als fairer Verlierer, zeigte Respekt f\u00fcr die Leistung von Oberperfuss: \u201cSie waren bisher unser st\u00e4rkster Gegner, haben uns alles abverlangt.\u201d&nbsp;Tats\u00e4chlich waren die Gastgeber dr\u00fcckend \u00fcberlegen, die Zammer dagegen mit dem 0:2 noch gut bedient.<\/p>\n<p>David Haller, der sein Startelfdeb\u00fct in der Serie 2013\/14 mit dem F\u00fchrungstreffer kr\u00f6nte (7.), und Stefan Kirchmair (42.\/4. Saisontor) stellten die Weichen bereits im ersten Spielabschnitt auf Sieg. Beide Treffer resultierten aus Ballverlusten der&nbsp;G\u00e4ste.<\/p>\n<p>Ein noch deutlicheres Ergebnis verhinderte Zams-Schlussmann Thomas Unterwelz, der als einer der wenigen Oberl\u00e4nder Akteure Normalform erreichte. Landerer: \u201cDazu kommt, dass wir momentan l\u00e4uferisch und konditionell nicht auf der H\u00f6he sind. Wir alle h\u00e4tten uns einen erfreulicheren Saisonstart gew\u00fcnscht.\u201d<\/p>\n<p>Die Stimmen h\u00e4ufen sich, dass die Zammer Rotation zu viel des Guten sei. Auch in Oberperfuss registrierten die rund 300 Besucher drei \u00c4nderungen im Vergleich zur Vorwoche.<\/p>\n<p>\u201cIch bin ein junger Trainer und auf jeden Fall hellh\u00f6rig, wenn es um solche Dinge geht. Wir haben einen gro\u00dfen, ausgeglichenen Kader\u201d, meint Landerer angesprochen auf dieses (heikle) Thema. Die Rotation habe jedenfalls sowohl Vor- als auch Nachteile.<\/p>\n<p>&nbsp;<\/p>\n<p><strong>Gratulation an die Nummer 11! &nbsp;Gregor Hupfauf ist im Team der&nbsp;Runde&nbsp;!<\/strong><\/p>\n<p>&nbsp;<\/p>\n<p><a href=\"http:\/\/media1.fanreport.com\/at\/media\/YeOJ00IYR3jPee2dbulrFw\/289491\/duell\/duell.jpg\" rel=\"gallery[recap]\"><img title=\"duell\" alt=\"duell\" src=\"http:\/\/media1.fanreport.com\/at\/media\/xQEt1G-d0rxHOHUNL15sWitF_TEk1KwVmnPncxZr-dY\/289491\/duell\/duell.jpg\"><\/a><\/p>\n<div>Zams konnte den Gegner aus Oberperfuss nur selten in die Zange nehmen.<\/div>\n<div><\/div>\n<pre>(Bericht: &nbsp;www.fanreport.com)<\/pre>\n<div><\/div>\n","protected":false},"excerpt":{"rendered":"<p>Zams kommt weiter nicht richtig in Fahrt, musste am Sonntag zum Abschluss der 5. Runde der Landesliga West mit der 0:2\u2011Pleite in Oberperfuss die bereits dritte Niederlage der laufenden Saison hinnehmen. Die Hausherren freuen sich \u00fcber den zweiten Sieg in Folge \u2014 und \u00fcber ein Lob des Gegners.<\/p>\n","protected":false},"author":8,"featured_media":0,"comment_status":"open","ping_status":"closed","sticky":false,"template":"","format":"standard","meta":{"wp_typography_post_enhancements_disabled":false},"categories":[4],"tags":[],"_links":{"self":[{"href":"https:\/\/sv-oberperfuss.at\/fussball\/wp-json\/wp\/v2\/posts\/3096"}],"collection":[{"href":"https:\/\/sv-oberperfuss.at\/fussball\/wp-json\/wp\/v2\/posts"}],"about":[{"href":"https:\/\/sv-oberperfuss.at\/fussball\/wp-json\/wp\/v2\/types\/post"}],"author":[{"embeddable":true,"href":"https:\/\/sv-oberperfuss.at\/fussball\/wp-json\/wp\/v2\/users\/8"}],"replies":[{"embeddable":true,"href":"https:\/\/sv-oberperfuss.at\/fussball\/wp-json\/wp\/v2\/comments?post=3096"}],"version-history":[{"count":4,"href":"https:\/\/sv-oberperfuss.at\/fussball\/wp-json\/wp\/v2\/posts\/3096\/revisions"}],"predecessor-version":[{"id":3107,"href":"https:\/\/sv-oberperfuss.at\/fussball\/wp-json\/wp\/v2\/posts\/3096\/revisions\/3107"}],"wp:attachment":[{"href":"https:\/\/sv-oberperfuss.at\/fussball\/wp-json\/wp\/v2\/media?parent=3096"}],"wp:term":[{"taxonomy":"category","embeddable":true,"href":"https:\/\/sv-oberperfuss.at\/fussball\/wp-json\/wp\/v2\/categories?post=3096"},{"taxonomy":"post_tag","embeddable":true,"href":"https:\/\/sv-oberperfuss.at\/fussball\/wp-json\/wp\/v2\/tags?post=3096"}],"curies":[{"name":"wp","href":"https:\/\/api.w.org\/{rel}","templated":true}]}}