{"id":3084,"date":"2013-08-19T13:11:31","date_gmt":"2013-08-19T11:11:31","guid":{"rendered":"https:\/\/sv-oberperfuss.at\/fussball\/?p=3084"},"modified":"2013-08-19T13:11:31","modified_gmt":"2013-08-19T11:11:31","slug":"3-runde-mils-feiert-perfekte-woche","status":"publish","type":"post","link":"https:\/\/sv-oberperfuss.at\/fussball\/3-runde-mils-feiert-perfekte-woche\/","title":{"rendered":"3. Runde: Mils feiert perfekte Woche"},"content":{"rendered":"<p>9 Punkte in 7 Tagen \u2014 der SC Mils freut sich nach dem 6:1\u2011Coup am Samstag in Oberperfuss \u00fcber eine perfekte Woche und darf die errungene Tabellenf\u00fchrung nun wohl behalten. Eiterer und Angerer versp\u00fcren momentan einen besonderen Torhunger.<!--more--><\/p>\n<p>Der \u00c4rger fiel letztlich zwar verhalten aus, eigentlich hatte Mils am Mittwochabend nach dem 5:2\u2011Kantersieg \u00fcber Thaur jedoch fest mit der Tabellenf\u00fchrung gerechnet. Die gab es, allerdings nur f\u00fcr 24 Stunden, denn Telfs schnappte sich den \u201cPlatz an der Sonne\u201d durch einen 5:1\u2011Ausw\u00e4rtserfolg in Tarrenz.<\/p>\n<p>\u201cF\u00fcr uns war das nicht \u00fcberm\u00e4\u00dfig tragisch. Wichtig erschien uns einzig und allein, dass wir einen tollen Saisonstart hingelegt haben. 9 Punkte aus drei Spielen \u2014 das gab es in Mils schon lange nicht mehr. Und jetzt wird uns wohl niemand mehr von der Spitze sto\u00dfen\u201d, lacht Sportboss Kurt H\u00f6rtnagl \u00fcber den aktuellen H\u00f6henflug.<\/p>\n<p>Nur mit einem klaren Triumph im Spitzenspiel (heute ab 17 Uhr) k\u00f6nnte Telfs oder Kematen die Milser Freude ein wenig tr\u00fcben\u2026<\/p>\n<p>In Oberperfuss sorgte Manuel Eiterer bereits fr\u00fch f\u00fcr die F\u00fchrung. Der Youngster zog von links in die Mitte und schob den Ball ins lange Eck (10.). Danach rettete Mils-Schlussmann Simon Fili bei einem gegnerischen Kopfball in h\u00f6chster Not (21.).<\/p>\n<p>Kurz vor der Halbzeit erneut Torjubel bei den G\u00e4sten. Martin Angerer traf nur die Latte, den Nachschuss verwertete Innenverteidiger Stefan H\u00f6rtnagl (43.). Mit seinem zweiten Tagestreffer gelang Eiterer das 3:0, der Abschluss des Offensivfl\u00fcgels wurde von einem Oberperfuss-Kicker abgef\u00e4lscht (56.).<\/p>\n<p>Das Finish geh\u00f6rte Mils-Tormaschine Angerer, der die Hausherren mit einem lupenreinen Hattrick innerhalb von elf Minuten dem\u00fctigte (76., 85., 87.). Den zwischenzeitlichen Ehrentreffer zum 1:4 markierte Stefan Kirchmair (80.).<\/p>\n<p>Bei aller Begeisterung um die momentan au\u00dferordentlich hungrige Offensivabteilung gilt auch der Hintermannschaft ein Lob. Die beiden Abwehrbosse Thomas Killinger und Stefan H\u00f6rtnagl lie\u00dfen nur wenig bis gar nichts zu.<\/p>\n<p>\u201cNat\u00fcrlich klingen sechs Gegentore nach einer harten Packung. Lange Zeit sah es aber gar nicht so schlimm aus\u201d, betont Oberperfuss-Coach Hannes Kirchmair, um zugleich festzuhalten: \u201cWir sind heuer sehr junf unterwegs. Und die Kollegen aus Mils haben mit Angerer einen Spieler dabei, der eine gro\u00dfartige Qualit\u00e4t mitbringt und den Unterschied ausmacht.\u201d<\/p>\n<p>Die Langzeit-Ausf\u00e4lle der beiden Stammakteure Marco Wegscheider und Felix Triendl rissen in tiefes Loch ins Team-Gef\u00fcge. Kirchmair hofft, zumindest Wegscheider in der ein oder anderen Herbstrunde noch einsetzen zu k\u00f6nnen.<\/p>\n<p>&nbsp;<\/p>\n<pre>(Bericht: www.fanreport.com)<\/pre>\n<p>&nbsp;<\/p>\n<p>&nbsp;<\/p>\n","protected":false},"excerpt":{"rendered":"<p>9 Punkte in 7 Tagen \u2014 der SC Mils freut sich nach dem 6:1\u2011Coup am Samstag in Oberperfuss \u00fcber eine perfekte Woche und darf die errungene Tabellenf\u00fchrung nun wohl behalten. Eiterer und Angerer versp\u00fcren momentan einen besonderen Torhunger.<\/p>\n","protected":false},"author":8,"featured_media":0,"comment_status":"open","ping_status":"closed","sticky":false,"template":"","format":"standard","meta":{"wp_typography_post_enhancements_disabled":false},"categories":[4],"tags":[],"_links":{"self":[{"href":"https:\/\/sv-oberperfuss.at\/fussball\/wp-json\/wp\/v2\/posts\/3084"}],"collection":[{"href":"https:\/\/sv-oberperfuss.at\/fussball\/wp-json\/wp\/v2\/posts"}],"about":[{"href":"https:\/\/sv-oberperfuss.at\/fussball\/wp-json\/wp\/v2\/types\/post"}],"author":[{"embeddable":true,"href":"https:\/\/sv-oberperfuss.at\/fussball\/wp-json\/wp\/v2\/users\/8"}],"replies":[{"embeddable":true,"href":"https:\/\/sv-oberperfuss.at\/fussball\/wp-json\/wp\/v2\/comments?post=3084"}],"version-history":[{"count":4,"href":"https:\/\/sv-oberperfuss.at\/fussball\/wp-json\/wp\/v2\/posts\/3084\/revisions"}],"predecessor-version":[{"id":3088,"href":"https:\/\/sv-oberperfuss.at\/fussball\/wp-json\/wp\/v2\/posts\/3084\/revisions\/3088"}],"wp:attachment":[{"href":"https:\/\/sv-oberperfuss.at\/fussball\/wp-json\/wp\/v2\/media?parent=3084"}],"wp:term":[{"taxonomy":"category","embeddable":true,"href":"https:\/\/sv-oberperfuss.at\/fussball\/wp-json\/wp\/v2\/categories?post=3084"},{"taxonomy":"post_tag","embeddable":true,"href":"https:\/\/sv-oberperfuss.at\/fussball\/wp-json\/wp\/v2\/tags?post=3084"}],"curies":[{"name":"wp","href":"https:\/\/api.w.org\/{rel}","templated":true}]}}