{"id":3080,"date":"2013-08-19T13:09:20","date_gmt":"2013-08-19T11:09:20","guid":{"rendered":"https:\/\/sv-oberperfuss.at\/fussball\/?p=3080"},"modified":"2013-08-19T13:10:03","modified_gmt":"2013-08-19T11:10:03","slug":"2-runde-nullnummer-in-oberperfuss","status":"publish","type":"post","link":"https:\/\/sv-oberperfuss.at\/fussball\/2-runde-nullnummer-in-oberperfuss\/","title":{"rendered":"2. Runde: Nullnummer in Oberperfuss"},"content":{"rendered":"<p>Der SV Oberperfuss und die SPG Innsbruck West trennten sich am Dienstagabend mit einem 0:0\u2011Unentschieden. Die Hausherren waren dem Sieg n\u00e4her, Spiegl und Andr\u00e4 vergaben die besten M\u00f6glichkeiten.<!--more--><\/p>\n<p>Never change a winning team \u2014 so dachte wohl auch Innsbruck-West-Coach Michael Schober, der nach dem erfolgreichen Auftakt in Thaur (3:2\u2011Sieg) nichts durcheinander wirbelte, dieselbe Elf auf das gr\u00fcne Rasenrechteck schickte.<\/p>\n<p>Beim n\u00e4chsten Spiel am Samstag in Volders gilt dieses Motto nicht mehr. Der Aufsteiger trotzte Oberperfuss aber zumindest ein torloses Remis&nbsp;ab.<\/p>\n<p>\u201cWir k\u00f6nnen damit leben. Den Punkt nehmen wir gerne mit\u201d, betont Schober im Telefonat mit FANREPORT. In Sachen Chancenanzahl hatten die Hausherren Vorteile, Christian Spiegl und Philipp Andr\u00e4 konnten ihre guten M\u00f6glichkeiten in Halbzeit eins jedoch nicht nutzen.<\/p>\n<p>\u201cWir sind selbst schuld\u201d, bedauert Oberperfuss-Chefbetreuer Hannes Kirchmair, \u201ctrotzdem steigerten wir uns im Vergleich zum Auftaktspiel um eine Klasse.\u201d<\/p>\n<div>W\u00e4hrend beim Gastgeber vor allem das zentrale Mittelfeld-Duo Clemens Mair und Georg Posch zu \u00fcberzeugen wusste, erreichte beim Liga-Neuling aus Innsbruck allenfals Torh\u00fcter Mario Nuderscher eine \u00fcberdurchschnittliche Form.<\/div>\n<p>&nbsp;<\/p>\n<p><a href=\"http:\/\/media1.fanreport.com\/at\/media\/YeOJ00IYR3jPee2dbulrFw\/278582\/kirchmair\/kirchmair.jpg\" rel=\"gallery[recap]\"><img title=\"kirchmair\" alt=\"kirchmair\" src=\"http:\/\/media1.fanreport.com\/at\/media\/xQEt1G-d0rxHOHUNL15sWitF_TEk1KwVmnPncxZr-dY\/278582\/kirchmair\/kirchmair.jpg\"><\/a><\/p>\n<div>Oberperfuss-Trainer Hannes Kirchmair attestierte seinen Sch\u00fctzlingen eine Steigerung.<\/div>\n<div><\/div>\n<pre>(Bericht: www.fanreport.com)<\/pre>\n<div><\/div>\n","protected":false},"excerpt":{"rendered":"<p>Der SV Oberperfuss und die SPG Innsbruck West trennten sich am Dienstagabend mit einem 0:0\u2011Unentschieden. Die Hausherren waren dem Sieg n\u00e4her, Spiegl und Andr\u00e4 vergaben die besten M\u00f6glichkeiten.<\/p>\n","protected":false},"author":8,"featured_media":0,"comment_status":"open","ping_status":"closed","sticky":false,"template":"","format":"standard","meta":{"wp_typography_post_enhancements_disabled":false},"categories":[4],"tags":[],"_links":{"self":[{"href":"https:\/\/sv-oberperfuss.at\/fussball\/wp-json\/wp\/v2\/posts\/3080"}],"collection":[{"href":"https:\/\/sv-oberperfuss.at\/fussball\/wp-json\/wp\/v2\/posts"}],"about":[{"href":"https:\/\/sv-oberperfuss.at\/fussball\/wp-json\/wp\/v2\/types\/post"}],"author":[{"embeddable":true,"href":"https:\/\/sv-oberperfuss.at\/fussball\/wp-json\/wp\/v2\/users\/8"}],"replies":[{"embeddable":true,"href":"https:\/\/sv-oberperfuss.at\/fussball\/wp-json\/wp\/v2\/comments?post=3080"}],"version-history":[{"count":3,"href":"https:\/\/sv-oberperfuss.at\/fussball\/wp-json\/wp\/v2\/posts\/3080\/revisions"}],"predecessor-version":[{"id":3083,"href":"https:\/\/sv-oberperfuss.at\/fussball\/wp-json\/wp\/v2\/posts\/3080\/revisions\/3083"}],"wp:attachment":[{"href":"https:\/\/sv-oberperfuss.at\/fussball\/wp-json\/wp\/v2\/media?parent=3080"}],"wp:term":[{"taxonomy":"category","embeddable":true,"href":"https:\/\/sv-oberperfuss.at\/fussball\/wp-json\/wp\/v2\/categories?post=3080"},{"taxonomy":"post_tag","embeddable":true,"href":"https:\/\/sv-oberperfuss.at\/fussball\/wp-json\/wp\/v2\/tags?post=3080"}],"curies":[{"name":"wp","href":"https:\/\/api.w.org\/{rel}","templated":true}]}}