{"id":3075,"date":"2013-08-12T12:03:03","date_gmt":"2013-08-12T10:03:03","guid":{"rendered":"https:\/\/sv-oberperfuss.at\/fussball\/?p=3075"},"modified":"2013-08-12T12:05:12","modified_gmt":"2013-08-12T10:05:12","slug":"volders-gelingt-mit-tiki-taka-ein-31-sieg-in-oberperfuss","status":"publish","type":"post","link":"https:\/\/sv-oberperfuss.at\/fussball\/volders-gelingt-mit-tiki-taka-ein-31-sieg-in-oberperfuss\/","title":{"rendered":"Volders gelingt mit Tiki-Taka ein 3:1\u2011Sieg in Oberperfuss"},"content":{"rendered":"<div>Volders entf\u00fchrte am Samstagnachmittag zum Auftakt drei Punkte aus Oberperfuss, gl\u00e4nzte dabei vor allem durch sehenswerte Tor-Kombinationen. Zwei Mal schlug Neo-Regisseur Radi zu, der in der Sommerpause aus der Reichenau zur Zimmermann-Elf wechselte.<!--more--><\/div>\n<p>Kurios, dass Offensivmann Stefan Kirchmair eigentlich bereits im Fr\u00fchjahr f\u00fcr Oberperfuss zum Torjubel ansetzen h\u00e4tte sollte, seine <a id=\"_GPLITA_1\" title=\"Click to Continue > by safesaver\" href=\"http:\/\/www.fanreport.com\/at\/tirol\/liga\/landesliga-west\/spielbericht\/volders-mit-tiki-taka-sieg-99108\/#\">Anmeldung<\/a> beim Verband jedoch verpatzt wurde. Jetzt sein F\u00fchrungstreffer in Minute 26 beim ersten Heimspiel der neuen Saison gegen Volders. Nach einem abgeblockten Freisto\u00df verwertete der linke Mittelfeldspieler den Nachschuss.<\/p>\n<p>Beide Teams hatten etwas gut zu machen. In der ersten Hauptrunde des Kerschdorfer Tirol Cups setzte es Blamagen: Beim 1:5 von Oberperfuss in L\u00e4ngenfeld war die H\u00f6he der Niederlage ausschlaggebend, bei Volders mit Bezirksligist Schmirn der unterklassige Gegner.<\/p>\n<p>Eine erfolgreichere Rehabilitation gelang Volders, das sich vom R\u00fcckstand nicht beirren lie\u00df, <a id=\"_GPLITA_0\" title=\"Click to Continue > by safesaver\" href=\"http:\/\/www.fanreport.com\/at\/tirol\/liga\/landesliga-west\/spielbericht\/volders-mit-tiki-taka-sieg-99108\/#\">weiter<\/a> das feine Offensivspiel an den Tag legte. Noch vor der Pause traf Sturmspitze Peter Sporer zum 1:1 (44.).<\/p>\n<p>In der zweiten Spielh\u00e4lfte dominierte die Elf von Trainer J\u00fcrgen Zimmermann, dr\u00fcckte Oberperfuss tief in die eigene H\u00e4lfte. Die logische Folge: Mit seinem Doppelpack entschied Spielmacher Kevin Radi die Partie zugunsten der Raika-Kicker. (67., 75.). Der Neuzugang aus der Reichenau erlebte damit einen perfekten Landesliga-Einstand.<\/p>\n<p>\u201cEr bringt uns weiter, macht die entscheidenden Tore\u201d, lobt Zimmermann, dessen Team es sich sogar leisten konnte, beim zwischenzeitlichen Unentschieden durch Manuel Streiter einen Foulelfmeter (Oberperfuss-Schlussmann Gerhard Lonauer parierte) zu versemmeln. Insbesondere die sehenswerten Volders-Tore, die \u00fcber mehrere Stationen herausgespielt wurden, beeindruckten. Zimmermann: \u201cDas war wirklich sehenswert.\u201d<\/p>\n<pre>(Bericht: www.fanreport.com)<\/pre>\n<p>&nbsp;<\/p>\n","protected":false},"excerpt":{"rendered":"<p>Volders entf\u00fchrte am Samstagnachmittag zum Auftakt drei Punkte aus Oberperfuss, gl\u00e4nzte dabei vor allem durch sehenswerte Tor-Kombinationen. Zwei Mal schlug Neo-Regisseur Radi zu, der in der Sommerpause aus der Reichenau zur Zimmermann-Elf wechselte.<\/p>\n","protected":false},"author":8,"featured_media":0,"comment_status":"open","ping_status":"closed","sticky":false,"template":"","format":"standard","meta":{"wp_typography_post_enhancements_disabled":false},"categories":[4],"tags":[],"_links":{"self":[{"href":"https:\/\/sv-oberperfuss.at\/fussball\/wp-json\/wp\/v2\/posts\/3075"}],"collection":[{"href":"https:\/\/sv-oberperfuss.at\/fussball\/wp-json\/wp\/v2\/posts"}],"about":[{"href":"https:\/\/sv-oberperfuss.at\/fussball\/wp-json\/wp\/v2\/types\/post"}],"author":[{"embeddable":true,"href":"https:\/\/sv-oberperfuss.at\/fussball\/wp-json\/wp\/v2\/users\/8"}],"replies":[{"embeddable":true,"href":"https:\/\/sv-oberperfuss.at\/fussball\/wp-json\/wp\/v2\/comments?post=3075"}],"version-history":[{"count":4,"href":"https:\/\/sv-oberperfuss.at\/fussball\/wp-json\/wp\/v2\/posts\/3075\/revisions"}],"predecessor-version":[{"id":3078,"href":"https:\/\/sv-oberperfuss.at\/fussball\/wp-json\/wp\/v2\/posts\/3075\/revisions\/3078"}],"wp:attachment":[{"href":"https:\/\/sv-oberperfuss.at\/fussball\/wp-json\/wp\/v2\/media?parent=3075"}],"wp:term":[{"taxonomy":"category","embeddable":true,"href":"https:\/\/sv-oberperfuss.at\/fussball\/wp-json\/wp\/v2\/categories?post=3075"},{"taxonomy":"post_tag","embeddable":true,"href":"https:\/\/sv-oberperfuss.at\/fussball\/wp-json\/wp\/v2\/tags?post=3075"}],"curies":[{"name":"wp","href":"https:\/\/api.w.org\/{rel}","templated":true}]}}