{"id":2921,"date":"2013-04-08T18:51:37","date_gmt":"2013-04-08T16:51:37","guid":{"rendered":"https:\/\/sv-oberperfuss.at\/fussball\/?p=2921"},"modified":"2013-04-08T18:51:37","modified_gmt":"2013-04-08T16:51:37","slug":"der-sv-krone-oberperfuss-startet-mit-einem-unentschieden-in-die-fruhjahrssaison","status":"publish","type":"post","link":"https:\/\/sv-oberperfuss.at\/fussball\/der-sv-krone-oberperfuss-startet-mit-einem-unentschieden-in-die-fruhjahrssaison\/","title":{"rendered":"Der SV Krone Oberperfuss startet mit einem Unentschieden in die Fr\u00fchjahrssaison:"},"content":{"rendered":"<div class=\"content_text_2_teasertext_1 content_text_2_teasertext_1_ow_1\">Der Innsbrucker AC sorgt nach dem handfesten Skandal f\u00fcr positive Schlagzeilen, die junge Truppe von Martin Gasser durfte aus Oberperfuss einen Punkt mitnehmen. Der Gastgeber hatte sich mehr erwartet, schlussendlich brachten ihn schwache 20 Minuten in die Bredouille.<!--more--><\/div>\n<p>Negatives Rampenlicht hatte der Innsbrucker AC zuletzt genug erfahren. Acht Spieler, darunter mit Kapit\u00e4n Eller und den Unterpertinger-Br\u00fcdern Michael und Thomas einige Hochkar\u00e4ter, hatten dem Verein nach Streitigkeiten mit dem Trainer den R\u00fccken gekehrt. Zumindest einer kam nun zur\u00fcck. Um Andreas Steindl hatte sich Coach Martin Gasser h\u00f6chstpers\u00f6nlich bem\u00fcht: \u201cIch war dahinter, denn ich habe diesen Spieler von der zweiten Mannschaft herangef\u00fchrt. Wir haben uns ausgesprochen.\u201d<\/p>\n<p>Gasser machte statt Eller Mittelfeldspieler Kazim Soyak zum neuen Kapit\u00e4n (\u201cEr hat die meiste Erfahrung\u201d). In seinem ersten Auftritt mit der Binde um den Arm zeigte sich, dass der IAC auch nach der gro\u00dfen Kickerabwanderung ein ernstzunehmender Landesligist ist.<\/p>\n<p>Beim Gastspiel in Oberperfuss verschliefen die Innsbrucker zwar die erste Halbzeit, lie\u00dfen den Gegner tief in die eigene H\u00e4lfte herein und gew\u00e4hrten ihm auch einige Torchancen, trotzdem gingen die jungen Ask\u00f6-Kicker in F\u00fchrung. Au\u00dfenverteidiger Yasin G\u00f6kdemir schlug eine ideale Flanke zum eingewechselten Florian Bednarik, der Oberperfuss-Torh\u00fcter Kristijan Basic per Kopf keine Chance lie\u00df (71.). Nur kurz darauf verpasste Spielmacher Boris Glavas die Vorentscheidung.<\/p>\n<p>\u201cWir hatten in der zweiten Halbzeit, in der auch das Gegentor fiel, eine ganz schwache Phase\u201d, blickt Gastgeber-Trainer Hannes Kirchmair zwiesp\u00e4ltig zur\u00fcck. Am Ende fiel dann zumindest der verdiente Ausgleich. Ein Weitschuss von Gregor Hupfauf f\u00fchrte zum 1:1\u2011Endstand (84.).<\/p>\n<p><span style=\"font-weight: bold\">Oberperfuss h\u00e4tte sich im ersten Heimspiel nach einer durchwachsenen Hinrunde freilich einen Sieg erwartet, mutig aufspielende Youngsters aus Innsbruck sowie schwache 20 Minuten in H\u00e4lfte zwei machten dieser Ambition jedoch einen Strich durch die Rechnung.<\/span><\/p>\n<p>&nbsp;<\/p>\n<pre>(Bericht: www.fanreport.at)<\/pre>\n","protected":false},"excerpt":{"rendered":"<p>Der Innsbrucker AC sorgt nach dem handfesten Skandal f\u00fcr positive Schlagzeilen, die junge Truppe von Martin Gasser durfte aus Oberperfuss einen Punkt mitnehmen. Der Gastgeber hatte sich mehr erwartet, schlussendlich brachten ihn schwache 20 Minuten in die Bredouille.<\/p>\n","protected":false},"author":8,"featured_media":0,"comment_status":"open","ping_status":"closed","sticky":false,"template":"","format":"standard","meta":{"wp_typography_post_enhancements_disabled":false},"categories":[4],"tags":[],"_links":{"self":[{"href":"https:\/\/sv-oberperfuss.at\/fussball\/wp-json\/wp\/v2\/posts\/2921"}],"collection":[{"href":"https:\/\/sv-oberperfuss.at\/fussball\/wp-json\/wp\/v2\/posts"}],"about":[{"href":"https:\/\/sv-oberperfuss.at\/fussball\/wp-json\/wp\/v2\/types\/post"}],"author":[{"embeddable":true,"href":"https:\/\/sv-oberperfuss.at\/fussball\/wp-json\/wp\/v2\/users\/8"}],"replies":[{"embeddable":true,"href":"https:\/\/sv-oberperfuss.at\/fussball\/wp-json\/wp\/v2\/comments?post=2921"}],"version-history":[{"count":4,"href":"https:\/\/sv-oberperfuss.at\/fussball\/wp-json\/wp\/v2\/posts\/2921\/revisions"}],"predecessor-version":[{"id":2925,"href":"https:\/\/sv-oberperfuss.at\/fussball\/wp-json\/wp\/v2\/posts\/2921\/revisions\/2925"}],"wp:attachment":[{"href":"https:\/\/sv-oberperfuss.at\/fussball\/wp-json\/wp\/v2\/media?parent=2921"}],"wp:term":[{"taxonomy":"category","embeddable":true,"href":"https:\/\/sv-oberperfuss.at\/fussball\/wp-json\/wp\/v2\/categories?post=2921"},{"taxonomy":"post_tag","embeddable":true,"href":"https:\/\/sv-oberperfuss.at\/fussball\/wp-json\/wp\/v2\/tags?post=2921"}],"curies":[{"name":"wp","href":"https:\/\/api.w.org\/{rel}","templated":true}]}}