{"id":264,"date":"2009-10-19T20:51:03","date_gmt":"2009-10-19T18:51:03","guid":{"rendered":"https:\/\/sv-oberperfuss.at\/fussball\/?p=264"},"modified":"2009-11-23T20:56:49","modified_gmt":"2009-11-23T18:56:49","slug":"sv-backer-ruetz-kematen-sv-krone-oberperfuss-32","status":"publish","type":"post","link":"https:\/\/sv-oberperfuss.at\/fussball\/sv-backer-ruetz-kematen-sv-krone-oberperfuss-32\/","title":{"rendered":"SV B\u00e4cker Ruetz Kematen : SV Krone Oberperfuss   2:3"},"content":{"rendered":"<p>In der 13. Runde der LLW&nbsp;kam es am Samstag, 17. 10. zum langersehnten Derby zwischen dem SV B\u00e4cker Ruetz Kematen und dem SV Krone Oberperfuss. Trotz tiefer Temperaturen wollten sich ca. 500 Zuseher dieses Spiel in der Kemater Fussballarena nicht entgehen lassen. Man konnte sich auf ein spannendes Derby freuen.<\/p>\n<p>Die Anfangsphase geh\u00f6rte klar dem SV Kematen. Die Oberperfer Abwehr kam mit dem anf\u00e4nglichen Offensivdrang des SV Kematen nicht zu Recht. Nach mehreren gef\u00e4hrlichen Angriffen \u00fcber die&nbsp;linke Seite war es in der 5. Minute so weit \u2014 eine Flanke&nbsp;konnte vom Oberperfer Schlussmann Alexander Lener nur kurz abgewehrt werden,&nbsp; irgendwie landete der Ball&nbsp;vor den F\u00fc\u00dfen von Martin Kleinhans, welcher den Ball trocken \u00fcber die Linie dr\u00fcckte.<!--more--><\/p>\n<p>Nach 20 Minuten hatte sich der&nbsp;SVO vom Schock des fr\u00fchen 1:0 erholt. Die erste wirkliche Torchance hatte Christian Spiegl in der 29. Minute. Nach perfektem Lochpass von Goran Duric stand Christian Spiegl pl\u00f6tzlich allein vor dem Kemater Geh\u00e4use. Zu zaghaft versuchte er den Torh\u00fcter zu umspielen und vergab diese Riesenm\u00f6glichkeit zum Ausgleich. Bitter wie sich sp\u00e4ter herausstellen sollte. Quasi im Gegenzug ein Konter des SV Kematen, abermals&nbsp;\u00fcber die linke Angriffsseite des SV Kematen. Die Oberperfer Abwehr konnte den Ball nicht kl\u00e4ren, ein Stanglpass landete bei Oliver Kuen, welcher aus kurzer Distanz zum 2:0 einschoss. Viele Zuschauer dachten, dass das Spiel damit wohl gelaufen&nbsp;w\u00e4re. Aber Oberperfuss gab nicht auf, k\u00e4mpfte weiter und hatte in weiterer Folge mehr Spielanteil. Knapp vor der Halbzeit gelang der verdiente Anschlusstreffer. Nach einem herrlichen Pass von Vladimir Duric&nbsp;konnte Marco Wegscheider in Minute 41 den Ball \u00fcber die Torlinie dr\u00fccken. Somit&nbsp;war der SV Oberperfuss zur\u00fcck im Spiel. Mit dem 2:1 ging es in die&nbsp;Pause.<\/p>\n<p>Der Beginn der 2. Halbzeit geh\u00f6rte wieder dem SV Oberperfuss. Der SV Kematen offenbar noch geschockt vom Anschlusstreffer vor der Halbzeit kam nicht richtig ins Spiel. In der 55. Minute abermals Jubel auf der Oberperfer Seite. Nach einem Einwurf konnte Hannes Kirchmair den Ball zur Mitte verl\u00e4ngern und Marco Wegscheider den Ball, diesmal per Kopf, im Kemater Geh\u00e4use unterbringen. In weiterer Folge versuchten beide Mannschaften die Entscheidung im Derby herbeizuf\u00fchren. Auf beiden Seiten gab es gute Chancen zum Siegtreffer. Als niemand mehr mit einem Sieger gerechnet hatte, machte aber Christian Spiegl alles klar.&nbsp; Einen hohen Ball vor dem 16er nahm er beherzt an, zog nach einem Haken am Kemater&nbsp; Abwehrspieler vorbei und der Ball&nbsp;konnte vom Tormann nur mehr ins eigene Tor&nbsp;abgelenkt werden. 2:3 f\u00fcr den SV Oberperfuss&nbsp;in der 92. Minute.<\/p>\n<p>\u00dcber beide Halbzeiten gesehen w\u00e4re ein Unentschieden gerecht gewesen. In einem Derby soll es jedoch einen Sieger geben, der, wenn auch gl\u00fccklich aber nicht unverdient SV Krone Oberperfuss heisst!<\/p>\n\n\t\t<style type=\"text\/css\">\n\t\t\t#gallery-1 {\n\t\t\t\tmargin: auto;\n\t\t\t}\n\t\t\t#gallery-1 .gallery-item {\n\t\t\t\tfloat: left;\n\t\t\t\tmargin-top: 10px;\n\t\t\t\ttext-align: center;\n\t\t\t\twidth: 25%;\n\t\t\t}\n\t\t\t#gallery-1 img {\n\t\t\t\tborder: 2px solid #cfcfcf;\n\t\t\t}\n\t\t\t#gallery-1 .gallery-caption {\n\t\t\t\tmargin-left: 0;\n\t\t\t}\n\t\t\t\/* see gallery_shortcode() in wp-includes\/media.php *\/\n\t\t<\/style>\n\t\t<div id=\"gallery-1\" class=\"gallery galleryid-264 gallery-columns-4 gallery-size-thumbnail\"><dl class=\"gallery-item\">\n\t\t\t<dt class=\"gallery-icon landscape\">\n\t\t\t\t<a href=\"https:\/\/sv-oberperfuss.at\/fussball\/files\/2009\/10\/14.jpg\"><img width=\"150\" height=\"150\" src=\"https:\/\/sv-oberperfuss.at\/fussball\/files\/2009\/10\/14-150x150.jpg\" class=\"attachment-thumbnail size-thumbnail\" alt loading=\"lazy\"><\/a>\n\t\t\t<\/dt><\/dl><dl class=\"gallery-item\">\n\t\t\t<dt class=\"gallery-icon landscape\">\n\t\t\t\t<a href=\"https:\/\/sv-oberperfuss.at\/fussball\/files\/2009\/10\/11.jpg\"><img width=\"150\" height=\"150\" src=\"https:\/\/sv-oberperfuss.at\/fussball\/files\/2009\/10\/11-150x150.jpg\" class=\"attachment-thumbnail size-thumbnail\" alt loading=\"lazy\"><\/a>\n\t\t\t<\/dt><\/dl><dl class=\"gallery-item\">\n\t\t\t<dt class=\"gallery-icon landscape\">\n\t\t\t\t<a href=\"https:\/\/sv-oberperfuss.at\/fussball\/files\/2009\/10\/08.jpg\"><img width=\"150\" height=\"150\" src=\"https:\/\/sv-oberperfuss.at\/fussball\/files\/2009\/10\/08-150x150.jpg\" class=\"attachment-thumbnail size-thumbnail\" alt loading=\"lazy\"><\/a>\n\t\t\t<\/dt><\/dl><dl class=\"gallery-item\">\n\t\t\t<dt class=\"gallery-icon landscape\">\n\t\t\t\t<a href=\"https:\/\/sv-oberperfuss.at\/fussball\/files\/2009\/10\/03.jpg\"><img width=\"150\" height=\"150\" src=\"https:\/\/sv-oberperfuss.at\/fussball\/files\/2009\/10\/03-150x150.jpg\" class=\"attachment-thumbnail size-thumbnail\" alt loading=\"lazy\"><\/a>\n\t\t\t<\/dt><\/dl><br style=\"clear: both\"><dl class=\"gallery-item\">\n\t\t\t<dt class=\"gallery-icon portrait\">\n\t\t\t\t<a href=\"https:\/\/sv-oberperfuss.at\/fussball\/files\/2009\/10\/09.jpg\"><img width=\"150\" height=\"150\" src=\"https:\/\/sv-oberperfuss.at\/fussball\/files\/2009\/10\/09-150x150.jpg\" class=\"attachment-thumbnail size-thumbnail\" alt loading=\"lazy\"><\/a>\n\t\t\t<\/dt><\/dl><dl class=\"gallery-item\">\n\t\t\t<dt class=\"gallery-icon landscape\">\n\t\t\t\t<a href=\"https:\/\/sv-oberperfuss.at\/fussball\/files\/2009\/10\/10.jpg\"><img width=\"150\" height=\"150\" src=\"https:\/\/sv-oberperfuss.at\/fussball\/files\/2009\/10\/10-150x150.jpg\" class=\"attachment-thumbnail size-thumbnail\" alt loading=\"lazy\"><\/a>\n\t\t\t<\/dt><\/dl><dl class=\"gallery-item\">\n\t\t\t<dt class=\"gallery-icon landscape\">\n\t\t\t\t<a href=\"https:\/\/sv-oberperfuss.at\/fussball\/files\/2009\/10\/12.jpg\"><img width=\"150\" height=\"150\" src=\"https:\/\/sv-oberperfuss.at\/fussball\/files\/2009\/10\/12-150x150.jpg\" class=\"attachment-thumbnail size-thumbnail\" alt loading=\"lazy\"><\/a>\n\t\t\t<\/dt><\/dl><dl class=\"gallery-item\">\n\t\t\t<dt class=\"gallery-icon landscape\">\n\t\t\t\t<a href=\"https:\/\/sv-oberperfuss.at\/fussball\/files\/2009\/10\/13.jpg\"><img width=\"150\" height=\"150\" src=\"https:\/\/sv-oberperfuss.at\/fussball\/files\/2009\/10\/13-150x150.jpg\" class=\"attachment-thumbnail size-thumbnail\" alt loading=\"lazy\"><\/a>\n\t\t\t<\/dt><\/dl><br style=\"clear: both\"><dl class=\"gallery-item\">\n\t\t\t<dt class=\"gallery-icon landscape\">\n\t\t\t\t<a href=\"https:\/\/sv-oberperfuss.at\/fussball\/files\/2009\/10\/15.jpg\"><img width=\"150\" height=\"150\" src=\"https:\/\/sv-oberperfuss.at\/fussball\/files\/2009\/10\/15-150x150.jpg\" class=\"attachment-thumbnail size-thumbnail\" alt loading=\"lazy\"><\/a>\n\t\t\t<\/dt><\/dl><dl class=\"gallery-item\">\n\t\t\t<dt class=\"gallery-icon landscape\">\n\t\t\t\t<a href=\"https:\/\/sv-oberperfuss.at\/fussball\/files\/2009\/10\/17.jpg\"><img width=\"150\" height=\"150\" src=\"https:\/\/sv-oberperfuss.at\/fussball\/files\/2009\/10\/17-150x150.jpg\" class=\"attachment-thumbnail size-thumbnail\" alt loading=\"lazy\"><\/a>\n\t\t\t<\/dt><\/dl><dl class=\"gallery-item\">\n\t\t\t<dt class=\"gallery-icon landscape\">\n\t\t\t\t<a href=\"https:\/\/sv-oberperfuss.at\/fussball\/files\/2009\/10\/21.jpg\"><img width=\"150\" height=\"150\" src=\"https:\/\/sv-oberperfuss.at\/fussball\/files\/2009\/10\/21-150x150.jpg\" class=\"attachment-thumbnail size-thumbnail\" alt loading=\"lazy\"><\/a>\n\t\t\t<\/dt><\/dl><dl class=\"gallery-item\">\n\t\t\t<dt class=\"gallery-icon landscape\">\n\t\t\t\t<a href=\"https:\/\/sv-oberperfuss.at\/fussball\/files\/2009\/10\/22.jpg\"><img width=\"150\" height=\"150\" src=\"https:\/\/sv-oberperfuss.at\/fussball\/files\/2009\/10\/22-150x150.jpg\" class=\"attachment-thumbnail size-thumbnail\" alt loading=\"lazy\"><\/a>\n\t\t\t<\/dt><\/dl><br style=\"clear: both\"><dl class=\"gallery-item\">\n\t\t\t<dt class=\"gallery-icon landscape\">\n\t\t\t\t<a href=\"https:\/\/sv-oberperfuss.at\/fussball\/files\/2009\/10\/23.jpg\"><img width=\"150\" height=\"150\" src=\"https:\/\/sv-oberperfuss.at\/fussball\/files\/2009\/10\/23-150x150.jpg\" class=\"attachment-thumbnail size-thumbnail\" alt loading=\"lazy\"><\/a>\n\t\t\t<\/dt><\/dl><dl class=\"gallery-item\">\n\t\t\t<dt class=\"gallery-icon landscape\">\n\t\t\t\t<a href=\"https:\/\/sv-oberperfuss.at\/fussball\/files\/2009\/10\/25.jpg\"><img width=\"150\" height=\"150\" src=\"https:\/\/sv-oberperfuss.at\/fussball\/files\/2009\/10\/25-150x150.jpg\" class=\"attachment-thumbnail size-thumbnail\" alt loading=\"lazy\"><\/a>\n\t\t\t<\/dt><\/dl><dl class=\"gallery-item\">\n\t\t\t<dt class=\"gallery-icon landscape\">\n\t\t\t\t<a href=\"https:\/\/sv-oberperfuss.at\/fussball\/files\/2009\/10\/28.jpg\"><img width=\"150\" height=\"150\" src=\"https:\/\/sv-oberperfuss.at\/fussball\/files\/2009\/10\/28-150x150.jpg\" class=\"attachment-thumbnail size-thumbnail\" alt loading=\"lazy\"><\/a>\n\t\t\t<\/dt><\/dl><dl class=\"gallery-item\">\n\t\t\t<dt class=\"gallery-icon landscape\">\n\t\t\t\t<a href=\"https:\/\/sv-oberperfuss.at\/fussball\/files\/2009\/10\/30.jpg\"><img width=\"150\" height=\"150\" src=\"https:\/\/sv-oberperfuss.at\/fussball\/files\/2009\/10\/30-150x150.jpg\" class=\"attachment-thumbnail size-thumbnail\" alt loading=\"lazy\"><\/a>\n\t\t\t<\/dt><\/dl><br style=\"clear: both\"><dl class=\"gallery-item\">\n\t\t\t<dt class=\"gallery-icon landscape\">\n\t\t\t\t<a href=\"https:\/\/sv-oberperfuss.at\/fussball\/files\/2009\/10\/31.jpg\"><img width=\"150\" height=\"150\" src=\"https:\/\/sv-oberperfuss.at\/fussball\/files\/2009\/10\/31-150x150.jpg\" class=\"attachment-thumbnail size-thumbnail\" alt loading=\"lazy\"><\/a>\n\t\t\t<\/dt><\/dl><dl class=\"gallery-item\">\n\t\t\t<dt class=\"gallery-icon landscape\">\n\t\t\t\t<a href=\"https:\/\/sv-oberperfuss.at\/fussball\/files\/2009\/10\/34.jpg\"><img width=\"150\" height=\"150\" src=\"https:\/\/sv-oberperfuss.at\/fussball\/files\/2009\/10\/34-150x150.jpg\" class=\"attachment-thumbnail size-thumbnail\" alt loading=\"lazy\"><\/a>\n\t\t\t<\/dt><\/dl><dl class=\"gallery-item\">\n\t\t\t<dt class=\"gallery-icon landscape\">\n\t\t\t\t<a href=\"https:\/\/sv-oberperfuss.at\/fussball\/files\/2009\/10\/36.jpg\"><img width=\"150\" height=\"150\" src=\"https:\/\/sv-oberperfuss.at\/fussball\/files\/2009\/10\/36-150x150.jpg\" class=\"attachment-thumbnail size-thumbnail\" alt loading=\"lazy\"><\/a>\n\t\t\t<\/dt><\/dl><dl class=\"gallery-item\">\n\t\t\t<dt class=\"gallery-icon landscape\">\n\t\t\t\t<a href=\"https:\/\/sv-oberperfuss.at\/fussball\/files\/2009\/10\/37.jpg\"><img width=\"150\" height=\"150\" src=\"https:\/\/sv-oberperfuss.at\/fussball\/files\/2009\/10\/37-150x150.jpg\" class=\"attachment-thumbnail size-thumbnail\" alt loading=\"lazy\"><\/a>\n\t\t\t<\/dt><\/dl><br style=\"clear: both\"><dl class=\"gallery-item\">\n\t\t\t<dt class=\"gallery-icon landscape\">\n\t\t\t\t<a href=\"https:\/\/sv-oberperfuss.at\/fussball\/files\/2009\/10\/40.jpg\"><img width=\"150\" height=\"150\" src=\"https:\/\/sv-oberperfuss.at\/fussball\/files\/2009\/10\/40-150x150.jpg\" class=\"attachment-thumbnail size-thumbnail\" alt loading=\"lazy\"><\/a>\n\t\t\t<\/dt><\/dl>\n\t\t\t<br style=\"clear: both\">\n\t\t<\/div>\n\n<p><img src=\"..\/wp-includes\/js\/tinymce\/plugins\/wpgallery\/img\/t.gif\" alt><\/p>\n","protected":false},"excerpt":{"rendered":"<p>In der 13. Runde der LLW&nbsp;kam es am Samstag, 17. 10. zum langersehnten Derby zwischen dem SV B\u00e4cker Ruetz Kematen und dem SV Krone Oberperfuss. Trotz tiefer Temperaturen wollten sich ca. 500 Zuseher dieses Spiel in der Kemater Fussballarena nicht entgehen lassen. Man konnte sich auf ein spannendes Derby freuen. Die Anfangsphase geh\u00f6rte klar&nbsp;dem&nbsp;[\u2026]<\/p>\n","protected":false},"author":8,"featured_media":0,"comment_status":"open","ping_status":"closed","sticky":false,"template":"","format":"standard","meta":{"wp_typography_post_enhancements_disabled":false},"categories":[4],"tags":[],"_links":{"self":[{"href":"https:\/\/sv-oberperfuss.at\/fussball\/wp-json\/wp\/v2\/posts\/264"}],"collection":[{"href":"https:\/\/sv-oberperfuss.at\/fussball\/wp-json\/wp\/v2\/posts"}],"about":[{"href":"https:\/\/sv-oberperfuss.at\/fussball\/wp-json\/wp\/v2\/types\/post"}],"author":[{"embeddable":true,"href":"https:\/\/sv-oberperfuss.at\/fussball\/wp-json\/wp\/v2\/users\/8"}],"replies":[{"embeddable":true,"href":"https:\/\/sv-oberperfuss.at\/fussball\/wp-json\/wp\/v2\/comments?post=264"}],"version-history":[{"count":8,"href":"https:\/\/sv-oberperfuss.at\/fussball\/wp-json\/wp\/v2\/posts\/264\/revisions"}],"predecessor-version":[{"id":300,"href":"https:\/\/sv-oberperfuss.at\/fussball\/wp-json\/wp\/v2\/posts\/264\/revisions\/300"}],"wp:attachment":[{"href":"https:\/\/sv-oberperfuss.at\/fussball\/wp-json\/wp\/v2\/media?parent=264"}],"wp:term":[{"taxonomy":"category","embeddable":true,"href":"https:\/\/sv-oberperfuss.at\/fussball\/wp-json\/wp\/v2\/categories?post=264"},{"taxonomy":"post_tag","embeddable":true,"href":"https:\/\/sv-oberperfuss.at\/fussball\/wp-json\/wp\/v2\/tags?post=264"}],"curies":[{"name":"wp","href":"https:\/\/api.w.org\/{rel}","templated":true}]}}