{"id":2276,"date":"2012-03-13T15:28:50","date_gmt":"2012-03-13T13:28:50","guid":{"rendered":"https:\/\/sv-oberperfuss.at\/fussball\/?p=2276"},"modified":"2012-03-14T18:52:31","modified_gmt":"2012-03-14T16:52:31","slug":"wintervorbereitung-kampfmannschaft-sv-krone-oberperfuss","status":"publish","type":"post","link":"https:\/\/sv-oberperfuss.at\/fussball\/wintervorbereitung-kampfmannschaft-sv-krone-oberperfuss\/","title":{"rendered":"Fr\u00fchjahrsvorbereitung der Kampfmannschaft SV Krone Oberperfuss"},"content":{"rendered":"<p>Nach durchwachsenem Herbstdurchgang, mit dem sich weder Trainerteam noch Mannschaft zufrieden geben konnten, starteten wir unsere Fr\u00fchjahrsvorbereitung bereits Anfang Dezember mit unseren ersten Einheiten. \u00dcber 20 Laufeinheiten konnten bis jetzt durchgef\u00fchrt werden.&nbsp; Seit J\u00e4nner konnten wir je 1x pro Woche den Kunstrasen in Kematen und den MZS in Oberperfuss f\u00fcr Trainingseinheiten nutzen. Alternative Trainings wie Eishockey (in V\u00f6ls) oder Rodeln (am Rangger K\u00f6pfl) wurden mit demselben Einsatz wie das fussballspezifische Training angenommen.<!--more--><\/p>\n<p>Eine hohe Trainingsbeteiligung von weit mehr als 80% erfreut das Trainerteam. Insgesamt haben wir bis jetzt&nbsp; (01.03.2012) 40 Trainingseinheiten in den Beinen.<\/p>\n<p>Auch Trainingsspiele konnten in letzten Wochen absolviert werden:<\/p>\n<p>2:6 gg. Matrei,&nbsp;&nbsp;&nbsp;&nbsp;&nbsp;&nbsp;&nbsp;&nbsp;&nbsp;&nbsp; 4:4 gg. V\u00f6ls und&nbsp;&nbsp;&nbsp;&nbsp;&nbsp;&nbsp;&nbsp;&nbsp; 4:2 gg. Oberhofen.<\/p>\n<p>Der H\u00f6hepunkt der Vorbereitung findet jedoch n\u00e4chste Woche statt. Nahezu der gesamte Kader der KM1 packt seine Koffer und verabschiedet sich in die hoffentlich schneefreie, sonnige T\u00fcrkei. Nachdem in Oberperfuss der Rasenplatz wahrscheinlich noch l\u00e4nger nicht bespielbar sein wird, ist dies die perfekte M\u00f6glichkeit endlich wieder Rasen unter den Fussballschuhen zu sp\u00fcren. In einer eigens f\u00fcr Fussball ausgerichteten Anlage mit 5 Trainingspl\u00e4tzen sollten uns somit perfekte Bedingungen f\u00fcr eine optimale Trainingswoche geboten werden.<\/p>\n<p>Wir m\u00f6chten uns hiermit bereits bei all den G\u00f6nnern bedanken, welche &nbsp;dieses Trainingslager unterst\u00fctzen.<\/p>\n<p>Ein genauer Bericht vom Trainingslager folgt.<\/p>\n<p>Mit sportlichen Gr\u00fc\u00dfen<\/p>\n<p>Kirchmair Hannes<\/p>\n<p>Trainer KM1<\/p>\n","protected":false},"excerpt":{"rendered":"<p>Nach durchwachsenem Herbstdurchgang, mit dem sich weder Trainerteam noch Mannschaft zufrieden geben konnten, starteten wir unsere Fr\u00fchjahrsvorbereitung bereits Anfang Dezember mit unseren ersten Einheiten. \u00dcber 20 Laufeinheiten konnten bis jetzt durchgef\u00fchrt werden.&nbsp; Seit J\u00e4nner konnten wir je 1x pro Woche den Kunstrasen in Kematen und den MZS in Oberperfuss f\u00fcr Trainingseinheiten nutzen. Alternative Trainings wie&nbsp;[\u2026]<\/p>\n","protected":false},"author":8,"featured_media":0,"comment_status":"open","ping_status":"closed","sticky":false,"template":"","format":"standard","meta":{"wp_typography_post_enhancements_disabled":false},"categories":[4],"tags":[],"_links":{"self":[{"href":"https:\/\/sv-oberperfuss.at\/fussball\/wp-json\/wp\/v2\/posts\/2276"}],"collection":[{"href":"https:\/\/sv-oberperfuss.at\/fussball\/wp-json\/wp\/v2\/posts"}],"about":[{"href":"https:\/\/sv-oberperfuss.at\/fussball\/wp-json\/wp\/v2\/types\/post"}],"author":[{"embeddable":true,"href":"https:\/\/sv-oberperfuss.at\/fussball\/wp-json\/wp\/v2\/users\/8"}],"replies":[{"embeddable":true,"href":"https:\/\/sv-oberperfuss.at\/fussball\/wp-json\/wp\/v2\/comments?post=2276"}],"version-history":[{"count":6,"href":"https:\/\/sv-oberperfuss.at\/fussball\/wp-json\/wp\/v2\/posts\/2276\/revisions"}],"predecessor-version":[{"id":2283,"href":"https:\/\/sv-oberperfuss.at\/fussball\/wp-json\/wp\/v2\/posts\/2276\/revisions\/2283"}],"wp:attachment":[{"href":"https:\/\/sv-oberperfuss.at\/fussball\/wp-json\/wp\/v2\/media?parent=2276"}],"wp:term":[{"taxonomy":"category","embeddable":true,"href":"https:\/\/sv-oberperfuss.at\/fussball\/wp-json\/wp\/v2\/categories?post=2276"},{"taxonomy":"post_tag","embeddable":true,"href":"https:\/\/sv-oberperfuss.at\/fussball\/wp-json\/wp\/v2\/tags?post=2276"}],"curies":[{"name":"wp","href":"https:\/\/api.w.org\/{rel}","templated":true}]}}