{"id":2202,"date":"2011-11-09T22:09:53","date_gmt":"2011-11-09T20:09:53","guid":{"rendered":"https:\/\/sv-oberperfuss.at\/fussball\/?p=2202"},"modified":"2011-11-10T20:08:50","modified_gmt":"2011-11-10T18:08:50","slug":"unser-nachwuchs-in-der-herbstsaison-2011","status":"publish","type":"post","link":"https:\/\/sv-oberperfuss.at\/fussball\/unser-nachwuchs-in-der-herbstsaison-2011\/","title":{"rendered":"Unser Nachwuchs in der Herbstsaison 2011"},"content":{"rendered":"<h2>\u201eKindergarten\u201c<\/h2>\n<p>Christian Heis und Matthias Gogg trainieren mit Hilfe von Hannes Klei\u00dfl (und Papa Christoph Hupfauf) die J\u00fcngsten unseres Vereins. Bei einer Trainingsbeteiligung von 8\u201310 Kindern im Alter von 4\u20136 Jahren machen die ersten fu\u00dfballerischen Spielz\u00fcge viel Spa\u00df. Spielerisches Anpassen an das runde Leder steht mit lustigen Aktionen im Vordergrund. Laut Trainern ist die Tendenz steigend, so dass wieder einige \u201ekleine Messis\u201c hervorkommen k\u00f6nnen.<!--more--><\/p>\n<p>&nbsp;<\/p>\n<h2>U8<\/h2>\n<p>Matthias Schl\u00f6gl und Heis Dominik freuen sich bei jedem Training (3 pro Woche) \u00fcber zirka 9 fr\u00f6hliche Kinder. Ganz klar: der Spa\u00dffaktor steht an erster Stelle. Bei 4 Turnieren (Zirl, Hatting, Telfs und&nbsp; Kematen) durften die Jungs ihr K\u00f6nnen unter Beweis stellen.<br>\nZu Beginn der Saison mussten hohe Niederlagen beispielsweise gegen Wattens eingesteckt werden, doch die super Truppe verzagte nicht und bei den Duellen gegen andere Dorfmannschaften wurde sofort klar, dass die Oberperfer gut drauf sind. Beispielsweise das Turnier in Zirl verlief f\u00fcr unsere Mannschaft sehr gut. Am Ende kann man auf eine gute Saison mit laufendem Fortschritt zur\u00fcck blicken. Besonderer Dank gilt den Eltern, die die Kinder immer bestens betreuen (Taxi spielen) und den Trainern unter die Arme greifen (Aufbauhilfe). Im Winter hoffen die Trainer auf ein w\u00f6chentliches Hallentraining, speziell freuen sie sich aber auf die kommende Fr\u00fchjahrssaison.<\/p>\n<p>&nbsp;<\/p>\n<h2>U9<\/h2>\n<p>Die U9 ist unter der der Aufsicht von Christian \u201eGusti\u201c Spiegl mit einem Kader von 10 Jungs in die Saison 2011\/2012 gestartet. Nach einer Niederlage im ersten Spiel gegen Zirl konnten alle weiteren Spiele gewonnen werden. Trainiert wurde 3x w\u00f6chentlich. Aufgrund der Trainingsbeteiligung (immer 8\u201310 Kinder pro Training) merkt man, dass Fu\u00dfball den Kindern gro\u00dfen Spa\u00df macht, daher freut sich auch der Trainer schon riesig auf die R\u00fcckrunde im Fr\u00fchjahr. Zur Belohnung wurde die tolle Herbstsaison mit einem gemeinsamen Abendessen beim Klei\u00dfl abgerundet.<!--more--><\/p>\n<p>&nbsp;<\/p>\n<h2>U10 und&nbsp;U11<\/h2>\n<p>Werner Heis, Clemens Mair und Hermann Plunser trainieren die Jahrg\u00e4nge 2001 und 2002 und haben f\u00fcr die Saison 2011\/2012 zwei Mannschaften (U10 und U11) gemeldet. Im 15-k\u00f6pfigen Mannschaftskader findet man auch 2 M\u00e4dels. Der relativ kleine Kader f\u00fcr 2 Mannschaften erm\u00f6glicht viele Spielminuten f\u00fcr jeden Einzelnen. Die jungen Talente sind topmotiviert und so verzeihen sie sich selbst fast keine Niederlage. Diese geh\u00f6ren aber zum Sport und umso gr\u00f6\u00dfer ist dann die Freude \u00fcber einen Sieg. Wen\u2019s interessiert: beide Teams sind in der Tabelle nach der Herbstsaison im Mittelfeld zu finden.<\/p>\n<p>&nbsp;<\/p>\n<h2>U13<\/h2>\n<p>Mit der abgelaufenen Herbstsaison der U13 kann das Trainerteam, Marco Wegscheider und K\u00f6gler Dominik durchaus zufrieden in die Winterpause gehen. 4 Siegen stehen 2 Unentschieden und 2 Niederlagen gegen\u00fcber \u2013 und somit der resultierende 4. Tabellenplatz (von 9 Mannschaften).<br>\nIn den letzten Monaten stand die Umstellung auf das \u201eGro\u00dffeld\u201c im Vordergrund. Dass man keiner der gegnerischen Mannschaften gegen\u00fcber unterlegen war, sollte genug Energie und Freude f\u00fcr die angehende Fr\u00fchjahrssaison sein. Die Einstellung zum Fu\u00dfball und die dazu geh\u00f6rende Motivation sind an der Trainingsbeteiligung ersichtlich: teilweise 18 Kinder beim Training \u2014 3mal\/Woche + Spiel \u2014 16 Wochen (Herbstsaison).<br>\nDie nun verdiente Pause wird mit dem Trainingsauftakt in der Halle im Dezember beendet!&nbsp;\ud83d\ude09<\/p>\n<table style=\"width: 518px;height: 313px\" border=\"1\" cellpadding=\"0\">\n<tbody>\n<tr>\n<td>&nbsp;<\/td>\n<td><strong>U13 Gruppe 3<\/strong><\/td>\n<td><strong>Sp.<\/strong><\/td>\n<td><strong>S<\/strong><\/td>\n<td><strong>U<\/strong><\/td>\n<td><strong>N<\/strong><\/td>\n<td><strong>Tore<\/strong><\/td>\n<td><strong>+\/-<\/strong><\/td>\n<td><strong>Pkt.<\/strong><\/td>\n<\/tr>\n<tr>\n<td><strong>1<\/strong><\/td>\n<td><strong><a href=\"http:\/\/www.fussballoesterreich.at\/datenservice\/portal\/verein\/aktuelles.ds?vereinsNr=6053&amp;sektionsId=485215725|665235578287452570&amp;awVerband=T_\" target=\"_blank\">SPG Stams\/Rietz<\/a><\/strong><\/td>\n<td><strong>8<\/strong><\/td>\n<td><strong>7<\/strong><\/td>\n<td><strong>1<\/strong><\/td>\n<td><strong>0<\/strong><\/td>\n<td><strong>47:6<\/strong><\/td>\n<td><strong>41<\/strong><\/td>\n<td><strong>22<\/strong><\/td>\n<\/tr>\n<tr>\n<td><strong>2<\/strong><\/td>\n<td><strong><a href=\"http:\/\/www.fussballoesterreich.at\/datenservice\/portal\/verein\/aktuelles.ds?vereinsNr=6070&amp;sektionsId=485215725|665235928058852129&amp;awVerband=T_\" target=\"_blank\">Union Innsbruck<\/a><\/strong><\/td>\n<td><strong>8<\/strong><\/td>\n<td><strong>5<\/strong><\/td>\n<td><strong>2<\/strong><\/td>\n<td><strong>1<\/strong><\/td>\n<td><strong>29:12<\/strong><\/td>\n<td><strong>17<\/strong><\/td>\n<td><strong>17<\/strong><\/td>\n<\/tr>\n<tr>\n<td><strong>3<\/strong><\/td>\n<td><strong><a href=\"http:\/\/www.fussballoesterreich.at\/datenservice\/portal\/verein\/aktuelles.ds?vereinsNr=6032&amp;sektionsId=485215725|665235589830177193&amp;awVerband=T_\" target=\"_blank\">Steinach<\/a><\/strong><\/td>\n<td><strong>8<\/strong><\/td>\n<td><strong>5<\/strong><\/td>\n<td><strong>1<\/strong><\/td>\n<td><strong>2<\/strong><\/td>\n<td><strong>44:14<\/strong><\/td>\n<td><strong>30<\/strong><\/td>\n<td><strong>16<\/strong><\/td>\n<\/tr>\n<tr>\n<td><strong>4<\/strong><\/td>\n<td><strong><a href=\"http:\/\/www.fussballoesterreich.at\/datenservice\/portal\/verein\/aktuelles.ds?vereinsNr=6057&amp;sektionsId=485215725|665234694597930480&amp;awVerband=T_\" target=\"_blank\">SPG Oberperfuss\/Kematen\/Sellraintal<\/a><\/strong><\/td>\n<td><strong>8<\/strong><\/td>\n<td><strong>4<\/strong><\/td>\n<td><strong>2<\/strong><\/td>\n<td><strong>2<\/strong><\/td>\n<td><strong>20:8<\/strong><\/td>\n<td><strong>12<\/strong><\/td>\n<td><strong>14<\/strong><\/td>\n<\/tr>\n<tr>\n<td><strong>5<\/strong><\/td>\n<td><strong><a href=\"http:\/\/www.fussballoesterreich.at\/datenservice\/portal\/verein\/aktuelles.ds?vereinsNr=6075&amp;sektionsId=485215725|665236014226633620&amp;awVerband=T_\" target=\"_blank\">SPG Veldidena\/Wilten<\/a><\/strong><\/td>\n<td><strong>8<\/strong><\/td>\n<td><strong>4<\/strong><\/td>\n<td><strong>0<\/strong><\/td>\n<td><strong>4<\/strong><\/td>\n<td><strong>37:27<\/strong><\/td>\n<td><strong>10<\/strong><\/td>\n<td><strong>12<\/strong><\/td>\n<\/tr>\n<tr>\n<td><strong>6<\/strong><\/td>\n<td><strong><a href=\"http:\/\/www.fussballoesterreich.at\/datenservice\/portal\/verein\/aktuelles.ds?vereinsNr=6121&amp;sektionsId=485215725|665233600455010681&amp;awVerband=T_\" target=\"_blank\">SPG Westl. Mittelgebirge<\/a><\/strong><\/td>\n<td><strong>8<\/strong><\/td>\n<td><strong>3<\/strong><\/td>\n<td><strong>2<\/strong><\/td>\n<td><strong>3<\/strong><\/td>\n<td><strong>14:15<\/strong><\/td>\n<td><strong>-1<\/strong><\/td>\n<td><strong>11<\/strong><\/td>\n<\/tr>\n<tr>\n<td><strong>7<\/strong><\/td>\n<td><strong><a href=\"http:\/\/www.fussballoesterreich.at\/datenservice\/portal\/verein\/aktuelles.ds?vereinsNr=6047&amp;sektionsId=485215725|665234610846068109&amp;awVerband=T_\" target=\"_blank\">SPG Neustift\/Fulpmes<\/a><\/strong><\/td>\n<td><strong>8<\/strong><\/td>\n<td><strong>3<\/strong><\/td>\n<td><strong>0<\/strong><\/td>\n<td><strong>5<\/strong><\/td>\n<td><strong>18:29<\/strong><\/td>\n<td><strong>-11<\/strong><\/td>\n<td><strong>9<\/strong><\/td>\n<\/tr>\n<tr>\n<td><strong>8<\/strong><\/td>\n<td><strong><a href=\"http:\/\/www.fussballoesterreich.at\/datenservice\/portal\/verein\/aktuelles.ds?vereinsNr=6141&amp;sektionsId=485215725|665235208920264747&amp;awVerband=T_\" target=\"_blank\">Schmirn<\/a><\/strong><\/td>\n<td><strong>8<\/strong><\/td>\n<td><strong>1<\/strong><\/td>\n<td><strong>0<\/strong><\/td>\n<td><strong>7<\/strong><\/td>\n<td><strong>4:66<\/strong><\/td>\n<td><strong>-62<\/strong><\/td>\n<td><strong>3<\/strong><\/td>\n<\/tr>\n<tr>\n<td><strong>9<\/strong><\/td>\n<td><strong><a href=\"http:\/\/www.fussballoesterreich.at\/datenservice\/portal\/verein\/aktuelles.ds?vereinsNr=6202&amp;sektionsId=485215725|665234426162474205&amp;awVerband=T_\" target=\"_blank\">SPG Mieminger Plateau&nbsp;<\/a><\/strong><\/td>\n<td><strong>8<\/strong><\/td>\n<td><strong>0<\/strong><\/td>\n<td><strong>0<\/strong><\/td>\n<td><strong>8<\/strong><\/td>\n<td><strong>10:46<\/strong><\/td>\n<td><strong>-36<\/strong><\/td>\n<td><strong>0<\/strong><\/td>\n<\/tr>\n<\/tbody>\n<\/table>\n<p>&nbsp;<\/p>\n<h2>U15<\/h2>\n<p>Die U15 hat eine \u201elangweilige\u201c Herbstsaison hinter sich \u2013 au\u00dfer einer Niederlage gab es &nbsp;nur Siege. \ud83d\ude09 Scherz bei Seite&nbsp;\u2013&gt; Gratulation an die jungen Burschen, die&nbsp;neben h\u00e4ufiger Kritik ihres Trainers Walter Mersa durch ihre guten Leistungen&nbsp;auch \u00f6fter Lob verdient h\u00e4tten. Zum Ende der Saison lieferte unsere U15 nochmal eine spannende tolle Partie gegen die gleichaltrigen Reichenauer (Sieger der Leistungsgruppe B). Mit einem 3:3 gingen die Mannschaften vom Platz und somit steht der Fr\u00fchjahrssaison in der Meistergruppe nichts mehr im&nbsp;Weg.<\/p>\n<table style=\"width: 545px;height: 165px\" width=\"545\" border=\"1\" cellpadding=\"0\">\n<tbody>\n<tr>\n<td>&nbsp;<\/td>\n<td width=\"297\"><strong>U15 Leistungsgruppe C<\/strong><\/td>\n<td><strong>Sp.<\/strong><\/td>\n<td><strong>S<\/strong><\/td>\n<td><strong>U<\/strong><\/td>\n<td><strong>N<\/strong><\/td>\n<td><strong>Tore<\/strong><\/td>\n<td><strong>+\/-<\/strong><\/td>\n<td><strong>Pkt.<\/strong><\/td>\n<\/tr>\n<tr>\n<td><strong>1<\/strong><\/td>\n<td width=\"297\"><strong><a href=\"https:\/\/sv-oberperfuss.at\/datenservice\/portal\/verein\/aktuelles.ds?vereinsNr=6057&amp;sektionsId=485215725|665234694597930480&amp;awVerband=T_\" target=\"_blank\">SPG Oberperfuss\/Kematen\/Sellraintal A<\/a><\/strong><\/td>\n<td><strong>10<\/strong><\/td>\n<td><strong>9<\/strong><\/td>\n<td><strong>0<\/strong><\/td>\n<td><strong>1<\/strong><\/td>\n<td><strong>48:16<\/strong><\/td>\n<td><strong>32<\/strong><\/td>\n<td><strong>27<\/strong><\/td>\n<\/tr>\n<tr>\n<td><strong>2<\/strong><\/td>\n<td width=\"297\"><strong><a href=\"https:\/\/sv-oberperfuss.at\/datenservice\/portal\/verein\/aktuelles.ds?vereinsNr=6112&amp;sektionsId=485215725|665234201750432724&amp;awVerband=T_\" target=\"_blank\">L\u00e4ngenfeld<\/a><\/strong><\/td>\n<td><strong>10<\/strong><\/td>\n<td><strong>8<\/strong><\/td>\n<td><strong>0<\/strong><\/td>\n<td><strong>2<\/strong><\/td>\n<td><strong>29:17<\/strong><\/td>\n<td><strong>12<\/strong><\/td>\n<td><strong>24<\/strong><\/td>\n<\/tr>\n<tr>\n<td><strong>3<\/strong><\/td>\n<td width=\"297\"><strong><a href=\"https:\/\/sv-oberperfuss.at\/datenservice\/portal\/verein\/aktuelles.ds?vereinsNr=6033&amp;sektionsId=485215725|665234194234239947&amp;awVerband=T_\" target=\"_blank\">Landeck A<\/a><\/strong><\/td>\n<td><strong>10<\/strong><\/td>\n<td><strong>4<\/strong><\/td>\n<td><strong>2<\/strong><\/td>\n<td><strong>4<\/strong><\/td>\n<td><strong>33:22<\/strong><\/td>\n<td><strong>11<\/strong><\/td>\n<td><strong>14<\/strong><\/td>\n<\/tr>\n<tr>\n<td><strong>4<\/strong><\/td>\n<td width=\"297\"><strong><a href=\"https:\/\/sv-oberperfuss.at\/datenservice\/portal\/verein\/aktuelles.ds?vereinsNr=6020&amp;sektionsId=485215725|665233891170609835&amp;awVerband=T_\" target=\"_blank\">Imst<\/a><\/strong><\/td>\n<td><strong>10<\/strong><\/td>\n<td><strong>3<\/strong><\/td>\n<td><strong>2<\/strong><\/td>\n<td><strong>5<\/strong><\/td>\n<td><strong>15:21<\/strong><\/td>\n<td><strong>-6<\/strong><\/td>\n<td><strong>11<\/strong><\/td>\n<\/tr>\n<tr>\n<td><strong>5<\/strong><\/td>\n<td width=\"297\"><strong><a href=\"https:\/\/sv-oberperfuss.at\/datenservice\/portal\/verein\/aktuelles.ds?vereinsNr=6002&amp;sektionsId=485215725|665234221614656542&amp;awVerband=T_\" target=\"_blank\">SPG Ausserfern<\/a><\/strong><\/td>\n<td><strong>10<\/strong><\/td>\n<td><strong>1<\/strong><\/td>\n<td><strong>2<\/strong><\/td>\n<td><strong>7<\/strong><\/td>\n<td><strong>22:45<\/strong><\/td>\n<td><strong>-23<\/strong><\/td>\n<td><strong>5<\/strong><\/td>\n<\/tr>\n<tr>\n<td><strong>6<\/strong><\/td>\n<td width=\"297\"><strong><a href=\"https:\/\/sv-oberperfuss.at\/datenservice\/portal\/verein\/aktuelles.ds?vereinsNr=6056&amp;sektionsId=485215725|665236380641031404&amp;awVerband=T_\" target=\"_blank\">Zirl<\/a><\/strong><\/td>\n<td><strong>10<\/strong><\/td>\n<td><strong>1<\/strong><\/td>\n<td><strong>2<\/strong><\/td>\n<td><strong>7<\/strong><\/td>\n<td><strong>15:41<\/strong><\/td>\n<td><strong>-26<\/strong><\/td>\n<td><strong>5<\/strong><\/td>\n<\/tr>\n<\/tbody>\n<\/table>\n<p>&nbsp;<\/p>\n<p>&nbsp;<\/p>\n<p>&nbsp;<\/p>\n","protected":false},"excerpt":{"rendered":"<p>\u201eKindergarten\u201c Christian Heis und Matthias Gogg trainieren mit Hilfe von Hannes Klei\u00dfl (und Papa Christoph Hupfauf) die J\u00fcngsten unseres Vereins. Bei einer Trainingsbeteiligung von 8\u201310 Kindern im Alter von 4\u20136 Jahren machen die ersten fu\u00dfballerischen Spielz\u00fcge viel Spa\u00df. Spielerisches Anpassen an das runde Leder steht mit lustigen Aktionen im Vordergrund. Laut Trainern ist die Tendenz&nbsp;[\u2026]<\/p>\n","protected":false},"author":10,"featured_media":0,"comment_status":"open","ping_status":"closed","sticky":false,"template":"","format":"standard","meta":{"wp_typography_post_enhancements_disabled":false},"categories":[4],"tags":[],"_links":{"self":[{"href":"https:\/\/sv-oberperfuss.at\/fussball\/wp-json\/wp\/v2\/posts\/2202"}],"collection":[{"href":"https:\/\/sv-oberperfuss.at\/fussball\/wp-json\/wp\/v2\/posts"}],"about":[{"href":"https:\/\/sv-oberperfuss.at\/fussball\/wp-json\/wp\/v2\/types\/post"}],"author":[{"embeddable":true,"href":"https:\/\/sv-oberperfuss.at\/fussball\/wp-json\/wp\/v2\/users\/10"}],"replies":[{"embeddable":true,"href":"https:\/\/sv-oberperfuss.at\/fussball\/wp-json\/wp\/v2\/comments?post=2202"}],"version-history":[{"count":15,"href":"https:\/\/sv-oberperfuss.at\/fussball\/wp-json\/wp\/v2\/posts\/2202\/revisions"}],"predecessor-version":[{"id":2223,"href":"https:\/\/sv-oberperfuss.at\/fussball\/wp-json\/wp\/v2\/posts\/2202\/revisions\/2223"}],"wp:attachment":[{"href":"https:\/\/sv-oberperfuss.at\/fussball\/wp-json\/wp\/v2\/media?parent=2202"}],"wp:term":[{"taxonomy":"category","embeddable":true,"href":"https:\/\/sv-oberperfuss.at\/fussball\/wp-json\/wp\/v2\/categories?post=2202"},{"taxonomy":"post_tag","embeddable":true,"href":"https:\/\/sv-oberperfuss.at\/fussball\/wp-json\/wp\/v2\/tags?post=2202"}],"curies":[{"name":"wp","href":"https:\/\/api.w.org\/{rel}","templated":true}]}}