{"id":2031,"date":"2011-09-26T12:35:10","date_gmt":"2011-09-26T10:35:10","guid":{"rendered":"https:\/\/sv-oberperfuss.at\/fussball\/?p=2031"},"modified":"2011-09-26T12:38:38","modified_gmt":"2011-09-26T10:38:38","slug":"prachtvolles-herbstwetter-beim-oktoberfest","status":"publish","type":"post","link":"https:\/\/sv-oberperfuss.at\/fussball\/prachtvolles-herbstwetter-beim-oktoberfest\/","title":{"rendered":"Prachtvolles Herbstwetter beim Oktoberfest!"},"content":{"rendered":"<h1>&nbsp;SV Krone Oberperfuss : IAC&nbsp;&nbsp;&nbsp; 2:5<\/h1>\n<p>&nbsp;<\/p>\n<p>Der<strong> IAC<\/strong> reiste nach den Ergebnissen der letzten Wochen als Au\u00dfenseiter nach <strong>Oberperfuss<\/strong>, konnte dort mit einem 2:5 Ausw\u00e4rtssieg allerdings den Abw\u00e4rtstrend beenden.<!--more--><\/p>\n<p>Das Spiel begann mit<strong> viel Tempo und Torchancen<\/strong> von Anfang an. Schon in der dritten Minute fiel der&nbsp;<strong>erste Treffer f\u00fcr den Gastgeber<\/strong>. Nach einem Standard stand&nbsp; <a href=\"http:\/\/tirol.fanreport.at\/index.php?option=com_joomleague&amp;func=showPlayer&amp;p=3&amp;pid=556\" target=\"blank\">Clemens Mair<\/a> goldrichtig und netzte ein. Im Anschluss kamen die G\u00e4ste aber erst in Fahrt. Wenige Minuten drauf kam auch schon die Antwort. Nach einem <strong>sch\u00f6nen Lochpass<\/strong> schob&nbsp; <a href=\"http:\/\/tirol.fanreport.at\/index.php?option=com_joomleague&amp;func=showPlayer&amp;p=10&amp;pid=337\" target=\"blank\">Benjamin K\u00f6stlinger<\/a> den Ball am Torh\u00fcter vorbei in die Maschen. Und einige Minuten drauf setzten die Innsbrucker auch noch einen drauf \u2014 <strong>Verteidiger <a href=\"http:\/\/tirol.fanreport.at\/index.php?option=com_joomleague&amp;func=showPlayer&amp;p=3&amp;pid=1082\" target=\"blank\">Michael Unterpertinger<\/a> <\/strong>schloss nach einem Eckstoss zum<strong> 1:2 F\u00fchrungstreffer<\/strong> ab. Das war ein Schock f\u00fcr den Gastgeber, innerhalb von 10 Minuten kassierte man zwei Treffer und lag trotz guten Starts zur\u00fcck. Nach der hitzigen Anfangsphase beruhigte sich das Spiel ein wenig und der<strong> IAC<\/strong> erk\u00e4mpfte sich<strong> spielerische Vorteile<\/strong>. Bis zur Halbzeitpause blieb es aber beim 1:2<\/p>\n<p>Nach der Pause kamen die Gastgeber besser ins Spiel. Der IAC verschlief den Anfang und kassierte daher auch verdient den<strong> 2:2 Ausgleichstreffer <\/strong>durch&nbsp; <a href=\"http:\/\/tirol.fanreport.at\/index.php?option=com_joomleague&amp;func=showPlayer&amp;p=3&amp;pid=561\" target=\"blank\">Christian Spiegl<\/a> . Nach dem Ausgleich wurde die Partie nochmal spannend. Der SV Oberperfuss hatte Blut gerochen und wollte das Spiel wieder zu seinen Gunsten drehen. Doch sie hatten die Rechnung ohne&nbsp; <a href=\"http:\/\/tirol.fanreport.at\/index.php?option=com_joomleague&amp;func=showPlayer&amp;p=3&amp;pid=325\" target=\"blank\">Stefan Eller<\/a> gemacht. Der<strong> IAC Verteidiger<\/strong> legte sich den Ball f\u00fcr einen&nbsp;<strong>Freisto\u00df aus 35 Metern<\/strong> zurecht, zog ab und der Strich landete im Tor \u2014 2:3 f\u00fcr den IAC. nach dem erneuten F\u00fchrungstreffer der Innsbrucker brach der Gastgeber ein und die zwei Tore durch <a href=\"http:\/\/tirol.fanreport.at\/index.php?option=com_joomleague&amp;func=showPlayer&amp;p=3&amp;pid=328\" target=\"blank\">Christian Goldschald<\/a> &nbsp;in der Endphase waren nur noch <strong>Ergebniskosmetik.<\/strong><\/p>\n<p><em><strong>Fazit:<\/strong><\/em> Der IAC feierte nach den durchwachsenen letzten Wochen ein verdientes Erfolgserlebnis.<\/p>\n<pre>( Bericht: www.tirol.fanreport.at)<\/pre>\n<h1>SV Oberperfuss 1b : Sautens 2:1<\/h1>\n\n\t\t<style type=\"text\/css\">\n\t\t\t#gallery-1 {\n\t\t\t\tmargin: auto;\n\t\t\t}\n\t\t\t#gallery-1 .gallery-item {\n\t\t\t\tfloat: left;\n\t\t\t\tmargin-top: 10px;\n\t\t\t\ttext-align: center;\n\t\t\t\twidth: 20%;\n\t\t\t}\n\t\t\t#gallery-1 img {\n\t\t\t\tborder: 2px solid #cfcfcf;\n\t\t\t}\n\t\t\t#gallery-1 .gallery-caption {\n\t\t\t\tmargin-left: 0;\n\t\t\t}\n\t\t\t\/* see gallery_shortcode() in wp-includes\/media.php *\/\n\t\t<\/style>\n\t\t<div id=\"gallery-1\" class=\"gallery galleryid-2031 gallery-columns-5 gallery-size-thumbnail\"><dl class=\"gallery-item\">\n\t\t\t<dt class=\"gallery-icon landscape\">\n\t\t\t\t<a href=\"https:\/\/sv-oberperfuss.at\/fussball\/files\/2011\/09\/SVO20110925_226.jpg\"><img width=\"150\" height=\"150\" src=\"https:\/\/sv-oberperfuss.at\/fussball\/files\/2011\/09\/SVO20110925_226-150x150.jpg\" class=\"attachment-thumbnail size-thumbnail\" alt loading=\"lazy\"><\/a>\n\t\t\t<\/dt><\/dl><dl class=\"gallery-item\">\n\t\t\t<dt class=\"gallery-icon landscape\">\n\t\t\t\t<a href=\"https:\/\/sv-oberperfuss.at\/fussball\/files\/2011\/09\/SVO20110925_225.jpg\"><img width=\"150\" height=\"150\" src=\"https:\/\/sv-oberperfuss.at\/fussball\/files\/2011\/09\/SVO20110925_225-150x150.jpg\" class=\"attachment-thumbnail size-thumbnail\" alt loading=\"lazy\"><\/a>\n\t\t\t<\/dt><\/dl><dl class=\"gallery-item\">\n\t\t\t<dt class=\"gallery-icon landscape\">\n\t\t\t\t<a href=\"https:\/\/sv-oberperfuss.at\/fussball\/files\/2011\/09\/SVO20110925_215.jpg\"><img width=\"150\" height=\"150\" src=\"https:\/\/sv-oberperfuss.at\/fussball\/files\/2011\/09\/SVO20110925_215-150x150.jpg\" class=\"attachment-thumbnail size-thumbnail\" alt loading=\"lazy\"><\/a>\n\t\t\t<\/dt><\/dl><dl class=\"gallery-item\">\n\t\t\t<dt class=\"gallery-icon landscape\">\n\t\t\t\t<a href=\"https:\/\/sv-oberperfuss.at\/fussball\/files\/2011\/09\/SVO20110925_221.jpg\"><img width=\"150\" height=\"150\" src=\"https:\/\/sv-oberperfuss.at\/fussball\/files\/2011\/09\/SVO20110925_221-150x150.jpg\" class=\"attachment-thumbnail size-thumbnail\" alt loading=\"lazy\"><\/a>\n\t\t\t<\/dt><\/dl><dl class=\"gallery-item\">\n\t\t\t<dt class=\"gallery-icon landscape\">\n\t\t\t\t<a href=\"https:\/\/sv-oberperfuss.at\/fussball\/files\/2011\/09\/SVO20110925_213.jpg\"><img width=\"150\" height=\"150\" src=\"https:\/\/sv-oberperfuss.at\/fussball\/files\/2011\/09\/SVO20110925_213-150x150.jpg\" class=\"attachment-thumbnail size-thumbnail\" alt loading=\"lazy\"><\/a>\n\t\t\t<\/dt><\/dl><br style=\"clear: both\"><dl class=\"gallery-item\">\n\t\t\t<dt class=\"gallery-icon landscape\">\n\t\t\t\t<a href=\"https:\/\/sv-oberperfuss.at\/fussball\/files\/2011\/09\/SVO20110925_163.jpg\"><img width=\"150\" height=\"150\" src=\"https:\/\/sv-oberperfuss.at\/fussball\/files\/2011\/09\/SVO20110925_163-150x150.jpg\" class=\"attachment-thumbnail size-thumbnail\" alt loading=\"lazy\"><\/a>\n\t\t\t<\/dt><\/dl><dl class=\"gallery-item\">\n\t\t\t<dt class=\"gallery-icon landscape\">\n\t\t\t\t<a href=\"https:\/\/sv-oberperfuss.at\/fussball\/files\/2011\/09\/SVO20110925_151.jpg\"><img width=\"150\" height=\"150\" src=\"https:\/\/sv-oberperfuss.at\/fussball\/files\/2011\/09\/SVO20110925_151-150x150.jpg\" class=\"attachment-thumbnail size-thumbnail\" alt loading=\"lazy\"><\/a>\n\t\t\t<\/dt><\/dl><dl class=\"gallery-item\">\n\t\t\t<dt class=\"gallery-icon landscape\">\n\t\t\t\t<a href=\"https:\/\/sv-oberperfuss.at\/fussball\/files\/2011\/09\/SVO20110925_153.jpg\"><img width=\"150\" height=\"150\" src=\"https:\/\/sv-oberperfuss.at\/fussball\/files\/2011\/09\/SVO20110925_153-150x150.jpg\" class=\"attachment-thumbnail size-thumbnail\" alt loading=\"lazy\"><\/a>\n\t\t\t<\/dt><\/dl><dl class=\"gallery-item\">\n\t\t\t<dt class=\"gallery-icon landscape\">\n\t\t\t\t<a href=\"https:\/\/sv-oberperfuss.at\/fussball\/files\/2011\/09\/SVO20110925_116.jpg\"><img width=\"150\" height=\"150\" src=\"https:\/\/sv-oberperfuss.at\/fussball\/files\/2011\/09\/SVO20110925_116-150x150.jpg\" class=\"attachment-thumbnail size-thumbnail\" alt loading=\"lazy\"><\/a>\n\t\t\t<\/dt><\/dl><dl class=\"gallery-item\">\n\t\t\t<dt class=\"gallery-icon landscape\">\n\t\t\t\t<a href=\"https:\/\/sv-oberperfuss.at\/fussball\/files\/2011\/09\/SVO20110925_82.jpg\"><img width=\"150\" height=\"150\" src=\"https:\/\/sv-oberperfuss.at\/fussball\/files\/2011\/09\/SVO20110925_82-150x150.jpg\" class=\"attachment-thumbnail size-thumbnail\" alt loading=\"lazy\"><\/a>\n\t\t\t<\/dt><\/dl><br style=\"clear: both\"><dl class=\"gallery-item\">\n\t\t\t<dt class=\"gallery-icon landscape\">\n\t\t\t\t<a href=\"https:\/\/sv-oberperfuss.at\/fussball\/files\/2011\/09\/SVO20110925_79.jpg\"><img width=\"150\" height=\"150\" src=\"https:\/\/sv-oberperfuss.at\/fussball\/files\/2011\/09\/SVO20110925_79-150x150.jpg\" class=\"attachment-thumbnail size-thumbnail\" alt loading=\"lazy\"><\/a>\n\t\t\t<\/dt><\/dl><dl class=\"gallery-item\">\n\t\t\t<dt class=\"gallery-icon landscape\">\n\t\t\t\t<a href=\"https:\/\/sv-oberperfuss.at\/fussball\/files\/2011\/09\/SVO20110925_59.jpg\"><img width=\"150\" height=\"150\" src=\"https:\/\/sv-oberperfuss.at\/fussball\/files\/2011\/09\/SVO20110925_59-150x150.jpg\" class=\"attachment-thumbnail size-thumbnail\" alt loading=\"lazy\"><\/a>\n\t\t\t<\/dt><\/dl><dl class=\"gallery-item\">\n\t\t\t<dt class=\"gallery-icon landscape\">\n\t\t\t\t<a href=\"https:\/\/sv-oberperfuss.at\/fussball\/files\/2011\/09\/SVO20110925_80.jpg\"><img width=\"150\" height=\"150\" src=\"https:\/\/sv-oberperfuss.at\/fussball\/files\/2011\/09\/SVO20110925_80-150x150.jpg\" class=\"attachment-thumbnail size-thumbnail\" alt loading=\"lazy\"><\/a>\n\t\t\t<\/dt><\/dl><dl class=\"gallery-item\">\n\t\t\t<dt class=\"gallery-icon landscape\">\n\t\t\t\t<a href=\"https:\/\/sv-oberperfuss.at\/fussball\/files\/2011\/09\/SVO20110925_51.jpg\"><img width=\"150\" height=\"150\" src=\"https:\/\/sv-oberperfuss.at\/fussball\/files\/2011\/09\/SVO20110925_51-150x150.jpg\" class=\"attachment-thumbnail size-thumbnail\" alt loading=\"lazy\"><\/a>\n\t\t\t<\/dt><\/dl><dl class=\"gallery-item\">\n\t\t\t<dt class=\"gallery-icon landscape\">\n\t\t\t\t<a href=\"https:\/\/sv-oberperfuss.at\/fussball\/files\/2011\/09\/SVO20110925_36.jpg\"><img width=\"150\" height=\"150\" src=\"https:\/\/sv-oberperfuss.at\/fussball\/files\/2011\/09\/SVO20110925_36-150x150.jpg\" class=\"attachment-thumbnail size-thumbnail\" alt loading=\"lazy\"><\/a>\n\t\t\t<\/dt><\/dl><br style=\"clear: both\"><dl class=\"gallery-item\">\n\t\t\t<dt class=\"gallery-icon landscape\">\n\t\t\t\t<a href=\"https:\/\/sv-oberperfuss.at\/fussball\/files\/2011\/09\/SVO20110925_73.jpg\"><img width=\"150\" height=\"150\" src=\"https:\/\/sv-oberperfuss.at\/fussball\/files\/2011\/09\/SVO20110925_73-150x150.jpg\" class=\"attachment-thumbnail size-thumbnail\" alt loading=\"lazy\"><\/a>\n\t\t\t<\/dt><\/dl><dl class=\"gallery-item\">\n\t\t\t<dt class=\"gallery-icon landscape\">\n\t\t\t\t<a href=\"https:\/\/sv-oberperfuss.at\/fussball\/files\/2011\/09\/SVO20110925_26.jpg\"><img width=\"150\" height=\"150\" src=\"https:\/\/sv-oberperfuss.at\/fussball\/files\/2011\/09\/SVO20110925_26-150x150.jpg\" class=\"attachment-thumbnail size-thumbnail\" alt loading=\"lazy\"><\/a>\n\t\t\t<\/dt><\/dl><dl class=\"gallery-item\">\n\t\t\t<dt class=\"gallery-icon landscape\">\n\t\t\t\t<a href=\"https:\/\/sv-oberperfuss.at\/fussball\/files\/2011\/09\/SVO20110925_18.jpg\"><img width=\"150\" height=\"150\" src=\"https:\/\/sv-oberperfuss.at\/fussball\/files\/2011\/09\/SVO20110925_18-150x150.jpg\" class=\"attachment-thumbnail size-thumbnail\" alt loading=\"lazy\"><\/a>\n\t\t\t<\/dt><\/dl><dl class=\"gallery-item\">\n\t\t\t<dt class=\"gallery-icon landscape\">\n\t\t\t\t<a href=\"https:\/\/sv-oberperfuss.at\/fussball\/files\/2011\/09\/SVO20110925_34.jpg\"><img width=\"150\" height=\"150\" src=\"https:\/\/sv-oberperfuss.at\/fussball\/files\/2011\/09\/SVO20110925_34-150x150.jpg\" class=\"attachment-thumbnail size-thumbnail\" alt loading=\"lazy\"><\/a>\n\t\t\t<\/dt><\/dl><dl class=\"gallery-item\">\n\t\t\t<dt class=\"gallery-icon landscape\">\n\t\t\t\t<a href=\"https:\/\/sv-oberperfuss.at\/fussball\/files\/2011\/09\/SVO20110925_03.jpg\"><img width=\"150\" height=\"150\" src=\"https:\/\/sv-oberperfuss.at\/fussball\/files\/2011\/09\/SVO20110925_03-150x150.jpg\" class=\"attachment-thumbnail size-thumbnail\" alt loading=\"lazy\"><\/a>\n\t\t\t<\/dt><\/dl><br style=\"clear: both\"><dl class=\"gallery-item\">\n\t\t\t<dt class=\"gallery-icon landscape\">\n\t\t\t\t<a href=\"https:\/\/sv-oberperfuss.at\/fussball\/files\/2011\/09\/SVO20110925_144.jpg\"><img width=\"150\" height=\"150\" src=\"https:\/\/sv-oberperfuss.at\/fussball\/files\/2011\/09\/SVO20110925_144-150x150.jpg\" class=\"attachment-thumbnail size-thumbnail\" alt loading=\"lazy\"><\/a>\n\t\t\t<\/dt><\/dl><dl class=\"gallery-item\">\n\t\t\t<dt class=\"gallery-icon landscape\">\n\t\t\t\t<a href=\"https:\/\/sv-oberperfuss.at\/fussball\/files\/2011\/09\/SVO20110925_17.jpg\"><img width=\"150\" height=\"150\" src=\"https:\/\/sv-oberperfuss.at\/fussball\/files\/2011\/09\/SVO20110925_17-150x150.jpg\" class=\"attachment-thumbnail size-thumbnail\" alt loading=\"lazy\"><\/a>\n\t\t\t<\/dt><\/dl><dl class=\"gallery-item\">\n\t\t\t<dt class=\"gallery-icon portrait\">\n\t\t\t\t<a href=\"https:\/\/sv-oberperfuss.at\/fussball\/files\/2011\/09\/SVO20110925_141.jpg\"><img width=\"150\" height=\"150\" src=\"https:\/\/sv-oberperfuss.at\/fussball\/files\/2011\/09\/SVO20110925_141-150x150.jpg\" class=\"attachment-thumbnail size-thumbnail\" alt loading=\"lazy\"><\/a>\n\t\t\t<\/dt><\/dl><dl class=\"gallery-item\">\n\t\t\t<dt class=\"gallery-icon portrait\">\n\t\t\t\t<a href=\"https:\/\/sv-oberperfuss.at\/fussball\/files\/2011\/09\/SVO20110925_137.jpg\"><img width=\"150\" height=\"150\" src=\"https:\/\/sv-oberperfuss.at\/fussball\/files\/2011\/09\/SVO20110925_137-150x150.jpg\" class=\"attachment-thumbnail size-thumbnail\" alt loading=\"lazy\"><\/a>\n\t\t\t<\/dt><\/dl><dl class=\"gallery-item\">\n\t\t\t<dt class=\"gallery-icon portrait\">\n\t\t\t\t<a href=\"https:\/\/sv-oberperfuss.at\/fussball\/files\/2011\/09\/SVO20110925_135.jpg\"><img width=\"150\" height=\"150\" src=\"https:\/\/sv-oberperfuss.at\/fussball\/files\/2011\/09\/SVO20110925_135-150x150.jpg\" class=\"attachment-thumbnail size-thumbnail\" alt loading=\"lazy\"><\/a>\n\t\t\t<\/dt><\/dl><br style=\"clear: both\"><dl class=\"gallery-item\">\n\t\t\t<dt class=\"gallery-icon portrait\">\n\t\t\t\t<a href=\"https:\/\/sv-oberperfuss.at\/fussball\/files\/2011\/09\/SVO20110925_132.jpg\"><img width=\"150\" height=\"150\" src=\"https:\/\/sv-oberperfuss.at\/fussball\/files\/2011\/09\/SVO20110925_132-150x150.jpg\" class=\"attachment-thumbnail size-thumbnail\" alt loading=\"lazy\"><\/a>\n\t\t\t<\/dt><\/dl><dl class=\"gallery-item\">\n\t\t\t<dt class=\"gallery-icon portrait\">\n\t\t\t\t<a href=\"https:\/\/sv-oberperfuss.at\/fussball\/files\/2011\/09\/SVO20110925_140.jpg\"><img width=\"150\" height=\"150\" src=\"https:\/\/sv-oberperfuss.at\/fussball\/files\/2011\/09\/SVO20110925_140-150x150.jpg\" class=\"attachment-thumbnail size-thumbnail\" alt loading=\"lazy\"><\/a>\n\t\t\t<\/dt><\/dl><dl class=\"gallery-item\">\n\t\t\t<dt class=\"gallery-icon portrait\">\n\t\t\t\t<a href=\"https:\/\/sv-oberperfuss.at\/fussball\/files\/2011\/09\/SVO20110925_335.jpg\"><img width=\"150\" height=\"150\" src=\"https:\/\/sv-oberperfuss.at\/fussball\/files\/2011\/09\/SVO20110925_335-150x150.jpg\" class=\"attachment-thumbnail size-thumbnail\" alt loading=\"lazy\"><\/a>\n\t\t\t<\/dt><\/dl><dl class=\"gallery-item\">\n\t\t\t<dt class=\"gallery-icon landscape\">\n\t\t\t\t<a href=\"https:\/\/sv-oberperfuss.at\/fussball\/files\/2011\/09\/SVO20110925_294.jpg\"><img width=\"150\" height=\"150\" src=\"https:\/\/sv-oberperfuss.at\/fussball\/files\/2011\/09\/SVO20110925_294-150x150.jpg\" class=\"attachment-thumbnail size-thumbnail\" alt loading=\"lazy\"><\/a>\n\t\t\t<\/dt><\/dl><dl class=\"gallery-item\">\n\t\t\t<dt class=\"gallery-icon landscape\">\n\t\t\t\t<a href=\"https:\/\/sv-oberperfuss.at\/fussball\/files\/2011\/09\/SVO20110925_287.jpg\"><img width=\"150\" height=\"150\" src=\"https:\/\/sv-oberperfuss.at\/fussball\/files\/2011\/09\/SVO20110925_287-150x150.jpg\" class=\"attachment-thumbnail size-thumbnail\" alt loading=\"lazy\"><\/a>\n\t\t\t<\/dt><\/dl><br style=\"clear: both\"><dl class=\"gallery-item\">\n\t\t\t<dt class=\"gallery-icon landscape\">\n\t\t\t\t<a href=\"https:\/\/sv-oberperfuss.at\/fussball\/files\/2011\/09\/SVO20110925_283.jpg\"><img width=\"150\" height=\"150\" src=\"https:\/\/sv-oberperfuss.at\/fussball\/files\/2011\/09\/SVO20110925_283-150x150.jpg\" class=\"attachment-thumbnail size-thumbnail\" alt loading=\"lazy\"><\/a>\n\t\t\t<\/dt><\/dl><dl class=\"gallery-item\">\n\t\t\t<dt class=\"gallery-icon landscape\">\n\t\t\t\t<a href=\"https:\/\/sv-oberperfuss.at\/fussball\/files\/2011\/09\/SVO20110925_272.jpg\"><img width=\"150\" height=\"150\" src=\"https:\/\/sv-oberperfuss.at\/fussball\/files\/2011\/09\/SVO20110925_272-150x150.jpg\" class=\"attachment-thumbnail size-thumbnail\" alt loading=\"lazy\"><\/a>\n\t\t\t<\/dt><\/dl><dl class=\"gallery-item\">\n\t\t\t<dt class=\"gallery-icon landscape\">\n\t\t\t\t<a href=\"https:\/\/sv-oberperfuss.at\/fussball\/files\/2011\/09\/SVO20110925_278.jpg\"><img width=\"150\" height=\"150\" src=\"https:\/\/sv-oberperfuss.at\/fussball\/files\/2011\/09\/SVO20110925_278-150x150.jpg\" class=\"attachment-thumbnail size-thumbnail\" alt loading=\"lazy\"><\/a>\n\t\t\t<\/dt><\/dl><dl class=\"gallery-item\">\n\t\t\t<dt class=\"gallery-icon landscape\">\n\t\t\t\t<a href=\"https:\/\/sv-oberperfuss.at\/fussball\/files\/2011\/09\/SVO20110925_275.jpg\"><img width=\"150\" height=\"150\" src=\"https:\/\/sv-oberperfuss.at\/fussball\/files\/2011\/09\/SVO20110925_275-150x150.jpg\" class=\"attachment-thumbnail size-thumbnail\" alt loading=\"lazy\"><\/a>\n\t\t\t<\/dt><\/dl><dl class=\"gallery-item\">\n\t\t\t<dt class=\"gallery-icon landscape\">\n\t\t\t\t<a href=\"https:\/\/sv-oberperfuss.at\/fussball\/files\/2011\/09\/SVO20110925_270.jpg\"><img width=\"150\" height=\"150\" src=\"https:\/\/sv-oberperfuss.at\/fussball\/files\/2011\/09\/SVO20110925_270-150x150.jpg\" class=\"attachment-thumbnail size-thumbnail\" alt loading=\"lazy\"><\/a>\n\t\t\t<\/dt><\/dl><br style=\"clear: both\"><dl class=\"gallery-item\">\n\t\t\t<dt class=\"gallery-icon landscape\">\n\t\t\t\t<a href=\"https:\/\/sv-oberperfuss.at\/fussball\/files\/2011\/09\/SVO20110925_252.jpg\"><img width=\"150\" height=\"150\" src=\"https:\/\/sv-oberperfuss.at\/fussball\/files\/2011\/09\/SVO20110925_252-150x150.jpg\" class=\"attachment-thumbnail size-thumbnail\" alt loading=\"lazy\"><\/a>\n\t\t\t<\/dt><\/dl><dl class=\"gallery-item\">\n\t\t\t<dt class=\"gallery-icon landscape\">\n\t\t\t\t<a href=\"https:\/\/sv-oberperfuss.at\/fussball\/files\/2011\/09\/SVO20110925_246.jpg\"><img width=\"150\" height=\"150\" src=\"https:\/\/sv-oberperfuss.at\/fussball\/files\/2011\/09\/SVO20110925_246-150x150.jpg\" class=\"attachment-thumbnail size-thumbnail\" alt loading=\"lazy\"><\/a>\n\t\t\t<\/dt><\/dl><dl class=\"gallery-item\">\n\t\t\t<dt class=\"gallery-icon landscape\">\n\t\t\t\t<a href=\"https:\/\/sv-oberperfuss.at\/fussball\/files\/2011\/09\/SVO20110925_242.jpg\"><img width=\"150\" height=\"150\" src=\"https:\/\/sv-oberperfuss.at\/fussball\/files\/2011\/09\/SVO20110925_242-150x150.jpg\" class=\"attachment-thumbnail size-thumbnail\" alt loading=\"lazy\"><\/a>\n\t\t\t<\/dt><\/dl><dl class=\"gallery-item\">\n\t\t\t<dt class=\"gallery-icon landscape\">\n\t\t\t\t<a href=\"https:\/\/sv-oberperfuss.at\/fussball\/files\/2011\/09\/SVO20110925_243.jpg\"><img width=\"150\" height=\"150\" src=\"https:\/\/sv-oberperfuss.at\/fussball\/files\/2011\/09\/SVO20110925_243-150x150.jpg\" class=\"attachment-thumbnail size-thumbnail\" alt loading=\"lazy\"><\/a>\n\t\t\t<\/dt><\/dl><dl class=\"gallery-item\">\n\t\t\t<dt class=\"gallery-icon landscape\">\n\t\t\t\t<a href=\"https:\/\/sv-oberperfuss.at\/fussball\/files\/2011\/09\/SVO20110925_312.jpg\"><img width=\"150\" height=\"150\" src=\"https:\/\/sv-oberperfuss.at\/fussball\/files\/2011\/09\/SVO20110925_312-150x150.jpg\" class=\"attachment-thumbnail size-thumbnail\" alt loading=\"lazy\"><\/a>\n\t\t\t<\/dt><\/dl><br style=\"clear: both\"><dl class=\"gallery-item\">\n\t\t\t<dt class=\"gallery-icon landscape\">\n\t\t\t\t<a href=\"https:\/\/sv-oberperfuss.at\/fussball\/files\/2011\/09\/SVO20110925_328.jpg\"><img width=\"150\" height=\"150\" src=\"https:\/\/sv-oberperfuss.at\/fussball\/files\/2011\/09\/SVO20110925_328-150x150.jpg\" class=\"attachment-thumbnail size-thumbnail\" alt loading=\"lazy\"><\/a>\n\t\t\t<\/dt><\/dl><dl class=\"gallery-item\">\n\t\t\t<dt class=\"gallery-icon landscape\">\n\t\t\t\t<a href=\"https:\/\/sv-oberperfuss.at\/fussball\/files\/2011\/09\/SVO20110925_301.jpg\"><img width=\"150\" height=\"150\" src=\"https:\/\/sv-oberperfuss.at\/fussball\/files\/2011\/09\/SVO20110925_301-150x150.jpg\" class=\"attachment-thumbnail size-thumbnail\" alt loading=\"lazy\"><\/a>\n\t\t\t<\/dt><\/dl><dl class=\"gallery-item\">\n\t\t\t<dt class=\"gallery-icon landscape\">\n\t\t\t\t<a href=\"https:\/\/sv-oberperfuss.at\/fussball\/files\/2011\/09\/SVO20110925_302.jpg\"><img width=\"150\" height=\"150\" src=\"https:\/\/sv-oberperfuss.at\/fussball\/files\/2011\/09\/SVO20110925_302-150x150.jpg\" class=\"attachment-thumbnail size-thumbnail\" alt loading=\"lazy\"><\/a>\n\t\t\t<\/dt><\/dl><dl class=\"gallery-item\">\n\t\t\t<dt class=\"gallery-icon landscape\">\n\t\t\t\t<a href=\"https:\/\/sv-oberperfuss.at\/fussball\/files\/2011\/09\/SVO20110925_282.jpg\"><img width=\"150\" height=\"150\" src=\"https:\/\/sv-oberperfuss.at\/fussball\/files\/2011\/09\/SVO20110925_282-150x150.jpg\" class=\"attachment-thumbnail size-thumbnail\" alt loading=\"lazy\"><\/a>\n\t\t\t<\/dt><\/dl>\n\t\t\t<br style=\"clear: both\">\n\t\t<\/div>\n\n","protected":false},"excerpt":{"rendered":"<p>&nbsp;SV Krone Oberperfuss : IAC&nbsp;&nbsp;&nbsp; 2:5 &nbsp; Der IAC reiste nach den Ergebnissen der letzten Wochen als Au\u00dfenseiter nach Oberperfuss, konnte dort mit einem 2:5 Ausw\u00e4rtssieg allerdings den Abw\u00e4rtstrend beenden.<\/p>\n","protected":false},"author":8,"featured_media":0,"comment_status":"open","ping_status":"closed","sticky":false,"template":"","format":"standard","meta":{"wp_typography_post_enhancements_disabled":false},"categories":[4],"tags":[],"_links":{"self":[{"href":"https:\/\/sv-oberperfuss.at\/fussball\/wp-json\/wp\/v2\/posts\/2031"}],"collection":[{"href":"https:\/\/sv-oberperfuss.at\/fussball\/wp-json\/wp\/v2\/posts"}],"about":[{"href":"https:\/\/sv-oberperfuss.at\/fussball\/wp-json\/wp\/v2\/types\/post"}],"author":[{"embeddable":true,"href":"https:\/\/sv-oberperfuss.at\/fussball\/wp-json\/wp\/v2\/users\/8"}],"replies":[{"embeddable":true,"href":"https:\/\/sv-oberperfuss.at\/fussball\/wp-json\/wp\/v2\/comments?post=2031"}],"version-history":[{"count":8,"href":"https:\/\/sv-oberperfuss.at\/fussball\/wp-json\/wp\/v2\/posts\/2031\/revisions"}],"predecessor-version":[{"id":2084,"href":"https:\/\/sv-oberperfuss.at\/fussball\/wp-json\/wp\/v2\/posts\/2031\/revisions\/2084"}],"wp:attachment":[{"href":"https:\/\/sv-oberperfuss.at\/fussball\/wp-json\/wp\/v2\/media?parent=2031"}],"wp:term":[{"taxonomy":"category","embeddable":true,"href":"https:\/\/sv-oberperfuss.at\/fussball\/wp-json\/wp\/v2\/categories?post=2031"},{"taxonomy":"post_tag","embeddable":true,"href":"https:\/\/sv-oberperfuss.at\/fussball\/wp-json\/wp\/v2\/tags?post=2031"}],"curies":[{"name":"wp","href":"https:\/\/api.w.org\/{rel}","templated":true}]}}