{"id":1488,"date":"2011-05-26T09:59:09","date_gmt":"2011-05-26T07:59:09","guid":{"rendered":"https:\/\/sv-oberperfuss.at\/fussball\/?p=1488"},"modified":"2011-05-26T09:59:09","modified_gmt":"2011-05-26T07:59:09","slug":"am-29-mai-matinee-am-oberperfer-fusballplatz","status":"publish","type":"post","link":"https:\/\/sv-oberperfuss.at\/fussball\/am-29-mai-matinee-am-oberperfer-fusballplatz\/","title":{"rendered":"Am 29. Mai Matinee am Oberperfer Fu\u00dfballplatz"},"content":{"rendered":"<p>&nbsp;<\/p>\n<p><strong><em>Schie\u00dft Oberperfuss seinen Lieblingsfeind in die Tiroler Liga?<\/em><\/strong><\/p>\n<p><!--more--><\/p>\n<p>&nbsp;<\/p>\n<p>Am Sonntag, <strong>den 29. Mai um 11.00 Uhr<\/strong> findet am Oberperfer Fu\u00dfballplatz das Schlagerspiel SV Krone Oberperfuss gegen den SV Cyta V\u00f6ls&nbsp;statt.<\/p>\n<p>Nach dem 5:3\u2011Erfolg in Volders wollen die Oberperfer zu Hause nat\u00fcrlich weiter punkten.<\/p>\n<p>F\u00fcr das leibliche Wohl der Zuschauer ist beim Fr\u00fchschoppen mit Bier und Grillhendl bestens gesorgt.<\/p>\n<p>Die Ger\u00fcchtek\u00fcche prodelt und man spricht davon, dass der SV B\u00e4cker Ruetz Kematen bei 3 Punkten der Heimischen Elf die Siegesfeier sponsert.<\/p>\n<p>Dem Abstiegsgespenst \u201cLebe Wohl\u201d sagen will die <strong>zweite Kampfmannschaft<\/strong> im Anschluss dieses Derbies um <strong>13.30 Uhr<\/strong> gegen die SPG S\u00f6lden und hofft auf&nbsp; zahlreiche Unterst\u00fctzung der&nbsp;Fans.<\/p>\n<p>Gleich danach trifft sich noch der Nachwuchs zum lokalen Derby. Die <strong>U11<\/strong> spielt um <strong>15.45 Uhr<\/strong> gegen die SPG Sellraintal\/Kematen\/Oberperfuss.<\/p>\n<p>&nbsp;<\/p>\n","protected":false},"excerpt":{"rendered":"<p>&nbsp; Schie\u00dft Oberperfuss seinen Lieblingsfeind in die Tiroler Liga?<\/p>\n","protected":false},"author":8,"featured_media":0,"comment_status":"open","ping_status":"closed","sticky":false,"template":"","format":"standard","meta":{"wp_typography_post_enhancements_disabled":false},"categories":[4],"tags":[],"_links":{"self":[{"href":"https:\/\/sv-oberperfuss.at\/fussball\/wp-json\/wp\/v2\/posts\/1488"}],"collection":[{"href":"https:\/\/sv-oberperfuss.at\/fussball\/wp-json\/wp\/v2\/posts"}],"about":[{"href":"https:\/\/sv-oberperfuss.at\/fussball\/wp-json\/wp\/v2\/types\/post"}],"author":[{"embeddable":true,"href":"https:\/\/sv-oberperfuss.at\/fussball\/wp-json\/wp\/v2\/users\/8"}],"replies":[{"embeddable":true,"href":"https:\/\/sv-oberperfuss.at\/fussball\/wp-json\/wp\/v2\/comments?post=1488"}],"version-history":[{"count":7,"href":"https:\/\/sv-oberperfuss.at\/fussball\/wp-json\/wp\/v2\/posts\/1488\/revisions"}],"predecessor-version":[{"id":1495,"href":"https:\/\/sv-oberperfuss.at\/fussball\/wp-json\/wp\/v2\/posts\/1488\/revisions\/1495"}],"wp:attachment":[{"href":"https:\/\/sv-oberperfuss.at\/fussball\/wp-json\/wp\/v2\/media?parent=1488"}],"wp:term":[{"taxonomy":"category","embeddable":true,"href":"https:\/\/sv-oberperfuss.at\/fussball\/wp-json\/wp\/v2\/categories?post=1488"},{"taxonomy":"post_tag","embeddable":true,"href":"https:\/\/sv-oberperfuss.at\/fussball\/wp-json\/wp\/v2\/tags?post=1488"}],"curies":[{"name":"wp","href":"https:\/\/api.w.org\/{rel}","templated":true}]}}